{"id":13765,"date":"2022-09-12T20:56:17","date_gmt":"2022-09-12T17:56:17","guid":{"rendered":"https:\/\/kurcaloglu.com\/?p=13765"},"modified":"2022-10-19T20:52:14","modified_gmt":"2022-10-19T17:52:14","slug":"tatil-gunu-calisma-ucretleri","status":"publish","type":"post","link":"https:\/\/kurcaloglu.com\/en\/tatil-gunu-calisma-ucretleri\/","title":{"rendered":"Yarg\u0131tay 9. HD., E.2016\/20521, K.2020\/6790;"},"content":{"rendered":"<div data-elementor-type=\"wp-post\" data-elementor-id=\"13765\" class=\"elementor elementor-13765\">\n\t\t\t\t\t\t<section class=\"elementor-section elementor-top-section elementor-element elementor-element-c5acb13 elementor-section-boxed elementor-section-height-default elementor-section-height-default\" data-id=\"c5acb13\" data-element_type=\"section\">\n\t\t\t\t\t\t<div class=\"elementor-container elementor-column-gap-default\">\n\t\t\t\t\t<div class=\"elementor-column elementor-col-100 elementor-top-column elementor-element elementor-element-15a75cf\" data-id=\"15a75cf\" data-element_type=\"column\">\n\t\t\t<div class=\"elementor-widget-wrap elementor-element-populated\">\n\t\t\t\t\t\t<div class=\"elementor-element elementor-element-e04301c elementor-widget elementor-widget-spacer\" data-id=\"e04301c\" data-element_type=\"widget\" data-widget_type=\"spacer.default\">\n\t\t\t\t<div class=\"elementor-widget-container\">\n\t\t\t\t\t<div class=\"elementor-spacer\">\n\t\t\t<div class=\"elementor-spacer-inner\"><\/div>\n\t\t<\/div>\n\t\t\t\t<\/div>\n\t\t\t\t<\/div>\n\t\t\t\t\t<\/div>\n\t\t<\/div>\n\t\t\t\t\t<\/div>\n\t\t<\/section>\n\t\t\t\t<section class=\"elementor-section elementor-top-section elementor-element elementor-element-8ca7d85 elementor-section-boxed elementor-section-height-default elementor-section-height-default\" data-id=\"8ca7d85\" data-element_type=\"section\">\n\t\t\t\t\t\t<div class=\"elementor-container elementor-column-gap-default\">\n\t\t\t\t\t<div class=\"elementor-column elementor-col-100 elementor-top-column elementor-element elementor-element-d52e949\" data-id=\"d52e949\" data-element_type=\"column\">\n\t\t\t<div class=\"elementor-widget-wrap elementor-element-populated\">\n\t\t\t\t\t\t<div class=\"elementor-element elementor-element-8d4df71 elementor-widget elementor-widget-spacer\" data-id=\"8d4df71\" data-element_type=\"widget\" data-widget_type=\"spacer.default\">\n\t\t\t\t<div class=\"elementor-widget-container\">\n\t\t\t\t\t<div class=\"elementor-spacer\">\n\t\t\t<div class=\"elementor-spacer-inner\"><\/div>\n\t\t<\/div>\n\t\t\t\t<\/div>\n\t\t\t\t<\/div>\n\t\t\t\t\t<\/div>\n\t\t<\/div>\n\t\t\t\t\t<\/div>\n\t\t<\/section>\n\t\t\t\t<section class=\"elementor-section elementor-top-section elementor-element elementor-element-699a4d4 elementor-section-boxed elementor-section-height-default elementor-section-height-default\" data-id=\"699a4d4\" data-element_type=\"section\" data-settings=\"{&quot;background_background&quot;:&quot;classic&quot;}\">\n\t\t\t\t\t\t<div class=\"elementor-container elementor-column-gap-default\">\n\t\t\t\t\t<div class=\"elementor-column elementor-col-100 elementor-top-column elementor-element elementor-element-7fda808\" data-id=\"7fda808\" data-element_type=\"column\">\n\t\t\t<div class=\"elementor-widget-wrap elementor-element-populated\">\n\t\t\t\t\t\t<div class=\"elementor-element elementor-element-8f1c1b6 elementor-widget elementor-widget-image\" data-id=\"8f1c1b6\" data-element_type=\"widget\" data-widget_type=\"image.default\">\n\t\t\t\t<div class=\"elementor-widget-container\">\n\t\t\t\t\t\t\t\t\t\t\t\t\t<img fetchpriority=\"high\" decoding=\"async\" width=\"512\" height=\"512\" src=\"https:\/\/kurcaloglu.com\/wp-content\/uploads\/2022\/05\/Yargitay.png\" class=\"attachment-large size-large wp-image-10355\" alt=\"\" srcset=\"https:\/\/kurcaloglu.com\/wp-content\/uploads\/2022\/05\/Yargitay.png 512w, https:\/\/kurcaloglu.com\/wp-content\/uploads\/2022\/05\/Yargitay-300x300.png 300w, https:\/\/kurcaloglu.com\/wp-content\/uploads\/2022\/05\/Yargitay-150x150.png 150w\" sizes=\"(max-width: 512px) 100vw, 512px\" \/>\t\t\t\t\t\t\t\t\t\t\t\t\t<\/div>\n\t\t\t\t<\/div>\n\t\t\t\t<div class=\"elementor-element elementor-element-84e3c52 elementor-widget elementor-widget-heading\" data-id=\"84e3c52\" data-element_type=\"widget\" data-widget_type=\"heading.default\">\n\t\t\t\t<div class=\"elementor-widget-container\">\n\t\t\t<h1 class=\"elementor-heading-title elementor-size-default\"><b>Yarg\u0131tay 9. HD., E.2016\/20521, K.2020\/6790;<\/b><\/h1>\t\t<\/div>\n\t\t\t\t<\/div>\n\t\t\t\t<div class=\"elementor-element elementor-element-a9f4ad2 elementor-widget elementor-widget-spacer\" data-id=\"a9f4ad2\" data-element_type=\"widget\" data-widget_type=\"spacer.default\">\n\t\t\t\t<div class=\"elementor-widget-container\">\n\t\t\t\t\t<div class=\"elementor-spacer\">\n\t\t\t<div class=\"elementor-spacer-inner\"><\/div>\n\t\t<\/div>\n\t\t\t\t<\/div>\n\t\t\t\t<\/div>\n\t\t\t\t<div class=\"elementor-element elementor-element-13d0459 elementor-widget elementor-widget-heading\" data-id=\"13d0459\" data-element_type=\"widget\" data-widget_type=\"heading.default\">\n\t\t\t\t<div class=\"elementor-widget-container\">\n\t\t\t<h2 class=\"elementor-heading-title elementor-size-default\">\u0130\u015f\u00e7i; ulusal bayram ve genel tatil g\u00fcnlerinde,<br>\n1 saat dahi \u00e7al\u0131\u015f\u0131lsa dahi <u>tam yevmiyeye hak kazan\u0131r.<\/u><\/h2>\t\t<\/div>\n\t\t\t\t<\/div>\n\t\t\t\t<div class=\"elementor-element elementor-element-e02ff06 elementor-widget elementor-widget-spacer\" data-id=\"e02ff06\" data-element_type=\"widget\" data-widget_type=\"spacer.default\">\n\t\t\t\t<div class=\"elementor-widget-container\">\n\t\t\t\t\t<div class=\"elementor-spacer\">\n\t\t\t<div class=\"elementor-spacer-inner\"><\/div>\n\t\t<\/div>\n\t\t\t\t<\/div>\n\t\t\t\t<\/div>\n\t\t\t\t<div class=\"elementor-element elementor-element-b626fdf elementor-widget elementor-widget-heading\" data-id=\"b626fdf\" data-element_type=\"widget\" data-widget_type=\"heading.default\">\n\t\t\t\t<div class=\"elementor-widget-container\">\n\t\t\t<h3 class=\"elementor-heading-title elementor-size-default\">YARGITAY KARARI<\/h3>\t\t<\/div>\n\t\t\t\t<\/div>\n\t\t\t\t<div class=\"elementor-element elementor-element-9c5e177 elementor-widget elementor-widget-spacer\" data-id=\"9c5e177\" data-element_type=\"widget\" data-widget_type=\"spacer.default\">\n\t\t\t\t<div class=\"elementor-widget-container\">\n\t\t\t\t\t<div class=\"elementor-spacer\">\n\t\t\t<div class=\"elementor-spacer-inner\"><\/div>\n\t\t<\/div>\n\t\t\t\t<\/div>\n\t\t\t\t<\/div>\n\t\t\t\t<div class=\"elementor-element elementor-element-fa475ee elementor-widget elementor-widget-text-editor\" data-id=\"fa475ee\" data-element_type=\"widget\" data-widget_type=\"text-editor.default\">\n\t\t\t\t<div class=\"elementor-widget-container\">\n\t\t\t\t\t\t\t<h5 style=\"color: #000000; line-height: 16px; margin-bottom: 0cm; direction: ltr; background: transparent; font-family: 'Times New Roman', serif; font-size: 12pt; font-weight: 400;\"><u><b>A) Davac\u0131 \u0130steminin \u00d6zeti:<br><\/b><\/u><u><b>&nbsp;<br><\/b><\/u><b>Davac\u0131 vekili;<\/b> m\u00fcvekkilinin daval\u0131 i\u015fyerinde 03\/01\/2006 ila 31\/03\/2014 tarihleri aras\u0131nda \u00e7al\u0131\u015ft\u0131\u011f\u0131n\u0131, son ayl\u0131k net \u00fccretinin 1.656,00TL civar\u0131nda oldu\u011funu, g\u00fcnl\u00fck standart \u00e7al\u0131\u015fma saatlerinin 08:00-17:00 iken neredeyse haftan\u0131n 6 g\u00fcn\u00fc 19:00 ila 20:00 a kadar \u00e7al\u0131\u015fmas\u0131n\u0131 s\u00fcrd\u00fcrd\u00fc\u011f\u00fcn\u00fc, Edirne ve civar\u0131nda \u00e7al\u0131\u015ft\u0131klar\u0131 s\u00fcrede ise 21:00-22:00 a kadar \u00e7al\u0131\u015ft\u0131\u011f\u0131n\u0131, ancak fazla mesai ve hafta tatili alacaklar\u0131n\u0131n \u00f6denmedi\u011fini, i\u015fyerinde bir \u00f6\u011f\u00fcn yemek ve servis uygulamas\u0131n\u0131n oldu\u011funu, t\u00fcm resmi ve dini bayramlarda \u00e7al\u0131\u015fmas\u0131n\u0131 s\u00fcrd\u00fcrd\u00fc\u011f\u00fcn\u00fc ancak alacaklar\u0131n kendisine \u00f6denmedi\u011fini, ortalama iki ayda bir Diyarbak\u0131r ya da Batman da bir ay s\u00fcre ile g\u00f6revlendirildi\u011fini, \u00f6denmesi gereken 15 TL saha primlerinin sadece iki kez \u00f6dendi\u011fini iddia ederek 100,00 TL bakiye k\u0131dem tazminat\u0131, fazla mesai alaca\u011f\u0131, resmi ve dini bayram alaca\u011f\u0131, hafta tatili alaca\u011f\u0131 ile saha prim alaca\u011f\u0131n\u0131n tahsilini talep etmi\u015ftir.<\/h5>\n<p><\/p>\n<p><u><b>B) Daval\u0131 Cevab\u0131n\u0131n \u00d6zeti:<br><\/b><\/u><u><b>&nbsp;<br><\/b><\/u><b>Daval\u0131 vekili;<\/b> davac\u0131n\u0131n bulundu\u011fu alacak taleplerinin zamana\u015f\u0131m\u0131na u\u011frad\u0131\u011f\u0131n\u0131, bu nedenle zamana\u015f\u0131m\u0131 definde bulunduklar\u0131n\u0131, davac\u0131 iddias\u0131n\u0131n aksine \u00e7al\u0131\u015fmas\u0131n\u0131n haftan\u0131n 5 g\u00fcn\u00fc 08:00 ila 17:00 saatleri aras\u0131nda oldu\u011funu; \u00f6\u011flen 12:00-13:00 aras\u0131nda yemek aras\u0131 verildi\u011fini, her g\u00fcn 10:00 ve 15:00\u2019de 15 dakika ara dinlenmesi bulundu\u011funu, Cumartesi g\u00fcnleri ise i\u015fin durumuna g\u00f6re \u00e7al\u0131\u015fmad\u0131\u011f\u0131n\u0131, davac\u0131n\u0131n \u015fehird\u0131\u015f\u0131 g\u00f6revleri i\u00e7in fazla mesai yapmak durumunda kalmas\u0131 halinde takip eden d\u00f6nemde izin kulland\u0131\u011f\u0131n\u0131, davac\u0131n\u0131n b\u00fct\u00fcn \u00e7al\u0131\u015fmas\u0131n\u0131n yasal \u00e7al\u0131\u015fma s\u00fcreleri i\u00e7inde yap\u0131ld\u0131\u011f\u0131n\u0131, t\u00fcm \u00e7al\u0131\u015fmas\u0131n\u0131 yasal s\u00fcreleri i\u00e7inde yapt\u0131\u011f\u0131n\u0131, fazla \u00e7al\u0131\u015fmas\u0131n\u0131n \u00fccrete dahil oldu\u011funu, ulusal bayram ve genel tatil g\u00fcnlerinde \u00e7al\u0131\u015fmad\u0131\u011f\u0131n\u0131, m\u00fcvekkili \u015firketin d\u00fczenli ikramiye \u00f6demesinin bulunmad\u0131\u011f\u0131n\u0131, davac\u0131ya harc\u0131rahlarda dahil olmak \u00fczere t\u00fcm \u00f6demelerin eksiksiz olarak yap\u0131ld\u0131\u011f\u0131n\u0131, savunarak davan\u0131n reddini talep etmi\u015ftir.<\/p>\n<p><u><b>C) Yerel Mahkeme Karar\u0131n\u0131n \u00d6zeti:<br><\/b><\/u><u><b>&nbsp;<br><\/b><\/u>Mahkeme, toplanan kan\u0131tlar ve bilirki\u015fi raporuna dayanarak davac\u0131n\u0131n daval\u0131 i\u015fverene ait i\u015fyerinde 03\/01\/2006 tarihinden 31\/03\/2014 tarihine kadar kaynak\u00e7\u0131 olarak \u00e7al\u0131\u015ft\u0131\u011f\u0131, i\u015f akdinin daval\u0131 i\u015fveren taraf\u0131ndan 31\/03\/2014 tarihinde feshedildi\u011fi, i\u015f akdinin k\u0131dem ve ihbar tazminat\u0131 gerektirmeyecek \u015fekilde hakl\u0131 nedenle feshedildi\u011fi hususunun ispat y\u00fck\u00fcn\u00fcn daval\u0131 i\u015fverenin bu hususu ispat edemedi\u011fi, kald\u0131 ki davac\u0131ya bir k\u0131s\u0131m k\u0131dem tazminat\u0131 \u00f6dedi\u011fi, dolay\u0131s\u0131yla davac\u0131n\u0131n i\u015f akdinin daval\u0131 i\u015fveren taraf\u0131ndan haks\u0131z feshedildi\u011finin kabul\u00fc gerekti\u011fi, i\u015f\u00e7inin, i\u015fverenin haks\u0131z feshi nedeniyle k\u0131dem tazminat\u0131na hak kazand\u0131\u011f\u0131 bu nedenle davac\u0131n\u0131n k\u0131dem tazminat\u0131 talebinin kabul\u00fc gerekti\u011fi, bilirki\u015fi taraf\u0131ndan hesaplanan 18.949,85 TL k\u0131dem tazminat\u0131ndan daval\u0131 taraf\u00e7a davac\u0131ya \u00f6denen 7.673,67 TL\u2019nin mahsubu ile bakiye 11.286,18 TL k\u0131dem tazminat\u0131n\u0131n h\u00fck\u00fcm alt\u0131na al\u0131nmas\u0131 gerekti\u011fi, davac\u0131n\u0131n daval\u0131 i\u015fyerinde \u00e7al\u0131\u015ft\u0131\u011f\u0131 d\u00f6nemde haftan\u0131n 3 g\u00fcn\u00fc 08:00 ila 17:00 saatleri aras\u0131nda, 3 g\u00fcn\u00fc 08:00 ila 19:00 saatleri aras\u0131nda \u00e7al\u0131\u015ft\u0131\u011f\u0131, ara dinlenmeler d\u00fc\u015f\u00fcld\u00fc\u011f\u00fcnde davac\u0131n\u0131n haftada 54 saat \u00e7al\u0131\u015ft\u0131\u011f\u0131, dolay\u0131s\u0131yla haftada 9 saat fazla mesai yapt\u0131\u011f\u0131, fazla mesai \u00fccretlerinin \u00f6denmedi\u011fi, daval\u0131 taraf\u0131n zamana\u015f\u0131m\u0131 itiraz\u0131 g\u00f6z \u00f6n\u00fcne al\u0131narak 4857 say\u0131l\u0131 yasan\u0131n 32\/son maddesi gere\u011fince \u00fccret niteli\u011findeki fazla mesai, hafta tatili ve bayram genel tatil \u00fccretlerinin hak edildi\u011fi tarihten itibaren 5 y\u0131ll\u0131k zamana\u015f\u0131m\u0131na tabi olmas\u0131 nedeniyle daval\u0131 taraf\u0131n zaman a\u015f\u0131m\u0131 def-i hakl\u0131 ve yerinde g\u00f6r\u00fcld\u00fc\u011f\u00fcnden \u0131slah tarihi olan 04\/08\/2015 tarihinden geriye do\u011fru 5 y\u0131ll\u0131k s\u00fcrenin ba\u015flang\u0131c\u0131 olan 04\/08\/2010 tarihinden akdin fesih tarihi olan 31\/03\/2014 tarihine kadar olan bayram genel tatil, hafta tatili ve fazla mesai \u00fccretlerinin talep edilebilece\u011fi gerek\u00e7esiyle davan\u0131n k\u0131smen kabul\u00fcne karar verilmi\u015ftir.<\/p>\t\t\t\t\t\t<\/div>\n\t\t\t\t<\/div>\n\t\t\t\t<div class=\"elementor-element elementor-element-1b7546e elementor-widget elementor-widget-heading\" data-id=\"1b7546e\" data-element_type=\"widget\" data-widget_type=\"heading.default\">\n\t\t\t\t<div class=\"elementor-widget-container\">\n\t\t\t<h4 class=\"elementor-heading-title elementor-size-default\">Temyiz:<\/h4>\t\t<\/div>\n\t\t\t\t<\/div>\n\t\t\t\t<div class=\"elementor-element elementor-element-20149a7 elementor-widget elementor-widget-text-editor\" data-id=\"20149a7\" data-element_type=\"widget\" data-widget_type=\"text-editor.default\">\n\t\t\t\t<div class=\"elementor-widget-container\">\n\t\t\t\t\t\t\t<p>Karar\u0131 daval\u0131 vekili temyiz etmi\u015ftir.<\/p>\t\t\t\t\t\t<\/div>\n\t\t\t\t<\/div>\n\t\t\t\t<div class=\"elementor-element elementor-element-90f4cff elementor-widget elementor-widget-heading\" data-id=\"90f4cff\" data-element_type=\"widget\" data-widget_type=\"heading.default\">\n\t\t\t\t<div class=\"elementor-widget-container\">\n\t\t\t<h4 class=\"elementor-heading-title elementor-size-default\">Gerek\u00e7e:<\/h4>\t\t<\/div>\n\t\t\t\t<\/div>\n\t\t\t\t<div class=\"elementor-element elementor-element-d834767 elementor-widget elementor-widget-text-editor\" data-id=\"d834767\" data-element_type=\"widget\" data-widget_type=\"text-editor.default\">\n\t\t\t\t<div class=\"elementor-widget-container\">\n\t\t\t\t\t\t\t<p>1-Dosyadaki yaz\u0131lara, toplanan delillerle karar\u0131n dayand\u0131\u011f\u0131 kanuni gerektirici sebeplere g\u00f6re, daval\u0131n\u0131n a\u015fa\u011f\u0131daki bendin kapsam\u0131 d\u0131\u015f\u0131nda kalan temyiz itirazlar\u0131 yerinde de\u011fildir.<\/p><p>2) Davac\u0131n\u0131n fazla mesai yap\u0131p yapmad\u0131\u011f\u0131 yapm\u0131\u015f ise kar\u015f\u0131l\u0131\u011f\u0131 \u00fccreti al\u0131p almad\u0131\u011f\u0131 uyu\u015fmazl\u0131k konusudur.<br \/>Davac\u0131 fazla mesai iddias\u0131n\u0131 ispat bak\u0131m\u0131ndan iki tan\u0131k g\u00f6stermi\u015f olup bu tan\u0131klardan \u2026\u2019 \u0131n benzer iddialar ile ayn\u0131 daval\u0131ya kar\u015f\u0131 davas\u0131n\u0131n oldu\u011fu bu nedenle daval\u0131yla husumeti bulundu\u011fu anla\u015f\u0131lmaktad\u0131r. A\u00e7\u0131klanan nedenle bu tan\u0131\u011f\u0131n beyan\u0131na son derece ihtiyatla yakla\u015f\u0131lmal\u0131d\u0131r. Davac\u0131n\u0131n di\u011fer tan\u0131\u011f\u0131\u2026\u2019de fazla mesai iddias\u0131n\u0131 k\u0131smen do\u011frulam\u0131\u015ft\u0131r. Mahkemece fazla mesai alacak hesab\u0131n\u0131n husumetsiz tan\u0131k\u2026\u2019 in anlat\u0131m\u0131 esas al\u0131narak yap\u0131lmas\u0131 gerekirken husumetli tan\u0131k \u2026\u2019 \u0131n beyan\u0131na itibar ile hesaplama yap\u0131lmas\u0131 hatal\u0131d\u0131r.<\/p><p>3) \u0130\u015f Kanunu\u2019nun 47. maddesindeki a\u00e7\u0131k d\u00fczenleme kar\u015f\u0131s\u0131nda ulusal bayram genel tatillerde \u00e7al\u0131\u015ft\u0131\u011f\u0131 anla\u015f\u0131lan davac\u0131n\u0131n \u00e7al\u0131\u015ft\u0131\u011f\u0131 her bir ulusal bayram genel tatil g\u00fcn\u00fc i\u00e7in ilave 1 yevmiyeye (ayl\u0131k maktu \u00fccret\/30) daha hak kazand\u0131\u011f\u0131 g\u00f6zden ka\u00e7\u0131r\u0131larak hesaplaman\u0131n \u00e7al\u0131\u015f\u0131lan saat \u00fczerinden yap\u0131lmas\u0131 hatal\u0131d\u0131r. \u0130\u015f\u00e7i ulusal bayram-genel tatil g\u00fcnlerinde 1 saat dahi \u00e7al\u0131\u015fsa tam yevmiyeye hak kazan\u0131r.<\/p><p>4) H\u00fck\u00fcm alt\u0131na al\u0131nan alacaklar\u0131n net mi yoksa br\u00fct m\u00fc oldu\u011funun h\u00fck\u00fcmde belirtilmemesinin infazda teredd\u00fct yarataca\u011f\u0131n\u0131n d\u00fc\u015f\u00fcn\u00fclmemesi de hatal\u0131 olup, bozmay\u0131 gerektirmi\u015ftir.<\/p>\t\t\t\t\t\t<\/div>\n\t\t\t\t<\/div>\n\t\t\t\t<div class=\"elementor-element elementor-element-f350361 elementor-widget elementor-widget-heading\" data-id=\"f350361\" data-element_type=\"widget\" data-widget_type=\"heading.default\">\n\t\t\t\t<div class=\"elementor-widget-container\">\n\t\t\t<h4 class=\"elementor-heading-title elementor-size-default\">Sonu\u00e7:<\/h4>\t\t<\/div>\n\t\t\t\t<\/div>\n\t\t\t\t<div class=\"elementor-element elementor-element-9128793 elementor-widget elementor-widget-text-editor\" data-id=\"9128793\" data-element_type=\"widget\" data-widget_type=\"text-editor.default\">\n\t\t\t\t<div class=\"elementor-widget-container\">\n\t\t\t\t\t\t\t<h1 class=\"western\" style=\"margin-bottom: 0cm; font-family: 'Times New Roman', serif; font-weight: 400; line-height: 24px; font-size: 16pt; background: transparent; direction: ltr;\">Temyiz olunan karar\u0131n, yukar\u0131da yaz\u0131l\u0131 sebeplerden dolay\u0131 <strong>BOZULMASINA<\/strong>, pe\u015fin al\u0131nan temyiz harc\u0131n\u0131n istek halinde ilgiliye iadesine 01.07.2020 tarihinde oybirli\u011fiyle karar verildi.<\/h1>\t\t\t\t\t\t<\/div>\n\t\t\t\t<\/div>\n\t\t\t\t\t<\/div>\n\t\t<\/div>\n\t\t\t\t\t<\/div>\n\t\t<\/section>\n\t\t\t\t<section class=\"elementor-section elementor-top-section elementor-element elementor-element-dc933e3 elementor-section-boxed elementor-section-height-default elementor-section-height-default\" data-id=\"dc933e3\" data-element_type=\"section\">\n\t\t\t\t\t\t<div class=\"elementor-container elementor-column-gap-default\">\n\t\t\t\t\t<div class=\"elementor-column elementor-col-100 elementor-top-column elementor-element elementor-element-a25e2dd\" data-id=\"a25e2dd\" data-element_type=\"column\">\n\t\t\t<div class=\"elementor-widget-wrap\">\n\t\t\t\t\t\t\t<\/div>\n\t\t<\/div>\n\t\t\t\t\t<\/div>\n\t\t<\/section>\n\t\t\t\t<\/div>","protected":false},"excerpt":{"rendered":"<p>Yarg\u0131tay 9. HD., E.2016\/20521, K.2020\/6790; \u0130\u015f\u00e7i; ulusal bayram ve genel tatil g\u00fcnlerinde, 1 saat dahi \u00e7al\u0131\u015f\u0131lsa dahi tam yevmiyeye hak kazan\u0131r. YARGITAY KARARI A) Davac\u0131 \u0130steminin \u00d6zeti: &nbsp; Davac\u0131 vekili; m\u00fcvekkilinin daval\u0131 i\u015fyerinde 03\/01\/2006 ila 31\/03\/2014 tarihleri aras\u0131nda \u00e7al\u0131\u015ft\u0131\u011f\u0131n\u0131, son ayl\u0131k net \u00fccretinin 1.656,00TL civar\u0131nda oldu\u011funu, g\u00fcnl\u00fck standart \u00e7al\u0131\u015fma saatlerinin 08:00-17:00 iken neredeyse haftan\u0131n 6&#8230;<\/p>","protected":false},"author":1,"featured_media":0,"comment_status":"open","ping_status":"open","sticky":false,"template":"elementor_header_footer","format":"standard","meta":{"footnotes":""},"categories":[871,636],"tags":[757,755,756,754],"yoast_head":"<!-- This site is optimized with the Yoast SEO plugin v22.8 - https:\/\/yoast.com\/wordpress\/plugins\/seo\/ -->\n<title>Yarg\u0131tay 9. HD., E.2016\/20521, K.2020\/6790; - Kur&ccedil;alo\u011flu Hukuk &amp; Partners<\/title>\n<meta name=\"robots\" content=\"index, follow, max-snippet:-1, max-image-preview:large, max-video-preview:-1\" \/>\n<link rel=\"canonical\" href=\"https:\/\/kurcaloglu.com\/en\/tatil-gunu-calisma-ucretleri\/\" \/>\n<meta property=\"og:locale\" content=\"en_GB\" \/>\n<meta property=\"og:type\" content=\"article\" \/>\n<meta property=\"og:title\" content=\"Yarg\u0131tay 9. HD., E.2016\/20521, K.2020\/6790; - Kur&ccedil;alo\u011flu Hukuk &amp; Partners\" \/>\n<meta property=\"og:description\" content=\"Yarg\u0131tay 9. HD., E.2016\/20521, K.2020\/6790; \u0130\u015f\u00e7i; ulusal bayram ve genel tatil g\u00fcnlerinde, 1 saat dahi \u00e7al\u0131\u015f\u0131lsa dahi tam yevmiyeye hak kazan\u0131r. YARGITAY KARARI A) Davac\u0131 \u0130steminin \u00d6zeti: &nbsp; Davac\u0131 vekili; m\u00fcvekkilinin daval\u0131 i\u015fyerinde 03\/01\/2006 ila 31\/03\/2014 tarihleri aras\u0131nda \u00e7al\u0131\u015ft\u0131\u011f\u0131n\u0131, son ayl\u0131k net \u00fccretinin 1.656,00TL civar\u0131nda oldu\u011funu, g\u00fcnl\u00fck standart \u00e7al\u0131\u015fma saatlerinin 08:00-17:00 iken neredeyse haftan\u0131n 6...\" \/>\n<meta property=\"og:url\" content=\"https:\/\/kurcaloglu.com\/en\/tatil-gunu-calisma-ucretleri\/\" \/>\n<meta property=\"og:site_name\" content=\"Kur&ccedil;alo\u011flu Hukuk &amp; Partners\" \/>\n<meta property=\"article:publisher\" content=\"https:\/\/www.facebook.com\/profile.php?id=100090344741598\" \/>\n<meta property=\"article:published_time\" content=\"2022-09-12T17:56:17+00:00\" \/>\n<meta property=\"article:modified_time\" content=\"2022-10-19T17:52:14+00:00\" \/>\n<meta property=\"og:image\" content=\"https:\/\/kurcaloglu.com\/wp-content\/uploads\/2022\/05\/Yargitay.png\" \/>\n<meta name=\"author\" content=\"admin\" \/>\n<meta name=\"twitter:card\" content=\"summary_large_image\" \/>\n<meta name=\"twitter:creator\" content=\"@KurcalogluHukuk\" \/>\n<meta name=\"twitter:site\" content=\"@KurcalogluHukuk\" \/>\n<meta name=\"twitter:label1\" content=\"Written by\" \/>\n\t<meta name=\"twitter:data1\" content=\"admin\" \/>\n\t<meta name=\"twitter:label2\" content=\"Estimated reading time\" \/>\n\t<meta name=\"twitter:data2\" content=\"5 minutes\" \/>\n<script type=\"application\/ld+json\" class=\"yoast-schema-graph\">{\"@context\":\"https:\/\/schema.org\",\"@graph\":[{\"@type\":\"Article\",\"@id\":\"https:\/\/kurcaloglu.com\/tatil-gunu-calisma-ucretleri\/#article\",\"isPartOf\":{\"@id\":\"https:\/\/kurcaloglu.com\/tatil-gunu-calisma-ucretleri\/\"},\"author\":{\"name\":\"admin\",\"@id\":\"https:\/\/kurcaloglu.com\/#\/schema\/person\/1c68de35cc0dce6dbbe2360763923675\"},\"headline\":\"Yarg\u0131tay 9. HD., E.2016\/20521, K.2020\/6790;\",\"datePublished\":\"2022-09-12T17:56:17+00:00\",\"dateModified\":\"2022-10-19T17:52:14+00:00\",\"mainEntityOfPage\":{\"@id\":\"https:\/\/kurcaloglu.com\/tatil-gunu-calisma-ucretleri\/\"},\"wordCount\":1003,\"commentCount\":0,\"publisher\":{\"@id\":\"https:\/\/kurcaloglu.com\/#organization\"},\"image\":{\"@id\":\"https:\/\/kurcaloglu.com\/tatil-gunu-calisma-ucretleri\/#primaryimage\"},\"thumbnailUrl\":\"https:\/\/kurcaloglu.com\/wp-content\/uploads\/2022\/05\/Yargitay.png\",\"keywords\":[\"1 saat dahi \u00e7al\u0131\u015f\u0131lsa dahi tam yevmiyeye hak kazan\u0131r.\",\"\u0130\u015f\u00e7i\",\"\u0130\u015f\u00e7i; ulusal bayram ve genel tatil g\u00fcnlerinde\",\"Yarg\u0131tay 9. HD. E.2016\/20521 K.2020\/6790\"],\"articleSection\":[\"Yarg\u0131tay B\u00fct\u00fcn Kategoriler\",\"Yarg\u0131tay \u0130\u015f Hukuku\"],\"inLanguage\":\"en-GB\",\"potentialAction\":[{\"@type\":\"CommentAction\",\"name\":\"Comment\",\"target\":[\"https:\/\/kurcaloglu.com\/tatil-gunu-calisma-ucretleri\/#respond\"]}]},{\"@type\":\"WebPage\",\"@id\":\"https:\/\/kurcaloglu.com\/tatil-gunu-calisma-ucretleri\/\",\"url\":\"https:\/\/kurcaloglu.com\/tatil-gunu-calisma-ucretleri\/\",\"name\":\"Yarg\u0131tay 9. HD., E.2016\/20521, K.2020\/6790; - Kur&ccedil;alo\u011flu Hukuk &amp; Partners\",\"isPartOf\":{\"@id\":\"https:\/\/kurcaloglu.com\/#website\"},\"primaryImageOfPage\":{\"@id\":\"https:\/\/kurcaloglu.com\/tatil-gunu-calisma-ucretleri\/#primaryimage\"},\"image\":{\"@id\":\"https:\/\/kurcaloglu.com\/tatil-gunu-calisma-ucretleri\/#primaryimage\"},\"thumbnailUrl\":\"https:\/\/kurcaloglu.com\/wp-content\/uploads\/2022\/05\/Yargitay.png\",\"datePublished\":\"2022-09-12T17:56:17+00:00\",\"dateModified\":\"2022-10-19T17:52:14+00:00\",\"breadcrumb\":{\"@id\":\"https:\/\/kurcaloglu.com\/tatil-gunu-calisma-ucretleri\/#breadcrumb\"},\"inLanguage\":\"en-GB\",\"potentialAction\":[{\"@type\":\"ReadAction\",\"target\":[\"https:\/\/kurcaloglu.com\/tatil-gunu-calisma-ucretleri\/\"]}]},{\"@type\":\"ImageObject\",\"inLanguage\":\"en-GB\",\"@id\":\"https:\/\/kurcaloglu.com\/tatil-gunu-calisma-ucretleri\/#primaryimage\",\"url\":\"https:\/\/kurcaloglu.com\/wp-content\/uploads\/2022\/05\/Yargitay.png\",\"contentUrl\":\"https:\/\/kurcaloglu.com\/wp-content\/uploads\/2022\/05\/Yargitay.png\"},{\"@type\":\"BreadcrumbList\",\"@id\":\"https:\/\/kurcaloglu.com\/tatil-gunu-calisma-ucretleri\/#breadcrumb\",\"itemListElement\":[{\"@type\":\"ListItem\",\"position\":1,\"name\":\"Anasayfa\",\"item\":\"https:\/\/kurcaloglu.com\/\"},{\"@type\":\"ListItem\",\"position\":2,\"name\":\"Yarg\u0131tay 9. HD., E.2016\/20521, K.2020\/6790;\"}]},{\"@type\":\"WebSite\",\"@id\":\"https:\/\/kurcaloglu.com\/#website\",\"url\":\"https:\/\/kurcaloglu.com\/\",\"name\":\"Kur\u00e7alo\u011flu Hukuk & Partners\",\"description\":\"Ceza hukuku- \u0130cra iflas hukuku, Miras hukuku, Bo\u015fanma hukuk, \u0130\u015f hukuku\",\"publisher\":{\"@id\":\"https:\/\/kurcaloglu.com\/#organization\"},\"alternateName\":\"Kur\u00e7alo\u011flu Hukuk & Partners\",\"potentialAction\":[{\"@type\":\"SearchAction\",\"target\":{\"@type\":\"EntryPoint\",\"urlTemplate\":\"https:\/\/kurcaloglu.com\/?s={search_term_string}\"},\"query-input\":\"required name=search_term_string\"}],\"inLanguage\":\"en-GB\"},{\"@type\":\"Organization\",\"@id\":\"https:\/\/kurcaloglu.com\/#organization\",\"name\":\"Kur\u00e7alo\u011flu Hukuk & Partners\",\"alternateName\":\"Kur\u00e7alo\u011flu Hukuk & Partners\",\"url\":\"https:\/\/kurcaloglu.com\/\",\"logo\":{\"@type\":\"ImageObject\",\"inLanguage\":\"en-GB\",\"@id\":\"https:\/\/kurcaloglu.com\/#\/schema\/logo\/image\/\",\"url\":\"https:\/\/kurcaloglu.com\/wp-content\/uploads\/2022\/04\/cropped-cropped-cropped-Adsiz-tasarim-1-2-1.png\",\"contentUrl\":\"https:\/\/kurcaloglu.com\/wp-content\/uploads\/2022\/04\/cropped-cropped-cropped-Adsiz-tasarim-1-2-1.png\",\"width\":245,\"height\":65,\"caption\":\"Kur\u00e7alo\u011flu Hukuk & Partners\"},\"image\":{\"@id\":\"https:\/\/kurcaloglu.com\/#\/schema\/logo\/image\/\"},\"sameAs\":[\"https:\/\/www.facebook.com\/profile.php?id=100090344741598\",\"https:\/\/x.com\/KurcalogluHukuk\",\"https:\/\/www.facebook.com\/kurcalogluhukuk&partners\",\"https:\/\/www.instagram.com\/kurcalogluhukuk&Partners\/?hl=tr\"]},{\"@type\":\"Person\",\"@id\":\"https:\/\/kurcaloglu.com\/#\/schema\/person\/1c68de35cc0dce6dbbe2360763923675\",\"name\":\"admin\",\"image\":{\"@type\":\"ImageObject\",\"inLanguage\":\"en-GB\",\"@id\":\"https:\/\/kurcaloglu.com\/#\/schema\/person\/image\/\",\"url\":\"https:\/\/secure.gravatar.com\/avatar\/22be8f8cfea2b6627b98e3bd7d7911a6?s=96&d=mm&r=g\",\"contentUrl\":\"https:\/\/secure.gravatar.com\/avatar\/22be8f8cfea2b6627b98e3bd7d7911a6?s=96&d=mm&r=g\",\"caption\":\"admin\"},\"sameAs\":[\"http:\/\/kurcaloglu.com\"],\"url\":\"https:\/\/kurcaloglu.com\/en\/author\/admin\/\"}]}<\/script>\n<!-- \/ Yoast SEO plugin. -->","yoast_head_json":{"title":"Yarg\u0131tay 9. HD., E.2016\/20521, K.2020\/6790; - Kur&ccedil;alo\u011flu Hukuk &amp; Partners","robots":{"index":"index","follow":"follow","max-snippet":"max-snippet:-1","max-image-preview":"max-image-preview:large","max-video-preview":"max-video-preview:-1"},"canonical":"https:\/\/kurcaloglu.com\/en\/tatil-gunu-calisma-ucretleri\/","og_locale":"en_GB","og_type":"article","og_title":"Yarg\u0131tay 9. HD., E.2016\/20521, K.2020\/6790; - Kur&ccedil;alo\u011flu Hukuk &amp; Partners","og_description":"Yarg\u0131tay 9. HD., E.2016\/20521, K.2020\/6790; \u0130\u015f\u00e7i; ulusal bayram ve genel tatil g\u00fcnlerinde, 1 saat dahi \u00e7al\u0131\u015f\u0131lsa dahi tam yevmiyeye hak kazan\u0131r. YARGITAY KARARI A) Davac\u0131 \u0130steminin \u00d6zeti: &nbsp; Davac\u0131 vekili; m\u00fcvekkilinin daval\u0131 i\u015fyerinde 03\/01\/2006 ila 31\/03\/2014 tarihleri aras\u0131nda \u00e7al\u0131\u015ft\u0131\u011f\u0131n\u0131, son ayl\u0131k net \u00fccretinin 1.656,00TL civar\u0131nda oldu\u011funu, g\u00fcnl\u00fck standart \u00e7al\u0131\u015fma saatlerinin 08:00-17:00 iken neredeyse haftan\u0131n 6...","og_url":"https:\/\/kurcaloglu.com\/en\/tatil-gunu-calisma-ucretleri\/","og_site_name":"Kur&ccedil;alo\u011flu Hukuk &amp; Partners","article_publisher":"https:\/\/www.facebook.com\/profile.php?id=100090344741598","article_published_time":"2022-09-12T17:56:17+00:00","article_modified_time":"2022-10-19T17:52:14+00:00","og_image":[{"url":"https:\/\/kurcaloglu.com\/wp-content\/uploads\/2022\/05\/Yargitay.png"}],"author":"admin","twitter_card":"summary_large_image","twitter_creator":"@KurcalogluHukuk","twitter_site":"@KurcalogluHukuk","twitter_misc":{"Written by":"admin","Estimated reading time":"5 minutes"},"schema":{"@context":"https:\/\/schema.org","@graph":[{"@type":"Article","@id":"https:\/\/kurcaloglu.com\/tatil-gunu-calisma-ucretleri\/#article","isPartOf":{"@id":"https:\/\/kurcaloglu.com\/tatil-gunu-calisma-ucretleri\/"},"author":{"name":"admin","@id":"https:\/\/kurcaloglu.com\/#\/schema\/person\/1c68de35cc0dce6dbbe2360763923675"},"headline":"Yarg\u0131tay 9. HD., E.2016\/20521, K.2020\/6790;","datePublished":"2022-09-12T17:56:17+00:00","dateModified":"2022-10-19T17:52:14+00:00","mainEntityOfPage":{"@id":"https:\/\/kurcaloglu.com\/tatil-gunu-calisma-ucretleri\/"},"wordCount":1003,"commentCount":0,"publisher":{"@id":"https:\/\/kurcaloglu.com\/#organization"},"image":{"@id":"https:\/\/kurcaloglu.com\/tatil-gunu-calisma-ucretleri\/#primaryimage"},"thumbnailUrl":"https:\/\/kurcaloglu.com\/wp-content\/uploads\/2022\/05\/Yargitay.png","keywords":["1 saat dahi \u00e7al\u0131\u015f\u0131lsa dahi tam yevmiyeye hak kazan\u0131r.","\u0130\u015f\u00e7i","\u0130\u015f\u00e7i; ulusal bayram ve genel tatil g\u00fcnlerinde","Yarg\u0131tay 9. HD. E.2016\/20521 K.2020\/6790"],"articleSection":["Yarg\u0131tay B\u00fct\u00fcn Kategoriler","Yarg\u0131tay \u0130\u015f Hukuku"],"inLanguage":"en-GB","potentialAction":[{"@type":"CommentAction","name":"Comment","target":["https:\/\/kurcaloglu.com\/tatil-gunu-calisma-ucretleri\/#respond"]}]},{"@type":"WebPage","@id":"https:\/\/kurcaloglu.com\/tatil-gunu-calisma-ucretleri\/","url":"https:\/\/kurcaloglu.com\/tatil-gunu-calisma-ucretleri\/","name":"Yarg\u0131tay 9. HD., E.2016\/20521, K.2020\/6790; - Kur&ccedil;alo\u011flu Hukuk &amp; Partners","isPartOf":{"@id":"https:\/\/kurcaloglu.com\/#website"},"primaryImageOfPage":{"@id":"https:\/\/kurcaloglu.com\/tatil-gunu-calisma-ucretleri\/#primaryimage"},"image":{"@id":"https:\/\/kurcaloglu.com\/tatil-gunu-calisma-ucretleri\/#primaryimage"},"thumbnailUrl":"https:\/\/kurcaloglu.com\/wp-content\/uploads\/2022\/05\/Yargitay.png","datePublished":"2022-09-12T17:56:17+00:00","dateModified":"2022-10-19T17:52:14+00:00","breadcrumb":{"@id":"https:\/\/kurcaloglu.com\/tatil-gunu-calisma-ucretleri\/#breadcrumb"},"inLanguage":"en-GB","potentialAction":[{"@type":"ReadAction","target":["https:\/\/kurcaloglu.com\/tatil-gunu-calisma-ucretleri\/"]}]},{"@type":"ImageObject","inLanguage":"en-GB","@id":"https:\/\/kurcaloglu.com\/tatil-gunu-calisma-ucretleri\/#primaryimage","url":"https:\/\/kurcaloglu.com\/wp-content\/uploads\/2022\/05\/Yargitay.png","contentUrl":"https:\/\/kurcaloglu.com\/wp-content\/uploads\/2022\/05\/Yargitay.png"},{"@type":"BreadcrumbList","@id":"https:\/\/kurcaloglu.com\/tatil-gunu-calisma-ucretleri\/#breadcrumb","itemListElement":[{"@type":"ListItem","position":1,"name":"Anasayfa","item":"https:\/\/kurcaloglu.com\/"},{"@type":"ListItem","position":2,"name":"Yarg\u0131tay 9. HD., E.2016\/20521, K.2020\/6790;"}]},{"@type":"WebSite","@id":"https:\/\/kurcaloglu.com\/#website","url":"https:\/\/kurcaloglu.com\/","name":"Kur\u00e7alo\u011flu Hukuk & Partners","description":"Ceza hukuku- \u0130cra iflas hukuku, Miras hukuku, Bo\u015fanma hukuk, \u0130\u015f hukuku","publisher":{"@id":"https:\/\/kurcaloglu.com\/#organization"},"alternateName":"Kur\u00e7alo\u011flu Hukuk & Partners","potentialAction":[{"@type":"SearchAction","target":{"@type":"EntryPoint","urlTemplate":"https:\/\/kurcaloglu.com\/?s={search_term_string}"},"query-input":"required name=search_term_string"}],"inLanguage":"en-GB"},{"@type":"Organization","@id":"https:\/\/kurcaloglu.com\/#organization","name":"Kur\u00e7alo\u011flu Hukuk & Partners","alternateName":"Kur\u00e7alo\u011flu Hukuk & Partners","url":"https:\/\/kurcaloglu.com\/","logo":{"@type":"ImageObject","inLanguage":"en-GB","@id":"https:\/\/kurcaloglu.com\/#\/schema\/logo\/image\/","url":"https:\/\/kurcaloglu.com\/wp-content\/uploads\/2022\/04\/cropped-cropped-cropped-Adsiz-tasarim-1-2-1.png","contentUrl":"https:\/\/kurcaloglu.com\/wp-content\/uploads\/2022\/04\/cropped-cropped-cropped-Adsiz-tasarim-1-2-1.png","width":245,"height":65,"caption":"Kur\u00e7alo\u011flu Hukuk & Partners"},"image":{"@id":"https:\/\/kurcaloglu.com\/#\/schema\/logo\/image\/"},"sameAs":["https:\/\/www.facebook.com\/profile.php?id=100090344741598","https:\/\/x.com\/KurcalogluHukuk","https:\/\/www.facebook.com\/kurcalogluhukuk&partners","https:\/\/www.instagram.com\/kurcalogluhukuk&Partners\/?hl=tr"]},{"@type":"Person","@id":"https:\/\/kurcaloglu.com\/#\/schema\/person\/1c68de35cc0dce6dbbe2360763923675","name":"admin","image":{"@type":"ImageObject","inLanguage":"en-GB","@id":"https:\/\/kurcaloglu.com\/#\/schema\/person\/image\/","url":"https:\/\/secure.gravatar.com\/avatar\/22be8f8cfea2b6627b98e3bd7d7911a6?s=96&d=mm&r=g","contentUrl":"https:\/\/secure.gravatar.com\/avatar\/22be8f8cfea2b6627b98e3bd7d7911a6?s=96&d=mm&r=g","caption":"admin"},"sameAs":["http:\/\/kurcaloglu.com"],"url":"https:\/\/kurcaloglu.com\/en\/author\/admin\/"}]}},"_links":{"self":[{"href":"https:\/\/kurcaloglu.com\/en\/wp-json\/wp\/v2\/posts\/13765"}],"collection":[{"href":"https:\/\/kurcaloglu.com\/en\/wp-json\/wp\/v2\/posts"}],"about":[{"href":"https:\/\/kurcaloglu.com\/en\/wp-json\/wp\/v2\/types\/post"}],"author":[{"embeddable":true,"href":"https:\/\/kurcaloglu.com\/en\/wp-json\/wp\/v2\/users\/1"}],"replies":[{"embeddable":true,"href":"https:\/\/kurcaloglu.com\/en\/wp-json\/wp\/v2\/comments?post=13765"}],"version-history":[{"count":25,"href":"https:\/\/kurcaloglu.com\/en\/wp-json\/wp\/v2\/posts\/13765\/revisions"}],"predecessor-version":[{"id":14810,"href":"https:\/\/kurcaloglu.com\/en\/wp-json\/wp\/v2\/posts\/13765\/revisions\/14810"}],"wp:attachment":[{"href":"https:\/\/kurcaloglu.com\/en\/wp-json\/wp\/v2\/media?parent=13765"}],"wp:term":[{"taxonomy":"category","embeddable":true,"href":"https:\/\/kurcaloglu.com\/en\/wp-json\/wp\/v2\/categories?post=13765"},{"taxonomy":"post_tag","embeddable":true,"href":"https:\/\/kurcaloglu.com\/en\/wp-json\/wp\/v2\/tags?post=13765"}],"curies":[{"name":"wp","href":"https:\/\/api.w.org\/{rel}","templated":true}]}}