{"id":14381,"date":"2022-10-03T03:03:22","date_gmt":"2022-10-03T00:03:22","guid":{"rendered":"https:\/\/kurcaloglu.com\/?p=14381"},"modified":"2022-10-18T22:34:34","modified_gmt":"2022-10-18T19:34:34","slug":"vasiyetnamenin-iptali","status":"publish","type":"post","link":"https:\/\/kurcaloglu.com\/en\/vasiyetnamenin-iptali\/","title":{"rendered":"VAS\u0130YETNAMEN\u0130N \u0130PTAL\u0130"},"content":{"rendered":"<div data-elementor-type=\"wp-post\" data-elementor-id=\"14381\" class=\"elementor elementor-14381\">\n\t\t\t\t\t\t<section class=\"elementor-section elementor-top-section elementor-element elementor-element-d5d9cc3 elementor-section-boxed elementor-section-height-default elementor-section-height-default\" data-id=\"d5d9cc3\" data-element_type=\"section\">\n\t\t\t\t\t\t<div class=\"elementor-container elementor-column-gap-default\">\n\t\t\t\t\t<div class=\"elementor-column elementor-col-100 elementor-top-column elementor-element elementor-element-a27e6b2\" data-id=\"a27e6b2\" data-element_type=\"column\">\n\t\t\t<div class=\"elementor-widget-wrap elementor-element-populated\">\n\t\t\t\t\t\t<div class=\"elementor-element elementor-element-37a1028 elementor-widget elementor-widget-spacer\" data-id=\"37a1028\" data-element_type=\"widget\" data-widget_type=\"spacer.default\">\n\t\t\t\t<div class=\"elementor-widget-container\">\n\t\t\t\t\t<div class=\"elementor-spacer\">\n\t\t\t<div class=\"elementor-spacer-inner\"><\/div>\n\t\t<\/div>\n\t\t\t\t<\/div>\n\t\t\t\t<\/div>\n\t\t\t\t\t<\/div>\n\t\t<\/div>\n\t\t\t\t\t<\/div>\n\t\t<\/section>\n\t\t\t\t<section class=\"elementor-section elementor-top-section elementor-element elementor-element-15e5c30 elementor-section-boxed elementor-section-height-default elementor-section-height-default\" data-id=\"15e5c30\" data-element_type=\"section\" data-settings=\"{&quot;background_background&quot;:&quot;classic&quot;}\">\n\t\t\t\t\t\t<div class=\"elementor-container elementor-column-gap-default\">\n\t\t\t\t\t<div class=\"elementor-column elementor-col-100 elementor-top-column elementor-element elementor-element-bf047f3\" data-id=\"bf047f3\" data-element_type=\"column\">\n\t\t\t<div class=\"elementor-widget-wrap elementor-element-populated\">\n\t\t\t\t\t\t<div class=\"elementor-element elementor-element-ef21b9e elementor-widget elementor-widget-heading\" data-id=\"ef21b9e\" data-element_type=\"widget\" data-widget_type=\"heading.default\">\n\t\t\t\t<div class=\"elementor-widget-container\">\n\t\t\t<h1 class=\"elementor-heading-title elementor-size-xxl\"><b>VAS\u0130YETNAMEN\u0130N \u0130PTAL\u0130<\/b><\/h1>\t\t<\/div>\n\t\t\t\t<\/div>\n\t\t\t\t<div class=\"elementor-element elementor-element-348785c elementor-widget elementor-widget-image\" data-id=\"348785c\" data-element_type=\"widget\" data-widget_type=\"image.default\">\n\t\t\t\t<div class=\"elementor-widget-container\">\n\t\t\t\t\t\t\t\t\t\t\t\t\t<img fetchpriority=\"high\" decoding=\"async\" width=\"768\" height=\"512\" src=\"https:\/\/kurcaloglu.com\/wp-content\/uploads\/2022\/10\/Vasiyetnamenin-Tenfizi-Davasi-1024x682-1-768x512.jpg\" class=\"attachment-medium_large size-medium_large wp-image-14384\" alt=\"\" srcset=\"https:\/\/kurcaloglu.com\/wp-content\/uploads\/2022\/10\/Vasiyetnamenin-Tenfizi-Davasi-1024x682-1-768x512.jpg 768w, https:\/\/kurcaloglu.com\/wp-content\/uploads\/2022\/10\/Vasiyetnamenin-Tenfizi-Davasi-1024x682-1-300x200.jpg 300w, https:\/\/kurcaloglu.com\/wp-content\/uploads\/2022\/10\/Vasiyetnamenin-Tenfizi-Davasi-1024x682-1.jpg 1024w\" sizes=\"(max-width: 768px) 100vw, 768px\" \/>\t\t\t\t\t\t\t\t\t\t\t\t\t<\/div>\n\t\t\t\t<\/div>\n\t\t\t\t<div class=\"elementor-element elementor-element-de93c5d elementor-widget elementor-widget-heading\" data-id=\"de93c5d\" data-element_type=\"widget\" data-widget_type=\"heading.default\">\n\t\t\t\t<div class=\"elementor-widget-container\">\n\t\t\t<h2 class=\"elementor-heading-title elementor-size-default\"><h1 class=\"elementor-heading-title elementor-size-xxl elementor-inline-editing pen\" data-elementor-setting-key=\"title\" data-pen-placeholder=\"Buraya yaz...\" style=\"text-align: center;\"><span style=\"font-weight: 700;\">VAS\u0130YETNAMEN\u0130N \u0130PTAL\u0130<\/span><\/h1><\/h2>\t\t<\/div>\n\t\t\t\t<\/div>\n\t\t\t\t<div class=\"elementor-element elementor-element-cdb9975 elementor-widget elementor-widget-text-editor\" data-id=\"cdb9975\" data-element_type=\"widget\" data-widget_type=\"text-editor.default\">\n\t\t\t\t<div class=\"elementor-widget-container\">\n\t\t\t\t\t\t\t<p>Vasiyetnamenin \u0130ptali<br \/>Hukukumuzda, ki\u015finin vefat\u0131 veya gaipli\u011fi halinde, mal varl\u0131\u011f\u0131n\u0131n kimlere, nas\u0131l intikal edece\u011fi d\u00fczenlenmi\u015ftir. Miras b\u0131rakan, her zaman mal varl\u0131\u011f\u0131n\u0131n yasada belirlenen kurallara g\u00f6re payla\u015ft\u0131r\u0131lmas\u0131n\u0131 istemeyebilir. Bu halde, miras\u0131n\u0131n kimlere, hangi oranda payla\u015ft\u0131r\u0131laca\u011f\u0131n\u0131 kanunda \u00f6ng\u00f6r\u00fclen \u015fekil \u015fartlar\u0131na uyarak genellikle bir vasiyetname ile kendisi belirleyebilir. Miras b\u0131rakan\u0131n, belirlemi\u015f oldu\u011fu payla\u015ft\u0131rma kurallar\u0131, kimi zaman hatta \u00e7o\u011funlukla di\u011fer miras\u00e7\u0131lar\u0131n haklar\u0131n\u0131 zedelemektedir. Miras pay\u0131 zedelenen miras\u00e7\u0131lar, tenkis davas\u0131 a\u00e7arak, kanun taraf\u0131ndan korunmu\u015f sakl\u0131 paylar\u0131n\u0131 alabilirler veya iptal ko\u015fullar\u0131 varsa, menfaatlerine ayk\u0131r\u0131 vasiyetnamenin iptalini talep ederek, kanunda \u00f6ng\u00f6r\u00fclen miras paylar\u0131na kavu\u015fabilirler.<br \/>Vasiyetnamenin iptali sebepleri kanunda s\u0131n\u0131rl\u0131 bir \u015fekilde g\u00f6sterilmi\u015f olup, ancak bu sebeplerin varl\u0131\u011f\u0131 halinde vasiyetnamenin iptaline karar verilebilir.<\/p>\t\t\t\t\t\t<\/div>\n\t\t\t\t<\/div>\n\t\t\t\t<div class=\"elementor-element elementor-element-79177f6 elementor-widget elementor-widget-heading\" data-id=\"79177f6\" data-element_type=\"widget\" data-widget_type=\"heading.default\">\n\t\t\t\t<div class=\"elementor-widget-container\">\n\t\t\t<h2 class=\"elementor-heading-title elementor-size-default\">Vasiyetnamenin \u0130ptali Sebepleri:\n<\/h2>\t\t<\/div>\n\t\t\t\t<\/div>\n\t\t\t\t<div class=\"elementor-element elementor-element-fd8593a elementor-widget elementor-widget-text-editor\" data-id=\"fd8593a\" data-element_type=\"widget\" data-widget_type=\"text-editor.default\">\n\t\t\t\t<div class=\"elementor-widget-container\">\n\t\t\t\t\t\t\t<p>1. Vasiyetname, miras b\u0131rakan\u0131n tasarruf ehliyeti bulunmad\u0131\u011f\u0131 bir s\u0131rada yap\u0131lm\u0131\u015fsa, vasiyetname iptal edilecektir. Ki\u015finin vasiyetname yapabilmesi i\u00e7in on be\u015f ya\u015f\u0131n\u0131 doldurmu\u015f ve ay\u0131rt etme g\u00fcc\u00fcne sahip olmas\u0131 gerekmektedir. \u00d6rne\u011fin, ki\u015finin vasiyetname yapt\u0131\u011f\u0131 s\u0131rada, ya\u015fl\u0131l\u0131\u011f\u0131ndan dolay\u0131 ay\u0131rt etme g\u00fcc\u00fcn\u00fc etkileyecek bir hastal\u0131\u011f\u0131 varsa, miras\u00e7\u0131lar vasiyetnamenin iptalini isteyebilirler. Ki\u015finin ehliyet durumu doktor raporu ile kan\u0131tlan\u0131r.<\/p><p>2. Vasiyetname, yan\u0131lma, aldatma, korkutma veya zorlama sonucunda yap\u0131lm\u0131\u015fsa, miras\u00e7\u0131lar veya vasiyet alacakl\u0131s\u0131 vasiyetnamenin iptalini isteyebilir. Vasiyetname miras b\u0131rakan\u0131n ger\u00e7ek iradesini yans\u0131tmal\u0131d\u0131r. \u00d6rne\u011fin, lehine vasiyet yap\u0131lanlar\u0131n, miras b\u0131rakana bakmayacaklar\u0131n\u0131 s\u00f6ylemeleri ve miras b\u0131rakan \u00fczerinde manevi korku yaratmalar\u0131 Yarg\u0131tay kararlar\u0131nda vasiyetnamenin iptali sebebi olarak g\u00f6r\u00fclm\u00fc\u015ft\u00fcr.<\/p><p>3. Vasiyetnamenin i\u00e7eri\u011fi, ba\u011fland\u0131\u011f\u0131 ko\u015fullar veya y\u00fcklemeler hukuka veya ahlaka ayk\u0131r\u0131 ise, vasiyetnamenin iptali istenebilir. \u00d6rne\u011fin, miras b\u0131rakan\u0131n, miras\u00e7\u0131n\u0131n e\u015finden bo\u015fanmas\u0131 veya evlenmemesi ko\u015fuluyla yap\u0131lan vasiyetnamenin iptali istenebilir.<\/p><p>4. Vasiyetname, kanunda \u00f6ng\u00f6r\u00fclen \u015fekillere uyulmadan yap\u0131lm\u0131\u015fsa, vasiyetnamenin iptali istenebilir. Vasiyetname kanunda \u00f6ng\u00f6r\u00fclen \u015fekillere uygun olarak yap\u0131lmal\u0131d\u0131r. Aksi takdirde, miras\u00e7\u0131lar veya vasiyet alacakl\u0131s\u0131 vasiyetnamenin iptalini talep edebilir. Vasiyetname, resmi \u015fekilde yap\u0131labilece\u011fi gibi, el yaz\u0131s\u0131yla veya istisnai hallerde s\u00f6zl\u00fc yap\u0131labilir. El yaz\u0131l\u0131 vasiyetname, ba\u015ftan sona vasiyet\u00e7inin el yaz\u0131s\u0131yla yaz\u0131lmal\u0131 ve vasiyetnamede tarih bulunmal\u0131d\u0131r. Resmi vasiyetnamede ise, vasiyet\u00e7i, vasiyetin istek ve arzular\u0131na uygun olarak d\u00fczenlendi\u011fini iki tan\u0131k huzurunda beyan eder. Tan\u0131klar ise vasiyetnamenin \u00f6nlerinde yap\u0131ld\u0131\u011f\u0131n\u0131 ve miras b\u0131rakan\u0131 tasarrufa ehil g\u00f6rd\u00fcklerini beyan ederler. El yaz\u0131l\u0131 vasiyetnamede, tarih bulunmamas\u0131, resmi vasiyetnamede tan\u0131klar\u0131n vasiyet edeni ehil g\u00f6rd\u00fcklerini beyan etmemi\u015f olmalar\u0131 veya imzalar\u0131n eksik olmas\u0131 birer iptal sebebidir.<\/p>\t\t\t\t\t\t<\/div>\n\t\t\t\t<\/div>\n\t\t\t\t<div class=\"elementor-element elementor-element-0873017 elementor-widget elementor-widget-text-editor\" data-id=\"0873017\" data-element_type=\"widget\" data-widget_type=\"text-editor.default\">\n\t\t\t\t<div class=\"elementor-widget-container\">\n\t\t\t\t\t\t\t<p>Vasiyetnamenin iptali davas\u0131, vasiyetnamenin iptal edilmesinde menfaati bulunan miras\u00e7\u0131lar veya vasiyet alacakl\u0131s\u0131 taraf\u0131ndan a\u00e7\u0131labilir. Vasiyetnamenin iptali davas\u0131, lehine vasiyet yap\u0131lanlara kar\u015f\u0131 a\u00e7\u0131l\u0131r. \u00d6nemle belirtmek gerekir ki; vasiyet eden hayatta oldu\u011fu s\u00fcrece vasiyetnamenin iptali istenemez.<br \/>Vasiyetnamenin iptali davas\u0131, davac\u0131n\u0131n tasarrufu, iptal sebebini ve kendisinin hak sahibi oldu\u011funu \u00f6\u011frendi\u011fi tarihten ba\u015flayarak bir y\u0131l ve her halde vasiyetnamelerde a\u00e7\u0131lma tarihinin, di\u011fer tasarruflarda miras\u0131n ge\u00e7mesi tarihinin \u00fczerinden, iyi niyetli daval\u0131lara kar\u015f\u0131 on y\u0131l, iyi niyetli olmayan daval\u0131lara kar\u015f\u0131 yirmi y\u0131l i\u00e7inde, miras b\u0131rakan\u0131n son yerle\u015fim yeri Asliye Hukuk Mahkemesinde a\u00e7\u0131labilir.<\/p><p>Vasiyetnamenin iptali davas\u0131, lehine vasiyet yap\u0131lanlara kar\u015f\u0131 a\u00e7\u0131l\u0131r. Vasiyetnamenin iptaline karar verilmesi halinde iptal, yaln\u0131zca iptalini talep edenler bak\u0131m\u0131ndan h\u00fck\u00fcm do\u011furacak olup, vasiyetnamenin iptalini talep etmeyenler i\u00e7in ge\u00e7erli olmaya devam edecektir.<\/p><p>Vasiyetnamede sakl\u0131 paylar\u0131n ihlal edilmesi, vasiyetnamenin iptali sebeplerinden biri de\u011fildir. Sakl\u0131 pay\u0131n ihlal edilmesi ancak tenkis davas\u0131na konu olabilir. Sakl\u0131 payl\u0131 miras\u00e7\u0131n\u0131n, vasiyetnamede sakl\u0131 pay\u0131n\u0131n da ihlal edilmesi halinde, vasiyetnamenin iptali ile birlikte terditli olarak tenkis de talep edilebilir. Bu ihtimalde, mahkemece vasiyetnamenin iptali talebinin reddi halinde, kanun gere\u011fince miras paylar\u0131n\u0131n bir k\u0131sm\u0131n korunmu\u015f olan miras\u00e7\u0131lar, korunmu\u015f sakl\u0131 paylar\u0131n\u0131 alabileceklerdir.<\/p>\t\t\t\t\t\t<\/div>\n\t\t\t\t<\/div>\n\t\t\t\t<div class=\"elementor-element elementor-element-024e5a3 elementor-widget elementor-widget-spacer\" data-id=\"024e5a3\" data-element_type=\"widget\" data-widget_type=\"spacer.default\">\n\t\t\t\t<div class=\"elementor-widget-container\">\n\t\t\t\t\t<div class=\"elementor-spacer\">\n\t\t\t<div class=\"elementor-spacer-inner\"><\/div>\n\t\t<\/div>\n\t\t\t\t<\/div>\n\t\t\t\t<\/div>\n\t\t\t\t<div class=\"elementor-element elementor-element-b535512 elementor-widget elementor-widget-image\" data-id=\"b535512\" data-element_type=\"widget\" data-widget_type=\"image.default\">\n\t\t\t\t<div class=\"elementor-widget-container\">\n\t\t\t\t\t\t\t\t\t\t\t\t\t<img decoding=\"async\" width=\"640\" height=\"426\" src=\"https:\/\/kurcaloglu.com\/wp-content\/uploads\/2022\/10\/9e2250_d08cf14d608c41c6bfca8dd5a7f3cbd6_mv2.webp\" class=\"attachment-large size-large wp-image-14393\" alt=\"\" srcset=\"https:\/\/kurcaloglu.com\/wp-content\/uploads\/2022\/10\/9e2250_d08cf14d608c41c6bfca8dd5a7f3cbd6_mv2.webp 640w, https:\/\/kurcaloglu.com\/wp-content\/uploads\/2022\/10\/9e2250_d08cf14d608c41c6bfca8dd5a7f3cbd6_mv2-300x200.webp 300w\" sizes=\"(max-width: 640px) 100vw, 640px\" \/>\t\t\t\t\t\t\t\t\t\t\t\t\t<\/div>\n\t\t\t\t<\/div>\n\t\t\t\t<div class=\"elementor-element elementor-element-b33f43f elementor-widget elementor-widget-heading\" data-id=\"b33f43f\" data-element_type=\"widget\" data-widget_type=\"heading.default\">\n\t\t\t\t<div class=\"elementor-widget-container\">\n\t\t\t<h1 class=\"elementor-heading-title elementor-size-default\"><b>VAS\u0130YETNAMEN\u0130N \u0130PTAL\u0130 DAVASI<\/b><\/h1>\t\t<\/div>\n\t\t\t\t<\/div>\n\t\t\t\t<div class=\"elementor-element elementor-element-485ccd7 elementor-widget elementor-widget-spacer\" data-id=\"485ccd7\" data-element_type=\"widget\" data-widget_type=\"spacer.default\">\n\t\t\t\t<div class=\"elementor-widget-container\">\n\t\t\t\t\t<div class=\"elementor-spacer\">\n\t\t\t<div class=\"elementor-spacer-inner\"><\/div>\n\t\t<\/div>\n\t\t\t\t<\/div>\n\t\t\t\t<\/div>\n\t\t\t\t<div class=\"elementor-element elementor-element-4235020 elementor-widget elementor-widget-heading\" data-id=\"4235020\" data-element_type=\"widget\" data-widget_type=\"heading.default\">\n\t\t\t\t<div class=\"elementor-widget-container\">\n\t\t\t<h2 class=\"elementor-heading-title elementor-size-default\">VAS\u0130YETNAMEN\u0130N \u0130PTAL\u0130 DAVASI HANG\u0130 HALLERDE A\u00c7ILIR?<\/h2>\t\t<\/div>\n\t\t\t\t<\/div>\n\t\t\t\t<div class=\"elementor-element elementor-element-e61f0bb elementor-widget elementor-widget-text-editor\" data-id=\"e61f0bb\" data-element_type=\"widget\" data-widget_type=\"text-editor.default\">\n\t\t\t\t<div class=\"elementor-widget-container\">\n\t\t\t\t\t\t\t<p>Vasiyetnamenin iptali davas\u0131, vasiyetname haz\u0131rlanmas\u0131nda irade sakatl\u0131\u011f\u0131, ehliyet, hukuka ve ahlaka ayk\u0131r\u0131l\u0131k gibi sebeplerin varl\u0131\u011f\u0131 halinde ilgili miras\u00e7\u0131lar ve vasiyet alacakl\u0131lar\u0131n\u0131n a\u00e7t\u0131\u011f\u0131 ve vasiyetnamenin tamam\u0131n\u0131n veya bir k\u0131sm\u0131n\u0131n iptalinin sa\u011flanabildi\u011fi bir hukuk davas\u0131d\u0131r. Vasiyetnamenin iptali davas\u0131 a\u00e7\u0131labilmesi i\u00e7in vasiyetnamenin, kanun belirtti\u011fi esas ve usullere ayk\u0131r\u0131l\u0131k olmas\u0131 gerekmektedir.Vasiyetnamenin iptali sebepleri kanunda s\u0131n\u0131rl\u0131 bir \u015fekilde g\u00f6sterilmi\u015f olup, ancak bu sebeplerin varl\u0131\u011f\u0131 halinde vasiyetnamenin iptaline karar verilebilir.<\/p><p>Buna g\u00f6re a\u015fa\u011f\u0131daki hallerde vasiyetnamenin iptali davas\u0131 a\u00e7\u0131labilecektir:<\/p>\t\t\t\t\t\t<\/div>\n\t\t\t\t<\/div>\n\t\t\t\t<div class=\"elementor-element elementor-element-05a39e0 elementor-widget elementor-widget-image\" data-id=\"05a39e0\" data-element_type=\"widget\" data-widget_type=\"image.default\">\n\t\t\t\t<div class=\"elementor-widget-container\">\n\t\t\t\t\t\t\t\t\t\t\t\t\t<img decoding=\"async\" width=\"312\" height=\"162\" src=\"https:\/\/kurcaloglu.com\/wp-content\/uploads\/2022\/10\/Vasiyetname-Nedir.jpg\" class=\"attachment-large size-large wp-image-14385\" alt=\"\" srcset=\"https:\/\/kurcaloglu.com\/wp-content\/uploads\/2022\/10\/Vasiyetname-Nedir.jpg 312w, https:\/\/kurcaloglu.com\/wp-content\/uploads\/2022\/10\/Vasiyetname-Nedir-300x156.jpg 300w\" sizes=\"(max-width: 312px) 100vw, 312px\" \/>\t\t\t\t\t\t\t\t\t\t\t\t\t<\/div>\n\t\t\t\t<\/div>\n\t\t\t\t<div class=\"elementor-element elementor-element-6fcb483 elementor-widget elementor-widget-heading\" data-id=\"6fcb483\" data-element_type=\"widget\" data-widget_type=\"heading.default\">\n\t\t\t\t<div class=\"elementor-widget-container\">\n\t\t\t<h4 class=\"elementor-heading-title elementor-size-default\">TASARRUF M\u0130RAS BIRAKANIN TASARRUF EHL\u0130YET\u0130 BULUNMADI\u011eI B\u0130R SIRADA YAPILMI\u015eSA: <\/h4>\t\t<\/div>\n\t\t\t\t<\/div>\n\t\t\t\t<div class=\"elementor-element elementor-element-8e4a842 elementor-widget elementor-widget-text-editor\" data-id=\"8e4a842\" data-element_type=\"widget\" data-widget_type=\"text-editor.default\">\n\t\t\t\t<div class=\"elementor-widget-container\">\n\t\t\t\t\t\t\t<p>Miras b\u0131rakan, vasiyetnameyi haz\u0131rlad\u0131\u011f\u0131 s\u00fcrede ay\u0131rt etme g\u00fcc\u00fcne sahip ve 15 ya\u015f\u0131n\u0131 doldurmu\u015f olmal\u0131d\u0131r.<\/p>\t\t\t\t\t\t<\/div>\n\t\t\t\t<\/div>\n\t\t\t\t<div class=\"elementor-element elementor-element-6d39e9d elementor-widget elementor-widget-heading\" data-id=\"6d39e9d\" data-element_type=\"widget\" data-widget_type=\"heading.default\">\n\t\t\t\t<div class=\"elementor-widget-container\">\n\t\t\t<h4 class=\"elementor-heading-title elementor-size-default\">TASARRUF YANILMA, ALDATMA, KORKUTMA VEYA ZORLAMA SONUCUNDA YAPILMI\u015eSA: <\/h4>\t\t<\/div>\n\t\t\t\t<\/div>\n\t\t\t\t<div class=\"elementor-element elementor-element-0fcb2ef elementor-widget elementor-widget-text-editor\" data-id=\"0fcb2ef\" data-element_type=\"widget\" data-widget_type=\"text-editor.default\">\n\t\t\t\t<div class=\"elementor-widget-container\">\n\t\t\t\t\t\t\t<p>Miras b\u0131rakan\u0131n vasiyetnameyi herhangi bir korkutulma, zorlanma, yan\u0131lma ve aldat\u0131lma gibi iradeyi sakatlayan sebepler neticesinde haz\u0131rlamam\u0131\u015f olmal\u0131d\u0131r.<\/p>\t\t\t\t\t\t<\/div>\n\t\t\t\t<\/div>\n\t\t\t\t<div class=\"elementor-element elementor-element-f9deb4f elementor-widget elementor-widget-heading\" data-id=\"f9deb4f\" data-element_type=\"widget\" data-widget_type=\"heading.default\">\n\t\t\t\t<div class=\"elementor-widget-container\">\n\t\t\t<h4 class=\"elementor-heading-title elementor-size-default\">TASARRUFUN \u0130\u00c7ER\u0130\u011e\u0130, BA\u011eLANDI\u011eI KO\u015eULLAR VEYA Y\u00dcKLEMELER HUKUKA VEYA AHL\u00c2KA AYKIRIYSA:<\/h4>\t\t<\/div>\n\t\t\t\t<\/div>\n\t\t\t\t<div class=\"elementor-element elementor-element-64f156c elementor-widget elementor-widget-text-editor\" data-id=\"64f156c\" data-element_type=\"widget\" data-widget_type=\"text-editor.default\">\n\t\t\t\t<div class=\"elementor-widget-container\">\n\t\t\t\t\t\t\t<p>Vasiyetnamede malvarl\u0131\u011f\u0131n\u0131n intikali hukuka veya ahlaka ayk\u0131r\u0131 bir eylem ile \u015fartland\u0131rma ve y\u00fcklemeleri bar\u0131nd\u0131rmamal\u0131d\u0131r.<\/p>\t\t\t\t\t\t<\/div>\n\t\t\t\t<\/div>\n\t\t\t\t<div class=\"elementor-element elementor-element-7e3a9ec elementor-widget elementor-widget-heading\" data-id=\"7e3a9ec\" data-element_type=\"widget\" data-widget_type=\"heading.default\">\n\t\t\t\t<div class=\"elementor-widget-container\">\n\t\t\t<h4 class=\"elementor-heading-title elementor-size-default\">TASARRUF KANUNDA \u00d6NG\u00d6R\u00dcLEN \u015eEK\u0130LLERE UYULMADAN YAPILMI\u015eSA: <\/h4>\t\t<\/div>\n\t\t\t\t<\/div>\n\t\t\t\t<div class=\"elementor-element elementor-element-26da4ae elementor-widget elementor-widget-text-editor\" data-id=\"26da4ae\" data-element_type=\"widget\" data-widget_type=\"text-editor.default\">\n\t\t\t\t<div class=\"elementor-widget-container\">\n\t\t\t\t\t\t\t<p>Vasiyetnameler yaz\u0131l\u0131, s\u00f6zl\u00fc ve resmi olarak t\u00fcrlere ayr\u0131lm\u0131\u015f ve her t\u00fcr vasiyetname i\u00e7in kanunda \u015fekil \u015fart\u0131 getirilmi\u015ftir. Vasiyetnamelerin, t\u00fcrlerine g\u00f6re d\u00fczenlenmi\u015f \u015fekil \u015fartlar\u0131na ayk\u0131r\u0131 d\u00fczenlenmemi\u015f olmas\u0131 gerekmektedir.<\/p><p>Ba\u015fka bir ifade ile; miras b\u0131rakan vasiyetnameyi haz\u0131rlad\u0131\u011f\u0131 s\u0131rada ay\u0131rt etme g\u00fcc\u00fcne sahip de\u011filse, vasiyetnameyi yan\u0131lma, aldatma, korkutma veya zorlama sonucunda yani iradesini sakatlayan bir sebep sonucunda haz\u0131rlad\u0131ysa, vasiyetnamenin i\u00e7erisinde hukuka veya ahlaka ayk\u0131r\u0131 \u015fartlar ve y\u00fcklemeler yer almaktaysa ve son olarak vasiyetname \u015fekil \u015fartlar\u0131na ayk\u0131r\u0131 bi\u00e7imde haz\u0131rlanm\u0131\u015fsa vasiyetnamenin iptali davas\u0131n\u0131n a\u00e7\u0131lmas\u0131 ve vasiyetnamenin iptal edilmesi m\u00fcmk\u00fcnd\u00fcr.<\/p>\t\t\t\t\t\t<\/div>\n\t\t\t\t<\/div>\n\t\t\t\t<div class=\"elementor-element elementor-element-0c8a267 elementor-widget elementor-widget-image\" data-id=\"0c8a267\" data-element_type=\"widget\" data-widget_type=\"image.default\">\n\t\t\t\t<div class=\"elementor-widget-container\">\n\t\t\t\t\t\t\t\t\t\t\t\t\t<img loading=\"lazy\" decoding=\"async\" width=\"468\" height=\"300\" src=\"https:\/\/kurcaloglu.com\/wp-content\/uploads\/2022\/10\/vasiyetname-sartlari-nedir-vasiyetin-tenfizi-dava-dilekce-ornegi-41zlgGAx-1.jpeg\" class=\"attachment-large size-large wp-image-14394\" alt=\"\" srcset=\"https:\/\/kurcaloglu.com\/wp-content\/uploads\/2022\/10\/vasiyetname-sartlari-nedir-vasiyetin-tenfizi-dava-dilekce-ornegi-41zlgGAx-1.jpeg 468w, https:\/\/kurcaloglu.com\/wp-content\/uploads\/2022\/10\/vasiyetname-sartlari-nedir-vasiyetin-tenfizi-dava-dilekce-ornegi-41zlgGAx-1-300x192.jpeg 300w\" sizes=\"(max-width: 468px) 100vw, 468px\" \/>\t\t\t\t\t\t\t\t\t\t\t\t\t<\/div>\n\t\t\t\t<\/div>\n\t\t\t\t<div class=\"elementor-element elementor-element-f566677 elementor-widget elementor-widget-heading\" data-id=\"f566677\" data-element_type=\"widget\" data-widget_type=\"heading.default\">\n\t\t\t\t<div class=\"elementor-widget-container\">\n\t\t\t<h2 class=\"elementor-heading-title elementor-size-default\">VAS\u0130YETNAME D\u00dcZENLEME \u015eARTLARI VE T\u00dcRLER\u0130<\/h2>\t\t<\/div>\n\t\t\t\t<\/div>\n\t\t\t\t<div class=\"elementor-element elementor-element-2d426a7 elementor-widget elementor-widget-text-editor\" data-id=\"2d426a7\" data-element_type=\"widget\" data-widget_type=\"text-editor.default\">\n\t\t\t\t<div class=\"elementor-widget-container\">\n\t\t\t\t\t\t\t<p>Vasiyetname yapabilmek i\u00e7in \u00f6ncelikle on be\u015f ya\u015f\u0131n\u0131 doldurmu\u015f olmak ve ay\u0131rt etme g\u00fcc\u00fcne sahip olmak gerekir (MK.m.502).<\/p><p class=\" translation-block\">Vasiyetname yap\u0131l\u0131rken uyulmas\u0131 gereken kanuni \u015fekil \u015fartlar\u0131 mevcuttur. Medeni Kanuna g\u00f6re \u00fc\u00e7 \u015fekilde vasiyetname yap\u0131labilir:<br>Resmi vasiyetname (MK m.532-537), El yaz\u0131l\u0131 vasiyetname (MK m.538),S\u00f6zl\u00fc vasiyetname (MK m.539-341).<\/p><p>Resmi vasiyetname, resmi memur taraf\u0131ndan iki tan\u0131\u011f\u0131n kat\u0131lmas\u0131yla d\u00fczenlenir. Vasiyetnameyi d\u00fczenleyecek resmi memur; Sulh hakimi , noter veya kanunda kendisine yetki verilmi\u015f di\u011fer bir g\u00f6revli olabilir. Ayr\u0131ca resmi vasiyetname ile; vasiyetname d\u00fczenlenmesine kat\u0131lan resmi memur veya tan\u0131klar, bunlar\u0131n alt soy-\u00fcst soy h\u0131s\u0131mlar\u0131, karde\u015fleri ve bu ki\u015filerin e\u015flerine bir kazand\u0131rmada bulunulamaz (MK. m.536\/ll). Bu ki\u015filere resmi vasiyetname yolu ile kazand\u0131rmada bulunulmas\u0131 halinde, \u00f6l\u00fcme ba\u011fl\u0131 tasarrufun tamam\u0131 de\u011fil, sadece bu k\u0131sm\u0131n iptali gerekir (MK. m. 558).<\/p><p>El yaz\u0131l\u0131 vasiyetname MK m.538 de d\u00fczenlenmi\u015ftir. Vasiyet\u00e7i, bu vasiyetname t\u00fcr\u00fcn\u00fc kendi el yaz\u0131s\u0131 ile yazmak ve tarih atarak imzalamak zorundad\u0131r. Aksi takdirde \u015fekil \u015fartlar\u0131na uyulmam\u0131\u015f olur. Bu durumda vasiyetname \u015fekil eksikli\u011finden yoklukla sakat olur. \u0130mzan\u0131n el yaz\u0131s\u0131 ile at\u0131lmas\u0131 gerekir. Ba\u015fka hi\u00e7bir \u015fekilde at\u0131lan imza ge\u00e7erli olmaz.<\/p><p>S\u00f6zl\u00fc Vasiyetname ola\u011fan\u00fcst\u00fc bir halin varl\u0131\u011f\u0131, s\u00f6zl\u00fc vasiyetname d\u0131\u015f\u0131nda, ba\u015fka t\u00fcrl\u00fc vasiyet yapma imkan\u0131n\u0131n olmamas\u0131 gerekir.S\u00f6zl\u00fc vasiyet t\u00fcr\u00fcn\u00fcn \u015fartlar\u0131 olu\u015fsa dahi resmi veya el yaz\u0131l\u0131 vasiyetname yapma olana\u011f\u0131 varsa, bu takdirde s\u00f6zl\u00fc vasiyet ge\u00e7ersiz hale gelir. S\u00f6zl\u00fc vasiyet yap\u0131lmas\u0131na yol a\u00e7an ola\u011fan\u00fcst\u00fc halin ortadan kalkmas\u0131ndan itibaren bir ay sonra, vasiyet\u00e7i hala hayatta ise, s\u00f6zl\u00fc vasiyet mahkeme karar\u0131na gerek olmadan kendili\u011finden h\u00fck\u00fcms\u00fcz hale gelir (MK. m. 541) Bu durumda vasiyetname hi\u00e7 yap\u0131lmam\u0131\u015f gibi ge\u00e7mi\u015fe y\u00f6nelik olarak h\u00fck\u00fcms\u00fcz olur.<\/p>\t\t\t\t\t\t<\/div>\n\t\t\t\t<\/div>\n\t\t\t\t<div class=\"elementor-element elementor-element-e8a6767 elementor-widget elementor-widget-spacer\" data-id=\"e8a6767\" data-element_type=\"widget\" data-widget_type=\"spacer.default\">\n\t\t\t\t<div class=\"elementor-widget-container\">\n\t\t\t\t\t<div class=\"elementor-spacer\">\n\t\t\t<div class=\"elementor-spacer-inner\"><\/div>\n\t\t<\/div>\n\t\t\t\t<\/div>\n\t\t\t\t<\/div>\n\t\t\t\t<div class=\"elementor-element elementor-element-7477755 elementor-widget elementor-widget-image\" data-id=\"7477755\" data-element_type=\"widget\" data-widget_type=\"image.default\">\n\t\t\t\t<div class=\"elementor-widget-container\">\n\t\t\t\t\t\t\t\t\t\t\t\t\t<img loading=\"lazy\" decoding=\"async\" width=\"390\" height=\"220\" src=\"https:\/\/kurcaloglu.com\/wp-content\/uploads\/2022\/10\/vasiyetname-390x220-1.webp\" class=\"attachment-large size-large wp-image-14398\" alt=\"\" srcset=\"https:\/\/kurcaloglu.com\/wp-content\/uploads\/2022\/10\/vasiyetname-390x220-1.webp 390w, https:\/\/kurcaloglu.com\/wp-content\/uploads\/2022\/10\/vasiyetname-390x220-1-300x169.webp 300w\" sizes=\"(max-width: 390px) 100vw, 390px\" \/>\t\t\t\t\t\t\t\t\t\t\t\t\t<\/div>\n\t\t\t\t<\/div>\n\t\t\t\t<div class=\"elementor-element elementor-element-632b3f4 elementor-widget elementor-widget-heading\" data-id=\"632b3f4\" data-element_type=\"widget\" data-widget_type=\"heading.default\">\n\t\t\t\t<div class=\"elementor-widget-container\">\n\t\t\t<h2 class=\"elementor-heading-title elementor-size-default\">K\u0130MLER VAS\u0130YETNAMEN\u0130N \u0130PTAL\u0130 DAVASI A\u00c7AB\u0130L\u0130R?<\/h2>\t\t<\/div>\n\t\t\t\t<\/div>\n\t\t\t\t<div class=\"elementor-element elementor-element-26503ce elementor-widget elementor-widget-text-editor\" data-id=\"26503ce\" data-element_type=\"widget\" data-widget_type=\"text-editor.default\">\n\t\t\t\t<div class=\"elementor-widget-container\">\n\t\t\t\t\t\t\t<p>Vasiyetnamenin iptali davas\u0131n\u0131n a\u00e7\u0131labilmesi i\u00e7in \u00f6ncelikle miras b\u0131rakan (vasiyetname haz\u0131rlayan) ki\u015finin halen ya\u015f\u0131yor olmamas\u0131 gerekmektedir. Bununla birlikte davay\u0131 a\u00e7maya yetkili ki\u015filer, vasiyetnamenin iptali davas\u0131 a\u00e7\u0131lmas\u0131nda menfaati bulunan miras\u00e7\u0131 veya vasiyet alacakl\u0131lar\u0131d\u0131r.<\/p>\t\t\t\t\t\t<\/div>\n\t\t\t\t<\/div>\n\t\t\t\t<div class=\"elementor-element elementor-element-b56211f elementor-widget elementor-widget-spacer\" data-id=\"b56211f\" data-element_type=\"widget\" data-widget_type=\"spacer.default\">\n\t\t\t\t<div class=\"elementor-widget-container\">\n\t\t\t\t\t<div class=\"elementor-spacer\">\n\t\t\t<div class=\"elementor-spacer-inner\"><\/div>\n\t\t<\/div>\n\t\t\t\t<\/div>\n\t\t\t\t<\/div>\n\t\t\t\t<div class=\"elementor-element elementor-element-7710df3 elementor-widget elementor-widget-image\" data-id=\"7710df3\" data-element_type=\"widget\" data-widget_type=\"image.default\">\n\t\t\t\t<div class=\"elementor-widget-container\">\n\t\t\t\t\t\t\t\t\t\t\t\t\t<img loading=\"lazy\" decoding=\"async\" width=\"392\" height=\"237\" src=\"https:\/\/kurcaloglu.com\/wp-content\/uploads\/2022\/10\/vasiyetname-nedir-nasil-hazirlanir-vasiyetnamenin-bozulma-sartlari.jpg\" class=\"attachment-large size-large wp-image-14399\" alt=\"\" srcset=\"https:\/\/kurcaloglu.com\/wp-content\/uploads\/2022\/10\/vasiyetname-nedir-nasil-hazirlanir-vasiyetnamenin-bozulma-sartlari.jpg 392w, https:\/\/kurcaloglu.com\/wp-content\/uploads\/2022\/10\/vasiyetname-nedir-nasil-hazirlanir-vasiyetnamenin-bozulma-sartlari-300x181.jpg 300w\" sizes=\"(max-width: 392px) 100vw, 392px\" \/>\t\t\t\t\t\t\t\t\t\t\t\t\t<\/div>\n\t\t\t\t<\/div>\n\t\t\t\t<div class=\"elementor-element elementor-element-009543b elementor-widget elementor-widget-heading\" data-id=\"009543b\" data-element_type=\"widget\" data-widget_type=\"heading.default\">\n\t\t\t\t<div class=\"elementor-widget-container\">\n\t\t\t<h2 class=\"elementor-heading-title elementor-size-default translation-block\">VAS\u0130YETNAMEN\u0130N \u0130PTAL\u0130 DAVASI<br>NEREDE VE NE ZAMAN A\u00c7ILAB\u0130L\u0130R?<\/h2>\t\t<\/div>\n\t\t\t\t<\/div>\n\t\t\t\t<div class=\"elementor-element elementor-element-44795ec elementor-widget elementor-widget-text-editor\" data-id=\"44795ec\" data-element_type=\"widget\" data-widget_type=\"text-editor.default\">\n\t\t\t\t<div class=\"elementor-widget-container\">\n\t\t\t\t\t\t\t<p>T\u00fcrk Medeni Kanun\u2019un 559. Maddesinde davaya ili\u015fkin s\u00fcreler \u015fu \u015fekilde d\u00fczenlenmi\u015ftir: \u201c\u0130ptal davas\u0131 a\u00e7ma hakk\u0131, davac\u0131n\u0131n tasarrufu, iptal sebebini ve kendisinin hak sahibi oldu\u011funu \u00f6\u011frendi\u011fi tarihten ba\u015flayarak bir y\u0131l ve her halde vasiyetnamelerde a\u00e7\u0131lma tarihinin, di\u011fer tasarruflarda miras\u0131n ge\u00e7mesi tarihinin \u00fczerinden, iyiniyetli daval\u0131lara kar\u015f\u0131 on y\u0131l, iyiniyetli olmayan daval\u0131lara kar\u015f\u0131 yirmi y\u0131l ge\u00e7mekle d\u00fc\u015fer. \u201c<\/p><p>Buna g\u00f6re menfaati bulunan miras\u00e7\u0131lar ve vasiyet alacakl\u0131lar\u0131; \u00f6\u011frenme tarihinden itibaren bir y\u0131l, her durumda iyi niyetli daval\u0131lara kar\u015f\u0131 on y\u0131l ve iyi niyetli olmayan daval\u0131lara kar\u015f\u0131 i\u00e7in yirmi y\u0131l i\u00e7inde vasiyetnamenin iptali davas\u0131n\u0131 a\u00e7mal\u0131d\u0131r. Ayr\u0131ca, h\u00fck\u00fcms\u00fczl\u00fck def\u2019i yolu ile her zaman ileri s\u00fcr\u00fclebilmektedir<\/p><p>Vasiyetnamenin iptali davas\u0131 i\u00e7in yetkili ve g\u00f6revli mahkeme ise, miras b\u0131rakan\u0131n son yerle\u015fim yerindeki asliye hukuk mahkemesi olacakt\u0131r.<\/p>\t\t\t\t\t\t<\/div>\n\t\t\t\t<\/div>\n\t\t\t\t\t<\/div>\n\t\t<\/div>\n\t\t\t\t\t<\/div>\n\t\t<\/section>\n\t\t\t\t<section class=\"elementor-section elementor-top-section elementor-element elementor-element-b87b702 elementor-section-boxed elementor-section-height-default elementor-section-height-default\" data-id=\"b87b702\" data-element_type=\"section\">\n\t\t\t\t\t\t<div class=\"elementor-container elementor-column-gap-default\">\n\t\t\t\t\t<div class=\"elementor-column elementor-col-100 elementor-top-column elementor-element elementor-element-e92ab7d\" data-id=\"e92ab7d\" data-element_type=\"column\">\n\t\t\t<div class=\"elementor-widget-wrap\">\n\t\t\t\t\t\t\t<\/div>\n\t\t<\/div>\n\t\t\t\t\t<\/div>\n\t\t<\/section>\n\t\t\t\t<\/div>","protected":false},"excerpt":{"rendered":"<p>VAS\u0130YETNAMEN\u0130N \u0130PTAL\u0130 VAS\u0130YETNAMEN\u0130N \u0130PTAL\u0130 Vasiyetnamenin \u0130ptali Hukukumuzda, ki\u015finin vefat\u0131 veya gaipli\u011fi halinde, mal varl\u0131\u011f\u0131n\u0131n kimlere, nas\u0131l intikal edece\u011fi d\u00fczenlenmi\u015ftir. Miras b\u0131rakan, her zaman mal varl\u0131\u011f\u0131n\u0131n yasada belirlenen kurallara g\u00f6re payla\u015ft\u0131r\u0131lmas\u0131n\u0131 istemeyebilir. Bu halde, miras\u0131n\u0131n kimlere, hangi oranda payla\u015ft\u0131r\u0131laca\u011f\u0131n\u0131 kanunda \u00f6ng\u00f6r\u00fclen \u015fekil \u015fartlar\u0131na uyarak genellikle bir vasiyetname ile kendisi belirleyebilir. Miras b\u0131rakan\u0131n, belirlemi\u015f oldu\u011fu payla\u015ft\u0131rma kurallar\u0131,&#8230;<\/p>","protected":false},"author":1,"featured_media":0,"comment_status":"open","ping_status":"open","sticky":false,"template":"elementor_header_footer","format":"standard","meta":{"footnotes":""},"categories":[655,652],"tags":[786,770,776,785,775,784,788,780,781,787,782,783],"yoast_head":"<!-- This site is optimized with the Yoast SEO plugin v22.8 - https:\/\/yoast.com\/wordpress\/plugins\/seo\/ -->\n<title>VAS\u0130YETNAMEN\u0130N \u0130PTAL\u0130 - Kur&ccedil;alo\u011flu Hukuk &amp; Partners<\/title>\n<meta name=\"robots\" content=\"index, follow, max-snippet:-1, max-image-preview:large, max-video-preview:-1\" \/>\n<link rel=\"canonical\" href=\"https:\/\/kurcaloglu.com\/en\/vasiyetnamenin-iptali\/\" \/>\n<meta property=\"og:locale\" content=\"en_GB\" \/>\n<meta property=\"og:type\" content=\"article\" \/>\n<meta property=\"og:title\" content=\"VAS\u0130YETNAMEN\u0130N \u0130PTAL\u0130 - Kur&ccedil;alo\u011flu Hukuk &amp; Partners\" \/>\n<meta property=\"og:description\" content=\"VAS\u0130YETNAMEN\u0130N \u0130PTAL\u0130 VAS\u0130YETNAMEN\u0130N \u0130PTAL\u0130 Vasiyetnamenin \u0130ptali Hukukumuzda, ki\u015finin vefat\u0131 veya gaipli\u011fi halinde, mal varl\u0131\u011f\u0131n\u0131n kimlere, nas\u0131l intikal edece\u011fi d\u00fczenlenmi\u015ftir. Miras b\u0131rakan, her zaman mal varl\u0131\u011f\u0131n\u0131n yasada belirlenen kurallara g\u00f6re payla\u015ft\u0131r\u0131lmas\u0131n\u0131 istemeyebilir. Bu halde, miras\u0131n\u0131n kimlere, hangi oranda payla\u015ft\u0131r\u0131laca\u011f\u0131n\u0131 kanunda \u00f6ng\u00f6r\u00fclen \u015fekil \u015fartlar\u0131na uyarak genellikle bir vasiyetname ile kendisi belirleyebilir. Miras b\u0131rakan\u0131n, belirlemi\u015f oldu\u011fu payla\u015ft\u0131rma kurallar\u0131,...\" \/>\n<meta property=\"og:url\" content=\"https:\/\/kurcaloglu.com\/en\/vasiyetnamenin-iptali\/\" \/>\n<meta property=\"og:site_name\" content=\"Kur&ccedil;alo\u011flu Hukuk &amp; Partners\" \/>\n<meta property=\"article:publisher\" content=\"https:\/\/www.facebook.com\/profile.php?id=100090344741598\" \/>\n<meta property=\"article:published_time\" content=\"2022-10-03T00:03:22+00:00\" \/>\n<meta property=\"article:modified_time\" content=\"2022-10-18T19:34:34+00:00\" \/>\n<meta property=\"og:image\" content=\"https:\/\/kurcaloglu.com\/wp-content\/uploads\/2022\/10\/Vasiyetnamenin-Tenfizi-Davasi-1024x682-1-768x512.jpg\" \/>\n<meta name=\"author\" content=\"admin\" \/>\n<meta name=\"twitter:card\" content=\"summary_large_image\" \/>\n<meta name=\"twitter:creator\" content=\"@KurcalogluHukuk\" \/>\n<meta name=\"twitter:site\" content=\"@KurcalogluHukuk\" \/>\n<meta name=\"twitter:label1\" content=\"Written by\" \/>\n\t<meta name=\"twitter:data1\" content=\"admin\" \/>\n\t<meta name=\"twitter:label2\" content=\"Estimated reading time\" \/>\n\t<meta name=\"twitter:data2\" content=\"9 minutes\" \/>\n<script type=\"application\/ld+json\" class=\"yoast-schema-graph\">{\"@context\":\"https:\/\/schema.org\",\"@graph\":[{\"@type\":\"Article\",\"@id\":\"https:\/\/kurcaloglu.com\/vasiyetnamenin-iptali\/#article\",\"isPartOf\":{\"@id\":\"https:\/\/kurcaloglu.com\/vasiyetnamenin-iptali\/\"},\"author\":{\"name\":\"admin\",\"@id\":\"https:\/\/kurcaloglu.com\/#\/schema\/person\/1c68de35cc0dce6dbbe2360763923675\"},\"headline\":\"VAS\u0130YETNAMEN\u0130N \u0130PTAL\u0130\",\"datePublished\":\"2022-10-03T00:03:22+00:00\",\"dateModified\":\"2022-10-18T19:34:34+00:00\",\"mainEntityOfPage\":{\"@id\":\"https:\/\/kurcaloglu.com\/vasiyetnamenin-iptali\/\"},\"wordCount\":1668,\"commentCount\":0,\"publisher\":{\"@id\":\"https:\/\/kurcaloglu.com\/#organization\"},\"image\":{\"@id\":\"https:\/\/kurcaloglu.com\/vasiyetnamenin-iptali\/#primaryimage\"},\"thumbnailUrl\":\"https:\/\/kurcaloglu.com\/wp-content\/uploads\/2022\/10\/Vasiyetnamenin-Tenfizi-Davasi-1024x682-1-768x512.jpg\",\"keywords\":[\"Miras Avukat\u0131 \u0130stanbul\",\"Miras Hukuku\",\"Miras Hukuku Avukat\u0131\",\"Miras Hukuku \u0130stanbul\",\"Miras Hukuku T\u00fcrkiye\",\"Miras Hukuku Vasiyetnamenin \u0130ptali Davas\u0131\",\"Vasiyetnamenin iptal \u015eartlar\u0131 Nelerdir?\",\"Vasiyetnamenin \u0130ptali\",\"Vasiyetnamenin \u0130ptali Davas\u0131\",\"Vasiyetnamenin \u0130ptali Davas\u0131 istanbul\",\"Vasiyetnamenin \u0130ptali Davas\u0131 \u0130stanbul\",\"Vasiyetnamenin \u0130ptali Davas\u0131 T\u00fcrkiye\"],\"articleSection\":[\"Makaleler B\u00fct\u00fcn Kategoriler\",\"Makaleler Miras Hukuku\"],\"inLanguage\":\"en-GB\",\"potentialAction\":[{\"@type\":\"CommentAction\",\"name\":\"Comment\",\"target\":[\"https:\/\/kurcaloglu.com\/vasiyetnamenin-iptali\/#respond\"]}]},{\"@type\":\"WebPage\",\"@id\":\"https:\/\/kurcaloglu.com\/vasiyetnamenin-iptali\/\",\"url\":\"https:\/\/kurcaloglu.com\/vasiyetnamenin-iptali\/\",\"name\":\"VAS\u0130YETNAMEN\u0130N \u0130PTAL\u0130 - Kur&ccedil;alo\u011flu Hukuk &amp; Partners\",\"isPartOf\":{\"@id\":\"https:\/\/kurcaloglu.com\/#website\"},\"primaryImageOfPage\":{\"@id\":\"https:\/\/kurcaloglu.com\/vasiyetnamenin-iptali\/#primaryimage\"},\"image\":{\"@id\":\"https:\/\/kurcaloglu.com\/vasiyetnamenin-iptali\/#primaryimage\"},\"thumbnailUrl\":\"https:\/\/kurcaloglu.com\/wp-content\/uploads\/2022\/10\/Vasiyetnamenin-Tenfizi-Davasi-1024x682-1-768x512.jpg\",\"datePublished\":\"2022-10-03T00:03:22+00:00\",\"dateModified\":\"2022-10-18T19:34:34+00:00\",\"breadcrumb\":{\"@id\":\"https:\/\/kurcaloglu.com\/vasiyetnamenin-iptali\/#breadcrumb\"},\"inLanguage\":\"en-GB\",\"potentialAction\":[{\"@type\":\"ReadAction\",\"target\":[\"https:\/\/kurcaloglu.com\/vasiyetnamenin-iptali\/\"]}]},{\"@type\":\"ImageObject\",\"inLanguage\":\"en-GB\",\"@id\":\"https:\/\/kurcaloglu.com\/vasiyetnamenin-iptali\/#primaryimage\",\"url\":\"https:\/\/kurcaloglu.com\/wp-content\/uploads\/2022\/10\/Vasiyetnamenin-Tenfizi-Davasi-1024x682-1-768x512.jpg\",\"contentUrl\":\"https:\/\/kurcaloglu.com\/wp-content\/uploads\/2022\/10\/Vasiyetnamenin-Tenfizi-Davasi-1024x682-1-768x512.jpg\"},{\"@type\":\"BreadcrumbList\",\"@id\":\"https:\/\/kurcaloglu.com\/vasiyetnamenin-iptali\/#breadcrumb\",\"itemListElement\":[{\"@type\":\"ListItem\",\"position\":1,\"name\":\"Anasayfa\",\"item\":\"https:\/\/kurcaloglu.com\/\"},{\"@type\":\"ListItem\",\"position\":2,\"name\":\"VAS\u0130YETNAMEN\u0130N \u0130PTAL\u0130\"}]},{\"@type\":\"WebSite\",\"@id\":\"https:\/\/kurcaloglu.com\/#website\",\"url\":\"https:\/\/kurcaloglu.com\/\",\"name\":\"Kur\u00e7alo\u011flu Hukuk & Partners\",\"description\":\"Ceza hukuku- \u0130cra iflas hukuku, Miras hukuku, Bo\u015fanma hukuk, \u0130\u015f hukuku\",\"publisher\":{\"@id\":\"https:\/\/kurcaloglu.com\/#organization\"},\"alternateName\":\"Kur\u00e7alo\u011flu Hukuk & Partners\",\"potentialAction\":[{\"@type\":\"SearchAction\",\"target\":{\"@type\":\"EntryPoint\",\"urlTemplate\":\"https:\/\/kurcaloglu.com\/?s={search_term_string}\"},\"query-input\":\"required name=search_term_string\"}],\"inLanguage\":\"en-GB\"},{\"@type\":\"Organization\",\"@id\":\"https:\/\/kurcaloglu.com\/#organization\",\"name\":\"Kur\u00e7alo\u011flu Hukuk & Partners\",\"alternateName\":\"Kur\u00e7alo\u011flu Hukuk & Partners\",\"url\":\"https:\/\/kurcaloglu.com\/\",\"logo\":{\"@type\":\"ImageObject\",\"inLanguage\":\"en-GB\",\"@id\":\"https:\/\/kurcaloglu.com\/#\/schema\/logo\/image\/\",\"url\":\"https:\/\/kurcaloglu.com\/wp-content\/uploads\/2022\/04\/cropped-cropped-cropped-Adsiz-tasarim-1-2-1.png\",\"contentUrl\":\"https:\/\/kurcaloglu.com\/wp-content\/uploads\/2022\/04\/cropped-cropped-cropped-Adsiz-tasarim-1-2-1.png\",\"width\":245,\"height\":65,\"caption\":\"Kur\u00e7alo\u011flu Hukuk & Partners\"},\"image\":{\"@id\":\"https:\/\/kurcaloglu.com\/#\/schema\/logo\/image\/\"},\"sameAs\":[\"https:\/\/www.facebook.com\/profile.php?id=100090344741598\",\"https:\/\/x.com\/KurcalogluHukuk\",\"https:\/\/www.facebook.com\/kurcalogluhukuk&partners\",\"https:\/\/www.instagram.com\/kurcalogluhukuk&Partners\/?hl=tr\"]},{\"@type\":\"Person\",\"@id\":\"https:\/\/kurcaloglu.com\/#\/schema\/person\/1c68de35cc0dce6dbbe2360763923675\",\"name\":\"admin\",\"image\":{\"@type\":\"ImageObject\",\"inLanguage\":\"en-GB\",\"@id\":\"https:\/\/kurcaloglu.com\/#\/schema\/person\/image\/\",\"url\":\"https:\/\/secure.gravatar.com\/avatar\/22be8f8cfea2b6627b98e3bd7d7911a6?s=96&d=mm&r=g\",\"contentUrl\":\"https:\/\/secure.gravatar.com\/avatar\/22be8f8cfea2b6627b98e3bd7d7911a6?s=96&d=mm&r=g\",\"caption\":\"admin\"},\"sameAs\":[\"http:\/\/kurcaloglu.com\"],\"url\":\"https:\/\/kurcaloglu.com\/en\/author\/admin\/\"}]}<\/script>\n<!-- \/ Yoast SEO plugin. -->","yoast_head_json":{"title":"VAS\u0130YETNAMEN\u0130N \u0130PTAL\u0130 - Kur&ccedil;alo\u011flu Hukuk &amp; Partners","robots":{"index":"index","follow":"follow","max-snippet":"max-snippet:-1","max-image-preview":"max-image-preview:large","max-video-preview":"max-video-preview:-1"},"canonical":"https:\/\/kurcaloglu.com\/en\/vasiyetnamenin-iptali\/","og_locale":"en_GB","og_type":"article","og_title":"VAS\u0130YETNAMEN\u0130N \u0130PTAL\u0130 - Kur&ccedil;alo\u011flu Hukuk &amp; Partners","og_description":"VAS\u0130YETNAMEN\u0130N \u0130PTAL\u0130 VAS\u0130YETNAMEN\u0130N \u0130PTAL\u0130 Vasiyetnamenin \u0130ptali Hukukumuzda, ki\u015finin vefat\u0131 veya gaipli\u011fi halinde, mal varl\u0131\u011f\u0131n\u0131n kimlere, nas\u0131l intikal edece\u011fi d\u00fczenlenmi\u015ftir. Miras b\u0131rakan, her zaman mal varl\u0131\u011f\u0131n\u0131n yasada belirlenen kurallara g\u00f6re payla\u015ft\u0131r\u0131lmas\u0131n\u0131 istemeyebilir. Bu halde, miras\u0131n\u0131n kimlere, hangi oranda payla\u015ft\u0131r\u0131laca\u011f\u0131n\u0131 kanunda \u00f6ng\u00f6r\u00fclen \u015fekil \u015fartlar\u0131na uyarak genellikle bir vasiyetname ile kendisi belirleyebilir. Miras b\u0131rakan\u0131n, belirlemi\u015f oldu\u011fu payla\u015ft\u0131rma kurallar\u0131,...","og_url":"https:\/\/kurcaloglu.com\/en\/vasiyetnamenin-iptali\/","og_site_name":"Kur&ccedil;alo\u011flu Hukuk &amp; Partners","article_publisher":"https:\/\/www.facebook.com\/profile.php?id=100090344741598","article_published_time":"2022-10-03T00:03:22+00:00","article_modified_time":"2022-10-18T19:34:34+00:00","og_image":[{"url":"https:\/\/kurcaloglu.com\/wp-content\/uploads\/2022\/10\/Vasiyetnamenin-Tenfizi-Davasi-1024x682-1-768x512.jpg"}],"author":"admin","twitter_card":"summary_large_image","twitter_creator":"@KurcalogluHukuk","twitter_site":"@KurcalogluHukuk","twitter_misc":{"Written by":"admin","Estimated reading time":"9 minutes"},"schema":{"@context":"https:\/\/schema.org","@graph":[{"@type":"Article","@id":"https:\/\/kurcaloglu.com\/vasiyetnamenin-iptali\/#article","isPartOf":{"@id":"https:\/\/kurcaloglu.com\/vasiyetnamenin-iptali\/"},"author":{"name":"admin","@id":"https:\/\/kurcaloglu.com\/#\/schema\/person\/1c68de35cc0dce6dbbe2360763923675"},"headline":"VAS\u0130YETNAMEN\u0130N \u0130PTAL\u0130","datePublished":"2022-10-03T00:03:22+00:00","dateModified":"2022-10-18T19:34:34+00:00","mainEntityOfPage":{"@id":"https:\/\/kurcaloglu.com\/vasiyetnamenin-iptali\/"},"wordCount":1668,"commentCount":0,"publisher":{"@id":"https:\/\/kurcaloglu.com\/#organization"},"image":{"@id":"https:\/\/kurcaloglu.com\/vasiyetnamenin-iptali\/#primaryimage"},"thumbnailUrl":"https:\/\/kurcaloglu.com\/wp-content\/uploads\/2022\/10\/Vasiyetnamenin-Tenfizi-Davasi-1024x682-1-768x512.jpg","keywords":["Miras Avukat\u0131 \u0130stanbul","Miras Hukuku","Miras Hukuku Avukat\u0131","Miras Hukuku \u0130stanbul","Miras Hukuku T\u00fcrkiye","Miras Hukuku Vasiyetnamenin \u0130ptali Davas\u0131","Vasiyetnamenin iptal \u015eartlar\u0131 Nelerdir?","Vasiyetnamenin \u0130ptali","Vasiyetnamenin \u0130ptali Davas\u0131","Vasiyetnamenin \u0130ptali Davas\u0131 istanbul","Vasiyetnamenin \u0130ptali Davas\u0131 \u0130stanbul","Vasiyetnamenin \u0130ptali Davas\u0131 T\u00fcrkiye"],"articleSection":["Makaleler B\u00fct\u00fcn Kategoriler","Makaleler Miras Hukuku"],"inLanguage":"en-GB","potentialAction":[{"@type":"CommentAction","name":"Comment","target":["https:\/\/kurcaloglu.com\/vasiyetnamenin-iptali\/#respond"]}]},{"@type":"WebPage","@id":"https:\/\/kurcaloglu.com\/vasiyetnamenin-iptali\/","url":"https:\/\/kurcaloglu.com\/vasiyetnamenin-iptali\/","name":"VAS\u0130YETNAMEN\u0130N \u0130PTAL\u0130 - Kur&ccedil;alo\u011flu Hukuk &amp; Partners","isPartOf":{"@id":"https:\/\/kurcaloglu.com\/#website"},"primaryImageOfPage":{"@id":"https:\/\/kurcaloglu.com\/vasiyetnamenin-iptali\/#primaryimage"},"image":{"@id":"https:\/\/kurcaloglu.com\/vasiyetnamenin-iptali\/#primaryimage"},"thumbnailUrl":"https:\/\/kurcaloglu.com\/wp-content\/uploads\/2022\/10\/Vasiyetnamenin-Tenfizi-Davasi-1024x682-1-768x512.jpg","datePublished":"2022-10-03T00:03:22+00:00","dateModified":"2022-10-18T19:34:34+00:00","breadcrumb":{"@id":"https:\/\/kurcaloglu.com\/vasiyetnamenin-iptali\/#breadcrumb"},"inLanguage":"en-GB","potentialAction":[{"@type":"ReadAction","target":["https:\/\/kurcaloglu.com\/vasiyetnamenin-iptali\/"]}]},{"@type":"ImageObject","inLanguage":"en-GB","@id":"https:\/\/kurcaloglu.com\/vasiyetnamenin-iptali\/#primaryimage","url":"https:\/\/kurcaloglu.com\/wp-content\/uploads\/2022\/10\/Vasiyetnamenin-Tenfizi-Davasi-1024x682-1-768x512.jpg","contentUrl":"https:\/\/kurcaloglu.com\/wp-content\/uploads\/2022\/10\/Vasiyetnamenin-Tenfizi-Davasi-1024x682-1-768x512.jpg"},{"@type":"BreadcrumbList","@id":"https:\/\/kurcaloglu.com\/vasiyetnamenin-iptali\/#breadcrumb","itemListElement":[{"@type":"ListItem","position":1,"name":"Anasayfa","item":"https:\/\/kurcaloglu.com\/"},{"@type":"ListItem","position":2,"name":"VAS\u0130YETNAMEN\u0130N \u0130PTAL\u0130"}]},{"@type":"WebSite","@id":"https:\/\/kurcaloglu.com\/#website","url":"https:\/\/kurcaloglu.com\/","name":"Kur\u00e7alo\u011flu Hukuk & Partners","description":"Ceza hukuku- \u0130cra iflas hukuku, Miras hukuku, Bo\u015fanma hukuk, \u0130\u015f hukuku","publisher":{"@id":"https:\/\/kurcaloglu.com\/#organization"},"alternateName":"Kur\u00e7alo\u011flu Hukuk & Partners","potentialAction":[{"@type":"SearchAction","target":{"@type":"EntryPoint","urlTemplate":"https:\/\/kurcaloglu.com\/?s={search_term_string}"},"query-input":"required name=search_term_string"}],"inLanguage":"en-GB"},{"@type":"Organization","@id":"https:\/\/kurcaloglu.com\/#organization","name":"Kur\u00e7alo\u011flu Hukuk & Partners","alternateName":"Kur\u00e7alo\u011flu Hukuk & Partners","url":"https:\/\/kurcaloglu.com\/","logo":{"@type":"ImageObject","inLanguage":"en-GB","@id":"https:\/\/kurcaloglu.com\/#\/schema\/logo\/image\/","url":"https:\/\/kurcaloglu.com\/wp-content\/uploads\/2022\/04\/cropped-cropped-cropped-Adsiz-tasarim-1-2-1.png","contentUrl":"https:\/\/kurcaloglu.com\/wp-content\/uploads\/2022\/04\/cropped-cropped-cropped-Adsiz-tasarim-1-2-1.png","width":245,"height":65,"caption":"Kur\u00e7alo\u011flu Hukuk & Partners"},"image":{"@id":"https:\/\/kurcaloglu.com\/#\/schema\/logo\/image\/"},"sameAs":["https:\/\/www.facebook.com\/profile.php?id=100090344741598","https:\/\/x.com\/KurcalogluHukuk","https:\/\/www.facebook.com\/kurcalogluhukuk&partners","https:\/\/www.instagram.com\/kurcalogluhukuk&Partners\/?hl=tr"]},{"@type":"Person","@id":"https:\/\/kurcaloglu.com\/#\/schema\/person\/1c68de35cc0dce6dbbe2360763923675","name":"admin","image":{"@type":"ImageObject","inLanguage":"en-GB","@id":"https:\/\/kurcaloglu.com\/#\/schema\/person\/image\/","url":"https:\/\/secure.gravatar.com\/avatar\/22be8f8cfea2b6627b98e3bd7d7911a6?s=96&d=mm&r=g","contentUrl":"https:\/\/secure.gravatar.com\/avatar\/22be8f8cfea2b6627b98e3bd7d7911a6?s=96&d=mm&r=g","caption":"admin"},"sameAs":["http:\/\/kurcaloglu.com"],"url":"https:\/\/kurcaloglu.com\/en\/author\/admin\/"}]}},"_links":{"self":[{"href":"https:\/\/kurcaloglu.com\/en\/wp-json\/wp\/v2\/posts\/14381"}],"collection":[{"href":"https:\/\/kurcaloglu.com\/en\/wp-json\/wp\/v2\/posts"}],"about":[{"href":"https:\/\/kurcaloglu.com\/en\/wp-json\/wp\/v2\/types\/post"}],"author":[{"embeddable":true,"href":"https:\/\/kurcaloglu.com\/en\/wp-json\/wp\/v2\/users\/1"}],"replies":[{"embeddable":true,"href":"https:\/\/kurcaloglu.com\/en\/wp-json\/wp\/v2\/comments?post=14381"}],"version-history":[{"count":17,"href":"https:\/\/kurcaloglu.com\/en\/wp-json\/wp\/v2\/posts\/14381\/revisions"}],"predecessor-version":[{"id":14537,"href":"https:\/\/kurcaloglu.com\/en\/wp-json\/wp\/v2\/posts\/14381\/revisions\/14537"}],"wp:attachment":[{"href":"https:\/\/kurcaloglu.com\/en\/wp-json\/wp\/v2\/media?parent=14381"}],"wp:term":[{"taxonomy":"category","embeddable":true,"href":"https:\/\/kurcaloglu.com\/en\/wp-json\/wp\/v2\/categories?post=14381"},{"taxonomy":"post_tag","embeddable":true,"href":"https:\/\/kurcaloglu.com\/en\/wp-json\/wp\/v2\/tags?post=14381"}],"curies":[{"name":"wp","href":"https:\/\/api.w.org\/{rel}","templated":true}]}}