{"id":14954,"date":"2023-03-12T01:52:06","date_gmt":"2023-03-11T22:52:06","guid":{"rendered":"https:\/\/kurcaloglu.com\/?p=14954"},"modified":"2023-03-12T02:08:12","modified_gmt":"2023-03-11T23:08:12","slug":"yargitay-2-hd-e-2018-1054-k-2018-2622","status":"publish","type":"post","link":"https:\/\/kurcaloglu.com\/en\/yargitay-2-hd-e-2018-1054-k-2018-2622\/","title":{"rendered":"Yarg\u0131tay 2. HD., E.2018\/1054, K.2018\/2622;"},"content":{"rendered":"<div data-elementor-type=\"wp-post\" data-elementor-id=\"14954\" class=\"elementor elementor-14954\">\n\t\t\t\t\t\t<section class=\"elementor-section elementor-top-section elementor-element elementor-element-1e31a97 elementor-section-boxed elementor-section-height-default elementor-section-height-default\" data-id=\"1e31a97\" data-element_type=\"section\">\n\t\t\t\t\t\t<div class=\"elementor-container elementor-column-gap-default\">\n\t\t\t\t\t<div class=\"elementor-column elementor-col-100 elementor-top-column elementor-element elementor-element-42868e4\" data-id=\"42868e4\" data-element_type=\"column\">\n\t\t\t<div class=\"elementor-widget-wrap elementor-element-populated\">\n\t\t\t\t\t\t<div class=\"elementor-element elementor-element-17c0dc9 elementor-widget elementor-widget-spacer\" data-id=\"17c0dc9\" data-element_type=\"widget\" data-widget_type=\"spacer.default\">\n\t\t\t\t<div class=\"elementor-widget-container\">\n\t\t\t\t\t<div class=\"elementor-spacer\">\n\t\t\t<div class=\"elementor-spacer-inner\"><\/div>\n\t\t<\/div>\n\t\t\t\t<\/div>\n\t\t\t\t<\/div>\n\t\t\t\t\t<\/div>\n\t\t<\/div>\n\t\t\t\t\t<\/div>\n\t\t<\/section>\n\t\t\t\t<section class=\"elementor-section elementor-top-section elementor-element elementor-element-5c5e4a1 elementor-section-boxed elementor-section-height-default elementor-section-height-default\" data-id=\"5c5e4a1\" data-element_type=\"section\">\n\t\t\t\t\t\t\t<div class=\"elementor-background-overlay\"><\/div>\n\t\t\t\t\t\t\t<div class=\"elementor-container elementor-column-gap-default\">\n\t\t\t\t\t<div class=\"elementor-column elementor-col-100 elementor-top-column elementor-element elementor-element-11b2cab\" data-id=\"11b2cab\" data-element_type=\"column\">\n\t\t\t<div class=\"elementor-widget-wrap elementor-element-populated\">\n\t\t\t\t\t\t<div class=\"elementor-element elementor-element-6b1a6b0 elementor-widget elementor-widget-image\" data-id=\"6b1a6b0\" data-element_type=\"widget\" data-widget_type=\"image.default\">\n\t\t\t\t<div class=\"elementor-widget-container\">\n\t\t\t\t\t\t\t\t\t\t\t\t\t<img fetchpriority=\"high\" decoding=\"async\" width=\"300\" height=\"300\" src=\"https:\/\/kurcaloglu.com\/wp-content\/uploads\/2022\/10\/Yargitay_logo.png\" class=\"attachment-large size-large wp-image-14410\" alt=\"\" srcset=\"https:\/\/kurcaloglu.com\/wp-content\/uploads\/2022\/10\/Yargitay_logo.png 300w, https:\/\/kurcaloglu.com\/wp-content\/uploads\/2022\/10\/Yargitay_logo-150x150.png 150w\" sizes=\"(max-width: 300px) 100vw, 300px\" \/>\t\t\t\t\t\t\t\t\t\t\t\t\t<\/div>\n\t\t\t\t<\/div>\n\t\t\t\t<div class=\"elementor-element elementor-element-cef8c24 elementor-widget elementor-widget-spacer\" data-id=\"cef8c24\" data-element_type=\"widget\" data-widget_type=\"spacer.default\">\n\t\t\t\t<div class=\"elementor-widget-container\">\n\t\t\t\t\t<div class=\"elementor-spacer\">\n\t\t\t<div class=\"elementor-spacer-inner\"><\/div>\n\t\t<\/div>\n\t\t\t\t<\/div>\n\t\t\t\t<\/div>\n\t\t\t\t<div class=\"elementor-element elementor-element-248c08b elementor-widget elementor-widget-heading\" data-id=\"248c08b\" data-element_type=\"widget\" data-widget_type=\"heading.default\">\n\t\t\t\t<div class=\"elementor-widget-container\">\n\t\t\t<h1 class=\"elementor-heading-title elementor-size-default\"><b>Yarg\u0131tay 2. HD., E.2018\/1054, K.2018\/2622;\n<\/b>\n<\/h1>\t\t<\/div>\n\t\t\t\t<\/div>\n\t\t\t\t<div class=\"elementor-element elementor-element-15cb7ad elementor-widget elementor-widget-spacer\" data-id=\"15cb7ad\" data-element_type=\"widget\" data-widget_type=\"spacer.default\">\n\t\t\t\t<div class=\"elementor-widget-container\">\n\t\t\t\t\t<div class=\"elementor-spacer\">\n\t\t\t<div class=\"elementor-spacer-inner\"><\/div>\n\t\t<\/div>\n\t\t\t\t<\/div>\n\t\t\t\t<\/div>\n\t\t\t\t<div class=\"elementor-element elementor-element-9ca9ea8 elementor-widget elementor-widget-heading\" data-id=\"9ca9ea8\" data-element_type=\"widget\" data-widget_type=\"heading.default\">\n\t\t\t\t<div class=\"elementor-widget-container\">\n\t\t\t<h1 class=\"elementor-heading-title elementor-size-default\"><b>Evlilik Birli\u011fi \u0130\u00e7erisinde;<br>\nKad\u0131n E\u015fin Ceza Davas\u0131nda<br>\n\u015eikayetinden Vazge\u00e7mesi,<br>\nErkek E\u015fi Cezadan Kurtarmaya Y\u00f6nelik Olup,<br>\nERKE\u011e\u0130 AFFETT\u0130\u011e\u0130 ANLAMINA GELMEZ.<\/b><\/h1>\t\t<\/div>\n\t\t\t\t<\/div>\n\t\t\t\t<div class=\"elementor-element elementor-element-71cb456 elementor-widget elementor-widget-spacer\" data-id=\"71cb456\" data-element_type=\"widget\" data-widget_type=\"spacer.default\">\n\t\t\t\t<div class=\"elementor-widget-container\">\n\t\t\t\t\t<div class=\"elementor-spacer\">\n\t\t\t<div class=\"elementor-spacer-inner\"><\/div>\n\t\t<\/div>\n\t\t\t\t<\/div>\n\t\t\t\t<\/div>\n\t\t\t\t<div class=\"elementor-element elementor-element-9365a0f elementor-widget elementor-widget-heading\" data-id=\"9365a0f\" data-element_type=\"widget\" data-widget_type=\"heading.default\">\n\t\t\t\t<div class=\"elementor-widget-container\">\n\t\t\t<h2 class=\"elementor-heading-title elementor-size-default\"><h3 class=\"elementor-heading-title elementor-size-default elementor-inline-editing pen\" data-elementor-setting-key=\"title\" data-pen-placeholder=\"Buraya yaz...\" style=\"text-align: center;\">YAGITAY KARARI<\/h3><\/h2>\t\t<\/div>\n\t\t\t\t<\/div>\n\t\t\t\t<div class=\"elementor-element elementor-element-12e3c1b elementor-widget elementor-widget-heading\" data-id=\"12e3c1b\" data-element_type=\"widget\" data-widget_type=\"heading.default\">\n\t\t\t\t<div class=\"elementor-widget-container\">\n\t\t\t<h5 class=\"elementor-heading-title elementor-size-default\">T.C.<br>\nYARGITAY<br>\n2. HUKUK DA\u0130RES\u0130<br>\nE. 2018\/1054<br>\nK. 2018\/2622<br>\nT. 27.2.2018<br><br><\/h5>\t\t<\/div>\n\t\t\t\t<\/div>\n\t\t\t\t<div class=\"elementor-element elementor-element-a0f1a77 elementor-widget elementor-widget-text-editor\" data-id=\"a0f1a77\" data-element_type=\"widget\" data-widget_type=\"text-editor.default\">\n\t\t\t\t<div class=\"elementor-widget-container\">\n\t\t\t\t\t\t\t<p><b>* BO\u015eANMA \u0130STEM\u0130 ( Mahkemece Davac\u0131 Kad\u0131n\u0131n Bo\u015fanma Davas\u0131na Dayanak Yapt\u0131\u011f\u0131 Ceza Yarg\u0131lamas\u0131ndaki \u015eikayetten Vazge\u00e7mesi ve Taraflar\u0131n Yarg\u0131lama S\u0131ras\u0131nda Biraraya Gelmeleri Sebebiyle Davan\u0131n Reddine Karar Verildi\u011fi &#8211; Ceza Yarg\u0131lamas\u0131na Konu \u0130ki Ayr\u0131 Zamanda Vukuu Bulan Erkek Taraf\u0131ndan Kad\u0131na Uygulanan \u0130ki Ayr\u0131 Fiziksel \u015eiddet Eylemlerinin \u0130lkinden Sonra Taraflar\u0131n Biraraya Geldiklerinin\/En Son Ya\u015fanan Fiziksel \u015eiddet Olay\u0131ndan Sonra \u0130se Ayr\u0131ld\u0131klar\u0131n\u0131n ve Biraraya Geldiklerinin Mevcut Delillerle \u0130spatlanamad\u0131\u011f\u0131n\u0131n Anla\u015f\u0131ld\u0131\u011f\u0131 )<\/b><\/p><p><b>* \u015e\u0130KAYETTEN VAZGE\u00c7ME ( Kad\u0131n\u0131n Ceza Davas\u0131nda \u015eikayetten Vazge\u00e7mesinin Erke\u011fi Eczadan Kurtarmaya Y\u00f6nelik Olup Erke\u011fi Affetti\u011fi Anlam\u0131na Gelmedi\u011fi &#8211; Aff\u0131n Kabul Edilebilmesi \u0130\u00e7in Kay\u0131ts\u0131z \u015earts\u0131z Bir \u0130rade Beyan\u0131n\u0131n Mevcut Olmas\u0131 ya da En Az\u0131ndan Aff\u0131 G\u00f6sterir Fiili Bir Tutum ve Davran\u0131\u015f\u0131n Ger\u00e7ekle\u015fmesi\/Af Olgusunu \u0130ddia Edenin Bunu Somut Delillerle \u0130spatlamas\u0131 Gerekti\u011fi )<\/b><\/p><p><b>* F\u0130Z\u0130KSEL \u015e\u0130DDET ( Daval\u0131 Erke\u011fin Davac\u0131 Kad\u0131na Pek K\u00f6t\u00fc ve Onur K\u0131r\u0131c\u0131 Davran\u0131\u015fta Bulundu\u011fu &#8211; Ceza Yarg\u0131lamas\u0131na Konu \u0130ki Ayr\u0131 Zamanda Vukuu Bulan Erkek Taraf\u0131ndan Kad\u0131na Uygulanan \u0130ki Ayr\u0131 Fiziksel \u015eiddet Eylemlerinin \u0130lkinden Sonra Taraflar\u0131n Biraraya Geldiklerinin\/En Son Ya\u015fanan Fiziksel \u015eiddet Olay\u0131ndan Sonra \u0130se Ayr\u0131ld\u0131klar\u0131n\u0131n ve Biraraya Geldiklerinin Mevcut Delillerle \u0130spatlanamad\u0131\u011f\u0131n\u0131n Anla\u015f\u0131ld\u0131\u011f\u0131 &#8211; 4721 S.K. Md. 162 Uyar\u0131nca A\u00e7\u0131lan Davan\u0131n Kabul\u00fc Gerekirken Reddinin \u0130sabetsiz Oldu\u011fu )<\/b><\/p>\t\t\t\t\t\t<\/div>\n\t\t\t\t<\/div>\n\t\t\t\t<div class=\"elementor-element elementor-element-840305a elementor-widget elementor-widget-heading\" data-id=\"840305a\" data-element_type=\"widget\" data-widget_type=\"heading.default\">\n\t\t\t\t<div class=\"elementor-widget-container\">\n\t\t\t<h5 class=\"elementor-heading-title elementor-size-default\">4721\/m.162<\/h5>\t\t<\/div>\n\t\t\t\t<\/div>\n\t\t\t\t<div class=\"elementor-element elementor-element-38460fe elementor-widget elementor-widget-heading\" data-id=\"38460fe\" data-element_type=\"widget\" data-widget_type=\"heading.default\">\n\t\t\t\t<div class=\"elementor-widget-container\">\n\t\t\t<h5 class=\"elementor-heading-title elementor-size-default\">\u00d6ZET: Dava, bo\u015fanma istemine ili\u015fkindir.<\/h5>\t\t<\/div>\n\t\t\t\t<\/div>\n\t\t\t\t<div class=\"elementor-element elementor-element-33917cd elementor-widget elementor-widget-text-editor\" data-id=\"33917cd\" data-element_type=\"widget\" data-widget_type=\"text-editor.default\">\n\t\t\t\t<div class=\"elementor-widget-container\">\n\t\t\t\t\t\t\t<p>Mahkemece davac\u0131 kad\u0131n\u0131n bo\u015fanma davas\u0131na dayanak yapt\u0131\u011f\u0131 ceza yarg\u0131lamas\u0131nda \u015fikayetten vazge\u00e7mesi ve taraflar\u0131n yarg\u0131lama s\u0131ras\u0131nda biraraya gelmeleri sebebiyle davan\u0131n reddine karar verilmi\u015ftir.<\/p><p>Ceza yarg\u0131lamas\u0131na konu iki ayr\u0131 zamanda vukuu bulan erkek taraf\u0131ndan kad\u0131na uygulanan iki ayr\u0131 fiziksel \u015fiddet eylemlerinin ilkinden sonra taraflar\u0131n biraraya geldikleri anla\u015f\u0131lmakta ise de en son ya\u015fanan fiziksel \u015fiddet olay\u0131ndan sonra ayr\u0131ld\u0131klar\u0131, biraraya geldiklerinin mevcut delil durumuna g\u00f6re ispatlanamad\u0131\u011f\u0131 a\u00e7\u0131kt\u0131r.<\/p><p>Mahkemece karar\u0131n gerek\u00e7esine konu edilen, kad\u0131n\u0131n ceza davas\u0131nda \u015fikayetten vazge\u00e7mesi erke\u011fi eczadan kurtarmaya y\u00f6nelik olup, erke\u011fi affetti\u011fi anlam\u0131na gelmedi\u011fi gibi aff\u0131n kabul edilebilmesi i\u00e7in kay\u0131ts\u0131z \u015farts\u0131z bir irade beyan\u0131n\u0131n mevcut olmas\u0131 ya da en az\u0131ndan aff\u0131 g\u00f6sterir fiili bir tutum ve davran\u0131\u015f\u0131n ger\u00e7ekle\u015fmesi gerekmektedir. Ay\u0131rca af olgusunu iddia edenin bunu somut delillerle ispat\u0131 laz\u0131md\u0131r. Kald\u0131 ki, daval\u0131 taraf\u0131n ilk fiziksel \u015fiddet eyleminden sonra affa dair somut delillerle desteklenmeyen iddias\u0131 aff\u0131n kabul\u00fc i\u00e7in de yeterli de\u011fildir. Ger\u00e7ekle\u015fen bu durum kar\u015f\u0131s\u0131nda, daval\u0131 erke\u011fin, davac\u0131 e\u015fine ikinci kez fiziksel \u015fiddet uygulad\u0131\u011f\u0131, kad\u0131n\u0131n ceza dosyas\u0131ndaki fiziksel \u015fiddete dair raporunda belirtildi\u011fi \u00fczere de, erke\u011fin kad\u0131n\u0131n sa\u00e7lar\u0131n\u0131 kopard\u0131\u011f\u0131n\u0131n anla\u015f\u0131ld\u0131\u011f\u0131, bu haliyle daval\u0131 erke\u011fin, davac\u0131 kad\u0131na pek k\u00f6t\u00fc ve onur k\u0131r\u0131c\u0131 davran\u0131\u015fta bulundu\u011fu anla\u015f\u0131lmakta olup, T\u00fcrk Medeni Kanununun 162. maddesine dayal\u0131 olarak a\u00e7\u0131lan i\u015f bu davan\u0131n kabul\u00fc gerekirken reddi bozmay\u0131 gerektirmi\u015ftir.<\/p>\t\t\t\t\t\t<\/div>\n\t\t\t\t<\/div>\n\t\t\t\t<div class=\"elementor-element elementor-element-d7f0a47 elementor-widget elementor-widget-heading\" data-id=\"d7f0a47\" data-element_type=\"widget\" data-widget_type=\"heading.default\">\n\t\t\t\t<div class=\"elementor-widget-container\">\n\t\t\t<h5 class=\"elementor-heading-title elementor-size-default\">DAVA:<\/h5>\t\t<\/div>\n\t\t\t\t<\/div>\n\t\t\t\t<div class=\"elementor-element elementor-element-07ccb12 elementor-widget elementor-widget-text-editor\" data-id=\"07ccb12\" data-element_type=\"widget\" data-widget_type=\"text-editor.default\">\n\t\t\t\t<div class=\"elementor-widget-container\">\n\t\t\t\t\t\t\t<p>Taraflar aras\u0131ndaki davan\u0131n yap\u0131lan muhakemesi sonunda mahalli mahkemece verilen, yukarda tarihi ve numaras\u0131 g\u00f6sterilen h\u00fck\u00fcm temyiz edilerek; temyiz incelemesinin duru\u015fmal\u0131 olarak yap\u0131lmas\u0131 istenilmekle; duru\u015fma i\u00e7in belirlenen 05.12.2017 g\u00fcn\u00fc temyiz eden davac\u0131 vekili geldi. Kar\u015f\u0131 taraf daval\u0131 vekili geldiler. Gelenlerin konu\u015fmas\u0131 dinlendikten sonra i\u015fin incelenerek karara ba\u011flanmas\u0131 i\u00e7in duru\u015fmadan sonraya b\u0131rak\u0131lmas\u0131 uygun g\u00f6r\u00fcld\u00fc. Bug\u00fcn dosyadaki b\u00fct\u00fcn ka\u011f\u0131tlar okunup gere\u011fi g\u00f6r\u00fc\u015f\u00fcl\u00fcp d\u00fc\u015f\u00fcn\u00fcld\u00fc:<\/p>\t\t\t\t\t\t<\/div>\n\t\t\t\t<\/div>\n\t\t\t\t<div class=\"elementor-element elementor-element-d3021fa elementor-widget elementor-widget-heading\" data-id=\"d3021fa\" data-element_type=\"widget\" data-widget_type=\"heading.default\">\n\t\t\t\t<div class=\"elementor-widget-container\">\n\t\t\t<h5 class=\"elementor-heading-title elementor-size-default\">KARAR:<\/h5>\t\t<\/div>\n\t\t\t\t<\/div>\n\t\t\t\t<div class=\"elementor-element elementor-element-03a9014 elementor-widget elementor-widget-text-editor\" data-id=\"03a9014\" data-element_type=\"widget\" data-widget_type=\"text-editor.default\">\n\t\t\t\t<div class=\"elementor-widget-container\">\n\t\t\t\t\t\t\t<p>Davac\u0131 kad\u0131n T\u00fcrk Medeni Kanunu&#8217;nun 162. maddesi uyar\u0131nca bo\u015fanma talep etmi\u015f, daval\u0131 davan\u0131n reddini savunmu\u015f, mahkemece davac\u0131 kad\u0131n\u0131n bo\u015fanma davas\u0131na dayanak yapt\u0131\u011f\u0131 ceza yarg\u0131lamas\u0131nda \u015fikayetten vazge\u00e7mesi ve taraflar\u0131n yarg\u0131lama s\u0131ras\u0131nda biraraya gelmeleri sebebiyle davan\u0131n reddine karar verilmi\u015ftir.<\/p><p>T\u00fcm dosya kapsam\u0131 ve &#8230; 5. Asliye Ceza Mahkemesi&#8217;nin 2015\/640 esas ve 2016\/15 karar say\u0131l\u0131 dosya m\u00fcnderecat\u0131ndan da anla\u015f\u0131ld\u0131\u011f\u0131 \u00fczere, ceza yarg\u0131lamas\u0131na konu iki ayr\u0131 zamanda vukuu bulan erkek taraf\u0131ndan kad\u0131na uygulanan iki ayr\u0131 fiziksel \u015fiddet eylemlerinden, 13.03.2015 tarihli fiziksel \u015fiddet olay\u0131ndan sonra taraflar\u0131n biraraya geldikleri anla\u015f\u0131lmakta ise de en son ya\u015fanan 31.05.2015 tarihli fiziksel \u015fiddet olay\u0131ndan sonra ayr\u0131ld\u0131klar\u0131, biraraya geldiklerinin mevcut delil durumuna g\u00f6re ispatlanamad\u0131\u011f\u0131 anla\u015f\u0131lmaktad\u0131r. Mahkemece karar\u0131n gerek\u00e7esine konu edilen, kad\u0131n\u0131n ceza davas\u0131nda \u015fikayetten vazge\u00e7mesi erke\u011fi eczadan kurtarmaya y\u00f6nelik olup, erke\u011fi affetti\u011fi anlam\u0131na gelmedi\u011fi gibi aff\u0131n kabul edilebilmesi i\u00e7in kay\u0131ts\u0131z \u015farts\u0131z bir irade beyan\u0131n\u0131n mevcut olmas\u0131 ya da en az\u0131ndan aff\u0131 g\u00f6sterir fiili bir tutum ve davran\u0131\u015f\u0131n ger\u00e7ekle\u015fmi\u015f olmas\u0131 gerekmekte olup, ayr\u0131ca af olgusunu iddia edenin bunu somut delillerle ispat\u0131 laz\u0131md\u0131r. Kald\u0131 ki, daval\u0131 taraf\u0131n 31.05.2015 tarihli fiziksel \u015fiddet eyleminden sonra affa dair somut delillerle desteklenmeyen iddias\u0131 aff\u0131n kabul\u00fc i\u00e7in de yeterli de\u011fildir. Ger\u00e7ekle\u015fen bu durum kar\u015f\u0131s\u0131nda, daval\u0131 erke\u011fin, davac\u0131 e\u015fine 31.05.2015 tarihinde fiziksel \u015fiddet uygulad\u0131\u011f\u0131, kad\u0131n\u0131n ceza dosyas\u0131ndaki fiziksel \u015fiddete dair raporunda belirtildi\u011fi \u00fczere de, erke\u011fin kad\u0131n\u0131n sa\u00e7lar\u0131n\u0131 kopard\u0131\u011f\u0131n\u0131n anla\u015f\u0131ld\u0131\u011f\u0131, bu haliyle daval\u0131 erke\u011fin, davac\u0131 kad\u0131na pek k\u00f6t\u00fc ve onur k\u0131r\u0131c\u0131 davran\u0131\u015fta bulundu\u011funun (TMK m. 162) kabul\u00fc zorunlu hale gelmi\u015ftir. \u00d6yleyse, T\u00fcrk Medeni Kanununun 162. maddesine dayal\u0131 olarak a\u00e7\u0131lan i\u015f bu davan\u0131n kabul\u00fc gerekirken, reddi isabetsiz olmu\u015f ve bozmay\u0131 gerektirmi\u015ftir.<\/p>\t\t\t\t\t\t<\/div>\n\t\t\t\t<\/div>\n\t\t\t\t<div class=\"elementor-element elementor-element-c849152 elementor-widget elementor-widget-heading\" data-id=\"c849152\" data-element_type=\"widget\" data-widget_type=\"heading.default\">\n\t\t\t\t<div class=\"elementor-widget-container\">\n\t\t\t<h5 class=\"elementor-heading-title elementor-size-default\">SONU\u00c7:<\/h5>\t\t<\/div>\n\t\t\t\t<\/div>\n\t\t\t\t<div class=\"elementor-element elementor-element-59a13c1 elementor-widget elementor-widget-text-editor\" data-id=\"59a13c1\" data-element_type=\"widget\" data-widget_type=\"text-editor.default\">\n\t\t\t\t<div class=\"elementor-widget-container\">\n\t\t\t\t\t\t\t<p>Temyiz edilen h\u00fckm\u00fcn yukarda g\u00f6sterilen sebeple BOZULMASINA, duru\u015fma i\u00e7in taktir olunan 1.480,00 TL. vekalet \u00fccretinin daval\u0131dan al\u0131n\u0131p davac\u0131ya verilmesine, temyiz pe\u015fin harc\u0131n\u0131n istenmesi halinde yat\u0131rana iadesine, i\u015fbu karar\u0131n tebli\u011finden itibaren 15 g\u00fcn i\u00e7inde karar d\u00fczeltme yolu a\u00e7\u0131k olmak \u00fczere oybirli\u011fiyle karar verildi. 27.02.2018(Sal\u0131)<\/p>\t\t\t\t\t\t<\/div>\n\t\t\t\t<\/div>\n\t\t\t\t\t<\/div>\n\t\t<\/div>\n\t\t\t\t\t<\/div>\n\t\t<\/section>\n\t\t\t\t<section class=\"elementor-section elementor-top-section elementor-element elementor-element-17105d4 elementor-section-boxed elementor-section-height-default elementor-section-height-default\" data-id=\"17105d4\" data-element_type=\"section\">\n\t\t\t\t\t\t<div class=\"elementor-container elementor-column-gap-default\">\n\t\t\t\t\t<div class=\"elementor-column elementor-col-100 elementor-top-column elementor-element elementor-element-c79c069\" data-id=\"c79c069\" data-element_type=\"column\">\n\t\t\t<div class=\"elementor-widget-wrap\">\n\t\t\t\t\t\t\t<\/div>\n\t\t<\/div>\n\t\t\t\t\t<\/div>\n\t\t<\/section>\n\t\t\t\t<\/div>","protected":false},"excerpt":{"rendered":"<p>Yarg\u0131tay 2. HD., E.2018\/1054, K.2018\/2622;<\/p>\n<p>Evlilik Birli\u011fi \u0130\u00e7erisinde;<br \/>\nKad\u0131n E\u015fin Ceza Davas\u0131nda<br \/>\n\u015eikayetinden Vazge\u00e7mesi,<br \/>\nErkek E\u015fi Cezadan Kurtarmaya Y\u00f6nelik Olup,<br \/>\nERKE\u011e\u0130 AFFETT\u0130\u011e\u0130 ANLAMINA GELMEZ.<\/p>","protected":false},"author":1,"featured_media":0,"comment_status":"open","ping_status":"open","sticky":false,"template":"elementor_header_footer","format":"standard","meta":{"footnotes":""},"categories":[645,871],"tags":[928,929,927,926],"yoast_head":"<!-- This site is optimized with the Yoast SEO plugin v22.8 - https:\/\/yoast.com\/wordpress\/plugins\/seo\/ -->\n<title>Yarg\u0131tay 2. HD., E.2018\/1054, K.2018\/2622; - Kur&ccedil;alo\u011flu Hukuk &amp; Partners<\/title>\n<meta name=\"description\" content=\"Yarg\u0131tay 2. HD., E.2018\/1054, K.2018\/2622; Evlilik Birli\u011fi \u0130\u00e7erisinde; Kad\u0131n E\u015fin Ceza Davas\u0131nda \u015eikayetinden Vazge\u00e7mesi, Erkek E\u015fi Cezadan Kurtarmaya Y\u00f6nelik Olup, ERKE\u011e\u0130 AFFETT\u0130\u011e\u0130 ANLAMINA GELMEZ.\" \/>\n<meta name=\"robots\" content=\"index, follow, max-snippet:-1, max-image-preview:large, max-video-preview:-1\" \/>\n<link rel=\"canonical\" href=\"https:\/\/kurcaloglu.com\/en\/yargitay-2-hd-e-2018-1054-k-2018-2622\/\" \/>\n<meta property=\"og:locale\" content=\"en_GB\" \/>\n<meta property=\"og:type\" content=\"article\" \/>\n<meta property=\"og:title\" content=\"Yarg\u0131tay 2. HD., E.2018\/1054, K.2018\/2622; - Kur&ccedil;alo\u011flu Hukuk &amp; Partners\" \/>\n<meta property=\"og:description\" content=\"Yarg\u0131tay 2. HD., E.2018\/1054, K.2018\/2622; Evlilik Birli\u011fi \u0130\u00e7erisinde; Kad\u0131n E\u015fin Ceza Davas\u0131nda \u015eikayetinden Vazge\u00e7mesi, Erkek E\u015fi Cezadan Kurtarmaya Y\u00f6nelik Olup, ERKE\u011e\u0130 AFFETT\u0130\u011e\u0130 ANLAMINA GELMEZ.\" \/>\n<meta property=\"og:url\" content=\"https:\/\/kurcaloglu.com\/en\/yargitay-2-hd-e-2018-1054-k-2018-2622\/\" \/>\n<meta property=\"og:site_name\" content=\"Kur&ccedil;alo\u011flu Hukuk &amp; Partners\" \/>\n<meta property=\"article:publisher\" content=\"https:\/\/www.facebook.com\/profile.php?id=100090344741598\" \/>\n<meta property=\"article:published_time\" content=\"2023-03-11T22:52:06+00:00\" \/>\n<meta property=\"article:modified_time\" content=\"2023-03-11T23:08:12+00:00\" \/>\n<meta property=\"og:image\" content=\"https:\/\/kurcaloglu.com\/wp-content\/uploads\/2022\/10\/Yargitay_logo.png\" \/>\n<meta name=\"author\" content=\"admin\" \/>\n<meta name=\"twitter:card\" content=\"summary_large_image\" \/>\n<meta name=\"twitter:creator\" content=\"@KurcalogluHukuk\" \/>\n<meta name=\"twitter:site\" content=\"@KurcalogluHukuk\" \/>\n<meta name=\"twitter:label1\" content=\"Written by\" \/>\n\t<meta name=\"twitter:data1\" content=\"admin\" \/>\n\t<meta name=\"twitter:label2\" content=\"Estimated reading time\" \/>\n\t<meta name=\"twitter:data2\" content=\"5 minutes\" \/>\n<script type=\"application\/ld+json\" class=\"yoast-schema-graph\">{\"@context\":\"https:\/\/schema.org\",\"@graph\":[{\"@type\":\"Article\",\"@id\":\"https:\/\/kurcaloglu.com\/yargitay-2-hd-e-2018-1054-k-2018-2622\/#article\",\"isPartOf\":{\"@id\":\"https:\/\/kurcaloglu.com\/yargitay-2-hd-e-2018-1054-k-2018-2622\/\"},\"author\":{\"name\":\"admin\",\"@id\":\"https:\/\/kurcaloglu.com\/#\/schema\/person\/1c68de35cc0dce6dbbe2360763923675\"},\"headline\":\"Yarg\u0131tay 2. HD., E.2018\/1054, K.2018\/2622;\",\"datePublished\":\"2023-03-11T22:52:06+00:00\",\"dateModified\":\"2023-03-11T23:08:12+00:00\",\"mainEntityOfPage\":{\"@id\":\"https:\/\/kurcaloglu.com\/yargitay-2-hd-e-2018-1054-k-2018-2622\/\"},\"wordCount\":1083,\"commentCount\":0,\"publisher\":{\"@id\":\"https:\/\/kurcaloglu.com\/#organization\"},\"image\":{\"@id\":\"https:\/\/kurcaloglu.com\/yargitay-2-hd-e-2018-1054-k-2018-2622\/#primaryimage\"},\"thumbnailUrl\":\"https:\/\/kurcaloglu.com\/wp-content\/uploads\/2022\/10\/Yargitay_logo.png\",\"keywords\":[\"Bo\u015fanma Davas\u0131nda Kad\u0131n E\u015fin Erke\u011fi Affetmesi\",\"Bo\u015fanma Davas\u0131nda Kad\u0131n E\u015fin \u015eikayetinden Vazge\u00e7msi\",\"Bo\u015fanma Davas\u0131nda \u015eiddet\",\"Evlilik birli\u011fi i\u00e7erisinde; Kad\u0131n e\u015fin ceza davas\u0131nda \u015fikayetinden vazge\u00e7mesi erkek e\u015fi cezadan kurtarmaya y\u00f6nelik olup ERKE\u011e\u0130 AFFETT\u0130\u011e\u0130 ANLAMINA GELMEZ.\"],\"articleSection\":[\"Yarg\u0131tay Aile ve Bo\u015fanma Hukuku\",\"Yarg\u0131tay B\u00fct\u00fcn Kategoriler\"],\"inLanguage\":\"en-GB\",\"potentialAction\":[{\"@type\":\"CommentAction\",\"name\":\"Comment\",\"target\":[\"https:\/\/kurcaloglu.com\/yargitay-2-hd-e-2018-1054-k-2018-2622\/#respond\"]}]},{\"@type\":\"WebPage\",\"@id\":\"https:\/\/kurcaloglu.com\/yargitay-2-hd-e-2018-1054-k-2018-2622\/\",\"url\":\"https:\/\/kurcaloglu.com\/yargitay-2-hd-e-2018-1054-k-2018-2622\/\",\"name\":\"Yarg\u0131tay 2. HD., E.2018\/1054, K.2018\/2622; - Kur&ccedil;alo\u011flu Hukuk &amp; Partners\",\"isPartOf\":{\"@id\":\"https:\/\/kurcaloglu.com\/#website\"},\"primaryImageOfPage\":{\"@id\":\"https:\/\/kurcaloglu.com\/yargitay-2-hd-e-2018-1054-k-2018-2622\/#primaryimage\"},\"image\":{\"@id\":\"https:\/\/kurcaloglu.com\/yargitay-2-hd-e-2018-1054-k-2018-2622\/#primaryimage\"},\"thumbnailUrl\":\"https:\/\/kurcaloglu.com\/wp-content\/uploads\/2022\/10\/Yargitay_logo.png\",\"datePublished\":\"2023-03-11T22:52:06+00:00\",\"dateModified\":\"2023-03-11T23:08:12+00:00\",\"description\":\"Yarg\u0131tay 2. HD., E.2018\/1054, K.2018\/2622; Evlilik Birli\u011fi \u0130\u00e7erisinde; Kad\u0131n E\u015fin Ceza Davas\u0131nda \u015eikayetinden Vazge\u00e7mesi, Erkek E\u015fi Cezadan Kurtarmaya Y\u00f6nelik Olup, ERKE\u011e\u0130 AFFETT\u0130\u011e\u0130 ANLAMINA GELMEZ.\",\"breadcrumb\":{\"@id\":\"https:\/\/kurcaloglu.com\/yargitay-2-hd-e-2018-1054-k-2018-2622\/#breadcrumb\"},\"inLanguage\":\"en-GB\",\"potentialAction\":[{\"@type\":\"ReadAction\",\"target\":[\"https:\/\/kurcaloglu.com\/yargitay-2-hd-e-2018-1054-k-2018-2622\/\"]}]},{\"@type\":\"ImageObject\",\"inLanguage\":\"en-GB\",\"@id\":\"https:\/\/kurcaloglu.com\/yargitay-2-hd-e-2018-1054-k-2018-2622\/#primaryimage\",\"url\":\"https:\/\/kurcaloglu.com\/wp-content\/uploads\/2022\/10\/Yargitay_logo.png\",\"contentUrl\":\"https:\/\/kurcaloglu.com\/wp-content\/uploads\/2022\/10\/Yargitay_logo.png\"},{\"@type\":\"BreadcrumbList\",\"@id\":\"https:\/\/kurcaloglu.com\/yargitay-2-hd-e-2018-1054-k-2018-2622\/#breadcrumb\",\"itemListElement\":[{\"@type\":\"ListItem\",\"position\":1,\"name\":\"Anasayfa\",\"item\":\"https:\/\/kurcaloglu.com\/\"},{\"@type\":\"ListItem\",\"position\":2,\"name\":\"Yarg\u0131tay 2. HD., E.2018\/1054, K.2018\/2622;\"}]},{\"@type\":\"WebSite\",\"@id\":\"https:\/\/kurcaloglu.com\/#website\",\"url\":\"https:\/\/kurcaloglu.com\/\",\"name\":\"Kur\u00e7alo\u011flu Hukuk & Partners\",\"description\":\"Ceza hukuku- \u0130cra iflas hukuku, Miras hukuku, Bo\u015fanma hukuk, \u0130\u015f hukuku\",\"publisher\":{\"@id\":\"https:\/\/kurcaloglu.com\/#organization\"},\"alternateName\":\"Kur\u00e7alo\u011flu Hukuk & Partners\",\"potentialAction\":[{\"@type\":\"SearchAction\",\"target\":{\"@type\":\"EntryPoint\",\"urlTemplate\":\"https:\/\/kurcaloglu.com\/?s={search_term_string}\"},\"query-input\":\"required name=search_term_string\"}],\"inLanguage\":\"en-GB\"},{\"@type\":\"Organization\",\"@id\":\"https:\/\/kurcaloglu.com\/#organization\",\"name\":\"Kur\u00e7alo\u011flu Hukuk & Partners\",\"alternateName\":\"Kur\u00e7alo\u011flu Hukuk & Partners\",\"url\":\"https:\/\/kurcaloglu.com\/\",\"logo\":{\"@type\":\"ImageObject\",\"inLanguage\":\"en-GB\",\"@id\":\"https:\/\/kurcaloglu.com\/#\/schema\/logo\/image\/\",\"url\":\"https:\/\/kurcaloglu.com\/wp-content\/uploads\/2022\/04\/cropped-cropped-cropped-Adsiz-tasarim-1-2-1.png\",\"contentUrl\":\"https:\/\/kurcaloglu.com\/wp-content\/uploads\/2022\/04\/cropped-cropped-cropped-Adsiz-tasarim-1-2-1.png\",\"width\":245,\"height\":65,\"caption\":\"Kur\u00e7alo\u011flu Hukuk & Partners\"},\"image\":{\"@id\":\"https:\/\/kurcaloglu.com\/#\/schema\/logo\/image\/\"},\"sameAs\":[\"https:\/\/www.facebook.com\/profile.php?id=100090344741598\",\"https:\/\/x.com\/KurcalogluHukuk\",\"https:\/\/www.facebook.com\/kurcalogluhukuk&partners\",\"https:\/\/www.instagram.com\/kurcalogluhukuk&Partners\/?hl=tr\"]},{\"@type\":\"Person\",\"@id\":\"https:\/\/kurcaloglu.com\/#\/schema\/person\/1c68de35cc0dce6dbbe2360763923675\",\"name\":\"admin\",\"image\":{\"@type\":\"ImageObject\",\"inLanguage\":\"en-GB\",\"@id\":\"https:\/\/kurcaloglu.com\/#\/schema\/person\/image\/\",\"url\":\"https:\/\/secure.gravatar.com\/avatar\/22be8f8cfea2b6627b98e3bd7d7911a6?s=96&d=mm&r=g\",\"contentUrl\":\"https:\/\/secure.gravatar.com\/avatar\/22be8f8cfea2b6627b98e3bd7d7911a6?s=96&d=mm&r=g\",\"caption\":\"admin\"},\"sameAs\":[\"http:\/\/kurcaloglu.com\"],\"url\":\"https:\/\/kurcaloglu.com\/en\/author\/admin\/\"}]}<\/script>\n<!-- \/ Yoast SEO plugin. -->","yoast_head_json":{"title":"Yarg\u0131tay 2. HD., E.2018\/1054, K.2018\/2622; - Kur&ccedil;alo\u011flu Hukuk &amp; Partners","description":"Yarg\u0131tay 2. HD., E.2018\/1054, K.2018\/2622; Evlilik Birli\u011fi \u0130\u00e7erisinde; Kad\u0131n E\u015fin Ceza Davas\u0131nda \u015eikayetinden Vazge\u00e7mesi, Erkek E\u015fi Cezadan Kurtarmaya Y\u00f6nelik Olup, ERKE\u011e\u0130 AFFETT\u0130\u011e\u0130 ANLAMINA GELMEZ.","robots":{"index":"index","follow":"follow","max-snippet":"max-snippet:-1","max-image-preview":"max-image-preview:large","max-video-preview":"max-video-preview:-1"},"canonical":"https:\/\/kurcaloglu.com\/en\/yargitay-2-hd-e-2018-1054-k-2018-2622\/","og_locale":"en_GB","og_type":"article","og_title":"Yarg\u0131tay 2. HD., E.2018\/1054, K.2018\/2622; - Kur&ccedil;alo\u011flu Hukuk &amp; Partners","og_description":"Yarg\u0131tay 2. HD., E.2018\/1054, K.2018\/2622; Evlilik Birli\u011fi \u0130\u00e7erisinde; Kad\u0131n E\u015fin Ceza Davas\u0131nda \u015eikayetinden Vazge\u00e7mesi, Erkek E\u015fi Cezadan Kurtarmaya Y\u00f6nelik Olup, ERKE\u011e\u0130 AFFETT\u0130\u011e\u0130 ANLAMINA GELMEZ.","og_url":"https:\/\/kurcaloglu.com\/en\/yargitay-2-hd-e-2018-1054-k-2018-2622\/","og_site_name":"Kur&ccedil;alo\u011flu Hukuk &amp; Partners","article_publisher":"https:\/\/www.facebook.com\/profile.php?id=100090344741598","article_published_time":"2023-03-11T22:52:06+00:00","article_modified_time":"2023-03-11T23:08:12+00:00","og_image":[{"url":"https:\/\/kurcaloglu.com\/wp-content\/uploads\/2022\/10\/Yargitay_logo.png"}],"author":"admin","twitter_card":"summary_large_image","twitter_creator":"@KurcalogluHukuk","twitter_site":"@KurcalogluHukuk","twitter_misc":{"Written by":"admin","Estimated reading time":"5 minutes"},"schema":{"@context":"https:\/\/schema.org","@graph":[{"@type":"Article","@id":"https:\/\/kurcaloglu.com\/yargitay-2-hd-e-2018-1054-k-2018-2622\/#article","isPartOf":{"@id":"https:\/\/kurcaloglu.com\/yargitay-2-hd-e-2018-1054-k-2018-2622\/"},"author":{"name":"admin","@id":"https:\/\/kurcaloglu.com\/#\/schema\/person\/1c68de35cc0dce6dbbe2360763923675"},"headline":"Yarg\u0131tay 2. HD., E.2018\/1054, K.2018\/2622;","datePublished":"2023-03-11T22:52:06+00:00","dateModified":"2023-03-11T23:08:12+00:00","mainEntityOfPage":{"@id":"https:\/\/kurcaloglu.com\/yargitay-2-hd-e-2018-1054-k-2018-2622\/"},"wordCount":1083,"commentCount":0,"publisher":{"@id":"https:\/\/kurcaloglu.com\/#organization"},"image":{"@id":"https:\/\/kurcaloglu.com\/yargitay-2-hd-e-2018-1054-k-2018-2622\/#primaryimage"},"thumbnailUrl":"https:\/\/kurcaloglu.com\/wp-content\/uploads\/2022\/10\/Yargitay_logo.png","keywords":["Bo\u015fanma Davas\u0131nda Kad\u0131n E\u015fin Erke\u011fi Affetmesi","Bo\u015fanma Davas\u0131nda Kad\u0131n E\u015fin \u015eikayetinden Vazge\u00e7msi","Bo\u015fanma Davas\u0131nda \u015eiddet","Evlilik birli\u011fi i\u00e7erisinde; Kad\u0131n e\u015fin ceza davas\u0131nda \u015fikayetinden vazge\u00e7mesi erkek e\u015fi cezadan kurtarmaya y\u00f6nelik olup ERKE\u011e\u0130 AFFETT\u0130\u011e\u0130 ANLAMINA GELMEZ."],"articleSection":["Yarg\u0131tay Aile ve Bo\u015fanma Hukuku","Yarg\u0131tay B\u00fct\u00fcn Kategoriler"],"inLanguage":"en-GB","potentialAction":[{"@type":"CommentAction","name":"Comment","target":["https:\/\/kurcaloglu.com\/yargitay-2-hd-e-2018-1054-k-2018-2622\/#respond"]}]},{"@type":"WebPage","@id":"https:\/\/kurcaloglu.com\/yargitay-2-hd-e-2018-1054-k-2018-2622\/","url":"https:\/\/kurcaloglu.com\/yargitay-2-hd-e-2018-1054-k-2018-2622\/","name":"Yarg\u0131tay 2. HD., E.2018\/1054, K.2018\/2622; - Kur&ccedil;alo\u011flu Hukuk &amp; Partners","isPartOf":{"@id":"https:\/\/kurcaloglu.com\/#website"},"primaryImageOfPage":{"@id":"https:\/\/kurcaloglu.com\/yargitay-2-hd-e-2018-1054-k-2018-2622\/#primaryimage"},"image":{"@id":"https:\/\/kurcaloglu.com\/yargitay-2-hd-e-2018-1054-k-2018-2622\/#primaryimage"},"thumbnailUrl":"https:\/\/kurcaloglu.com\/wp-content\/uploads\/2022\/10\/Yargitay_logo.png","datePublished":"2023-03-11T22:52:06+00:00","dateModified":"2023-03-11T23:08:12+00:00","description":"Yarg\u0131tay 2. HD., E.2018\/1054, K.2018\/2622; Evlilik Birli\u011fi \u0130\u00e7erisinde; Kad\u0131n E\u015fin Ceza Davas\u0131nda \u015eikayetinden Vazge\u00e7mesi, Erkek E\u015fi Cezadan Kurtarmaya Y\u00f6nelik Olup, ERKE\u011e\u0130 AFFETT\u0130\u011e\u0130 ANLAMINA GELMEZ.","breadcrumb":{"@id":"https:\/\/kurcaloglu.com\/yargitay-2-hd-e-2018-1054-k-2018-2622\/#breadcrumb"},"inLanguage":"en-GB","potentialAction":[{"@type":"ReadAction","target":["https:\/\/kurcaloglu.com\/yargitay-2-hd-e-2018-1054-k-2018-2622\/"]}]},{"@type":"ImageObject","inLanguage":"en-GB","@id":"https:\/\/kurcaloglu.com\/yargitay-2-hd-e-2018-1054-k-2018-2622\/#primaryimage","url":"https:\/\/kurcaloglu.com\/wp-content\/uploads\/2022\/10\/Yargitay_logo.png","contentUrl":"https:\/\/kurcaloglu.com\/wp-content\/uploads\/2022\/10\/Yargitay_logo.png"},{"@type":"BreadcrumbList","@id":"https:\/\/kurcaloglu.com\/yargitay-2-hd-e-2018-1054-k-2018-2622\/#breadcrumb","itemListElement":[{"@type":"ListItem","position":1,"name":"Anasayfa","item":"https:\/\/kurcaloglu.com\/"},{"@type":"ListItem","position":2,"name":"Yarg\u0131tay 2. HD., E.2018\/1054, K.2018\/2622;"}]},{"@type":"WebSite","@id":"https:\/\/kurcaloglu.com\/#website","url":"https:\/\/kurcaloglu.com\/","name":"Kur\u00e7alo\u011flu Hukuk & Partners","description":"Ceza hukuku- \u0130cra iflas hukuku, Miras hukuku, Bo\u015fanma hukuk, \u0130\u015f hukuku","publisher":{"@id":"https:\/\/kurcaloglu.com\/#organization"},"alternateName":"Kur\u00e7alo\u011flu Hukuk & Partners","potentialAction":[{"@type":"SearchAction","target":{"@type":"EntryPoint","urlTemplate":"https:\/\/kurcaloglu.com\/?s={search_term_string}"},"query-input":"required name=search_term_string"}],"inLanguage":"en-GB"},{"@type":"Organization","@id":"https:\/\/kurcaloglu.com\/#organization","name":"Kur\u00e7alo\u011flu Hukuk & Partners","alternateName":"Kur\u00e7alo\u011flu Hukuk & Partners","url":"https:\/\/kurcaloglu.com\/","logo":{"@type":"ImageObject","inLanguage":"en-GB","@id":"https:\/\/kurcaloglu.com\/#\/schema\/logo\/image\/","url":"https:\/\/kurcaloglu.com\/wp-content\/uploads\/2022\/04\/cropped-cropped-cropped-Adsiz-tasarim-1-2-1.png","contentUrl":"https:\/\/kurcaloglu.com\/wp-content\/uploads\/2022\/04\/cropped-cropped-cropped-Adsiz-tasarim-1-2-1.png","width":245,"height":65,"caption":"Kur\u00e7alo\u011flu Hukuk & Partners"},"image":{"@id":"https:\/\/kurcaloglu.com\/#\/schema\/logo\/image\/"},"sameAs":["https:\/\/www.facebook.com\/profile.php?id=100090344741598","https:\/\/x.com\/KurcalogluHukuk","https:\/\/www.facebook.com\/kurcalogluhukuk&partners","https:\/\/www.instagram.com\/kurcalogluhukuk&Partners\/?hl=tr"]},{"@type":"Person","@id":"https:\/\/kurcaloglu.com\/#\/schema\/person\/1c68de35cc0dce6dbbe2360763923675","name":"admin","image":{"@type":"ImageObject","inLanguage":"en-GB","@id":"https:\/\/kurcaloglu.com\/#\/schema\/person\/image\/","url":"https:\/\/secure.gravatar.com\/avatar\/22be8f8cfea2b6627b98e3bd7d7911a6?s=96&d=mm&r=g","contentUrl":"https:\/\/secure.gravatar.com\/avatar\/22be8f8cfea2b6627b98e3bd7d7911a6?s=96&d=mm&r=g","caption":"admin"},"sameAs":["http:\/\/kurcaloglu.com"],"url":"https:\/\/kurcaloglu.com\/en\/author\/admin\/"}]}},"_links":{"self":[{"href":"https:\/\/kurcaloglu.com\/en\/wp-json\/wp\/v2\/posts\/14954"}],"collection":[{"href":"https:\/\/kurcaloglu.com\/en\/wp-json\/wp\/v2\/posts"}],"about":[{"href":"https:\/\/kurcaloglu.com\/en\/wp-json\/wp\/v2\/types\/post"}],"author":[{"embeddable":true,"href":"https:\/\/kurcaloglu.com\/en\/wp-json\/wp\/v2\/users\/1"}],"replies":[{"embeddable":true,"href":"https:\/\/kurcaloglu.com\/en\/wp-json\/wp\/v2\/comments?post=14954"}],"version-history":[{"count":13,"href":"https:\/\/kurcaloglu.com\/en\/wp-json\/wp\/v2\/posts\/14954\/revisions"}],"predecessor-version":[{"id":14967,"href":"https:\/\/kurcaloglu.com\/en\/wp-json\/wp\/v2\/posts\/14954\/revisions\/14967"}],"wp:attachment":[{"href":"https:\/\/kurcaloglu.com\/en\/wp-json\/wp\/v2\/media?parent=14954"}],"wp:term":[{"taxonomy":"category","embeddable":true,"href":"https:\/\/kurcaloglu.com\/en\/wp-json\/wp\/v2\/categories?post=14954"},{"taxonomy":"post_tag","embeddable":true,"href":"https:\/\/kurcaloglu.com\/en\/wp-json\/wp\/v2\/tags?post=14954"}],"curies":[{"name":"wp","href":"https:\/\/api.w.org\/{rel}","templated":true}]}}