{"id":15418,"date":"2023-03-29T12:12:50","date_gmt":"2023-03-29T09:12:50","guid":{"rendered":"https:\/\/kurcaloglu.com\/?p=15418"},"modified":"2023-03-29T17:15:11","modified_gmt":"2023-03-29T14:15:11","slug":"yargitay-cgk-e-2014-2-328-k-2014-386-allah-belani-versin-ifadesi","status":"publish","type":"post","link":"https:\/\/kurcaloglu.com\/en\/yargitay-cgk-e-2014-2-328-k-2014-386-allah-belani-versin-ifadesi\/","title":{"rendered":"Yarg\u0131tay CGK., E.2014\/2-328, K.2014\/386;"},"content":{"rendered":"<div data-elementor-type=\"wp-post\" data-elementor-id=\"15418\" class=\"elementor elementor-15418\">\n\t\t\t\t\t\t<section class=\"elementor-section elementor-top-section elementor-element elementor-element-af11d32 elementor-section-boxed elementor-section-height-default elementor-section-height-default\" data-id=\"af11d32\" data-element_type=\"section\">\n\t\t\t\t\t\t\t<div class=\"elementor-background-overlay\"><\/div>\n\t\t\t\t\t\t\t<div class=\"elementor-container elementor-column-gap-default\">\n\t\t\t\t\t<div class=\"elementor-column elementor-col-100 elementor-top-column elementor-element elementor-element-0e33c03\" data-id=\"0e33c03\" data-element_type=\"column\">\n\t\t\t<div class=\"elementor-widget-wrap elementor-element-populated\">\n\t\t\t\t\t\t<div class=\"elementor-element elementor-element-f031c3c elementor-widget elementor-widget-image\" data-id=\"f031c3c\" data-element_type=\"widget\" data-widget_type=\"image.default\">\n\t\t\t\t<div class=\"elementor-widget-container\">\n\t\t\t\t\t\t\t\t\t\t\t\t\t<img fetchpriority=\"high\" decoding=\"async\" width=\"300\" height=\"300\" src=\"https:\/\/kurcaloglu.com\/wp-content\/uploads\/2022\/10\/Yargitay_logo.png\" class=\"attachment-large size-large wp-image-14410\" alt=\"\" srcset=\"https:\/\/kurcaloglu.com\/wp-content\/uploads\/2022\/10\/Yargitay_logo.png 300w, https:\/\/kurcaloglu.com\/wp-content\/uploads\/2022\/10\/Yargitay_logo-150x150.png 150w\" sizes=\"(max-width: 300px) 100vw, 300px\" \/>\t\t\t\t\t\t\t\t\t\t\t\t\t<\/div>\n\t\t\t\t<\/div>\n\t\t\t\t<div class=\"elementor-element elementor-element-e072055 elementor-widget elementor-widget-heading\" data-id=\"e072055\" data-element_type=\"widget\" data-widget_type=\"heading.default\">\n\t\t\t\t<div class=\"elementor-widget-container\">\n\t\t\t<h1 class=\"elementor-heading-title elementor-size-default\"><b>Yarg\u0131tay CGK., E.2014\/2-328, K.2014\/386;<\/b><\/h1>\t\t<\/div>\n\t\t\t\t<\/div>\n\t\t\t\t<div class=\"elementor-element elementor-element-ad3ab73 elementor-widget elementor-widget-spacer\" data-id=\"ad3ab73\" data-element_type=\"widget\" data-widget_type=\"spacer.default\">\n\t\t\t\t<div class=\"elementor-widget-container\">\n\t\t\t\t\t<div class=\"elementor-spacer\">\n\t\t\t<div class=\"elementor-spacer-inner\"><\/div>\n\t\t<\/div>\n\t\t\t\t<\/div>\n\t\t\t\t<\/div>\n\t\t\t\t<div class=\"elementor-element elementor-element-5e6ea08 elementor-widget elementor-widget-heading\" data-id=\"5e6ea08\" data-element_type=\"widget\" data-widget_type=\"heading.default\">\n\t\t\t\t<div class=\"elementor-widget-container\">\n\t\t\t<h3 class=\"elementor-heading-title elementor-size-default\">'' Allah Belan\u0131 Versin '' <br>\u015eeklindeki \u0130fade <br>(Beddua Niteli\u011finde, Nezaket D\u0131\u015f\u0131 Kaba Ve Rahats\u0131z Edici Bir S\u00f6z Olup ) <br>Hakaret Su\u00e7unu Olu\u015fturmaz.<\/h3>\t\t<\/div>\n\t\t\t\t<\/div>\n\t\t\t\t<div class=\"elementor-element elementor-element-d3e5357 elementor-widget elementor-widget-spacer\" data-id=\"d3e5357\" data-element_type=\"widget\" data-widget_type=\"spacer.default\">\n\t\t\t\t<div class=\"elementor-widget-container\">\n\t\t\t\t\t<div class=\"elementor-spacer\">\n\t\t\t<div class=\"elementor-spacer-inner\"><\/div>\n\t\t<\/div>\n\t\t\t\t<\/div>\n\t\t\t\t<\/div>\n\t\t\t\t<div class=\"elementor-element elementor-element-4ca79aa elementor-widget elementor-widget-heading\" data-id=\"4ca79aa\" data-element_type=\"widget\" data-widget_type=\"heading.default\">\n\t\t\t\t<div class=\"elementor-widget-container\">\n\t\t\t<h4 class=\"elementor-heading-title elementor-size-default\">YARGITAY<br>\n\n\nCEZA GENEL KURULU<br>\n\n\nEsas Numaras\u0131: 2014\/2-328<br>\n\nKarar Numaras\u0131: 2014\/386<br>\n\nKarar Tarihi: 16.09.2014<br><\/h4>\t\t<\/div>\n\t\t\t\t<\/div>\n\t\t\t\t<div class=\"elementor-element elementor-element-f7ae193 elementor-widget elementor-widget-text-editor\" data-id=\"f7ae193\" data-element_type=\"widget\" data-widget_type=\"text-editor.default\">\n\t\t\t\t<div class=\"elementor-widget-container\">\n\t\t\t\t\t\t\t<p style=\"text-align: center;\"><span style=\"color: #000000;\"><b><a style=\"color: #000000;\" href=\"https:\/\/legalbank.net\/kavramara.aspx?s=1&amp;a=KAMU%20G%C3%96REVL%C4%B0S%C4%B0NE%20KAR%C5%9EI%20G%C3%96REV%C4%B0NDEN%20DOLAYI%20HAKARET%20SU%C3%87U\">KAMU G\u00d6REVL\u0130S\u0130NE KAR\u015eI G\u00d6REV\u0130NDEN DOLAYI HAKARET SU\u00c7U<\/a>\u00a0<\/b><\/span><b style=\"color: #000000;\"><a style=\"color: #000000;\" href=\"https:\/\/legalbank.net\/kavramara.aspx?s=1&amp;a=G%C3%96REVL%C4%B0%20POL%C4%B0SLER%C4%B0N%20%C3%96N%C3%9CNDE%20SANI%C4%9EIN%20HAK%C4%B0ME%20KAR%C5%9EI%20ALLAH%20BELANI%20VERS%C4%B0N%20DEMES%C4%B0%20O%20K%C4%B0%C5%9E%C4%B0N%C4%B0N%20VE%20MAHKEMEN%C4%B0N%20PREST%C4%B0J%C4%B0N%C4%B0%20VE%20HAK%C4%B0M%C4%B0N%20OTOR%C4%B0TES%C4%B0N%C4%B0%20SARSAR\">G\u00d6REVL\u0130 POL\u0130SLER\u0130N \u00d6N\u00dcNDE SANI\u011eIN HAK\u0130ME KAR\u015eI ALLAH BELANI VERS\u0130N DEMES\u0130 O K\u0130\u015e\u0130N\u0130N VE MAHKEMEN\u0130N PREST\u0130J\u0130N\u0130 VE HAK\u0130M\u0130N OTOR\u0130TES\u0130N\u0130 SARSAR<\/a><\/b><\/p>\t\t\t\t\t\t<\/div>\n\t\t\t\t<\/div>\n\t\t\t\t<div class=\"elementor-element elementor-element-a2b678b elementor-widget elementor-widget-heading\" data-id=\"a2b678b\" data-element_type=\"widget\" data-widget_type=\"heading.default\">\n\t\t\t\t<div class=\"elementor-widget-container\">\n\t\t\t<h5 class=\"elementor-heading-title elementor-size-default\">\u00d6ZET\u0130:<\/h5>\t\t<\/div>\n\t\t\t\t<\/div>\n\t\t\t\t<div class=\"elementor-element elementor-element-bad25a2 elementor-widget elementor-widget-text-editor\" data-id=\"bad25a2\" data-element_type=\"widget\" data-widget_type=\"text-editor.default\">\n\t\t\t\t<div class=\"elementor-widget-container\">\n\t\t\t\t\t\t\t<p><b>K\u00fc\u00e7\u00fck\u00e7ekmece 1. Sulh Ceza Mahkemesinin 01.10.2013 g\u00fcn ve 456-946 say\u0131l\u0131 direnme h\u00fckm\u00fcn\u00fcn, hakaret su\u00e7unun unsurlar\u0131n\u0131n olu\u015fmad\u0131\u011f\u0131 g\u00f6zetilmeden, san\u0131\u011f\u0131n beraati yerine mahk\u00fbmiyetine karar verilmesi isabetsizli\u011finden bozulmas\u0131na karar verilmi\u015ftir.<\/b><\/p>\t\t\t\t\t\t<\/div>\n\t\t\t\t<\/div>\n\t\t\t\t<div class=\"elementor-element elementor-element-78e961e elementor-widget elementor-widget-text-editor\" data-id=\"78e961e\" data-element_type=\"widget\" data-widget_type=\"text-editor.default\">\n\t\t\t\t<div class=\"elementor-widget-container\">\n\t\t\t\t\t\t\t<p>Kamu g\u00f6revlisine kar\u015f\u0131 g\u00f6revinden dolay\u0131 hakaret su\u00e7undan san\u0131k S. K.&#8217;n\u0131n 5237 say\u0131l\u0131 TCK&#8217;nun 125\/3-a, 53 ve 58. maddeleri uyar\u0131nca 1 y\u0131l hapis cezas\u0131 ile cezaland\u0131r\u0131lmas\u0131na, hak yoksunlu\u011funa ve cezas\u0131n\u0131n m\u00fckerrirlere \u00f6zg\u00fc infaz rejimine g\u00f6re \u00e7ektirilmesine ili\u015fkin, K\u00fc\u00e7\u00fck\u00e7ekmece 1. Sulh Ceza Mahkemesince verilen 19.12.2006 g\u00fcn ve 573-656 say\u0131l\u0131 h\u00fckm\u00fcn san\u0131k taraf\u0131ndan temyiz edilmesi \u00fczerine dosyay\u0131 inceleyen Yarg\u0131tay 2. Ceza Dairesince 20.02.2013 g\u00fcn ve 24950-3378 say\u0131 ile;<\/p><p>\u201cMahkemece; san\u0131\u011f\u0131n duru\u015fmada m\u00fc\u015ftekiye y\u00f6nelik olarak s\u00f6yledi\u011fi kabul edilen &#8216;Allah belan\u0131 versin&#8217; s\u00f6z\u00fcn\u00fcn beddua niteli\u011finde olup hakaret olarak nitelendirilmeyece\u011fi g\u00f6zetilmeden unsurlar\u0131 olu\u015fmayan su\u00e7tan san\u0131\u011f\u0131n beraati yerine mahkumiyetine karar verilmesi&#8221; isabetsizli\u011finden bozulmas\u0131na karar verilmi\u015ftir.<\/p>\t\t\t\t\t\t<\/div>\n\t\t\t\t<\/div>\n\t\t\t\t<div class=\"elementor-element elementor-element-384d18a elementor-widget elementor-widget-text-editor\" data-id=\"384d18a\" data-element_type=\"widget\" data-widget_type=\"text-editor.default\">\n\t\t\t\t<div class=\"elementor-widget-container\">\n\t\t\t\t\t\t\t<p>Yerel mahkeme ise 01.10.2013 g\u00fcn ve 456-946 say\u0131 ile;<\/p><p>\u201c&#8230;Yarg\u0131lamaya konu somut olayda; san\u0131\u011f\u0131n sarf etti\u011fi s\u00f6zlerin \u015fah\u0131slar aras\u0131nda ger\u00e7ekle\u015fen bir tart\u0131\u015fma veya uyu\u015fmazl\u0131k s\u0131ras\u0131nda sarf edilmesi halinde beddua olarak nitelendirilebilece\u011fi, ancak ma\u011fdurun su\u00e7 tarihinde n\u00f6bet\u00e7i sulh ceza hakimi olarak g\u00f6rev yapt\u0131\u011f\u0131, h\u0131rs\u0131zl\u0131k su\u00e7lamas\u0131 ile sorguya sevk edilen san\u0131k hakk\u0131nda soru\u015fturma dosyas\u0131ndaki deliller ve vicdani kan\u0131s\u0131 do\u011frultusunda san\u0131\u011f\u0131n tutuklanmas\u0131na y\u00f6nelik yarg\u0131sal bir karar verdi\u011fi, san\u0131k m\u00fcdafiinin ve san\u0131\u011f\u0131n bu yarg\u0131sal karara kar\u015f\u0131 \u00fcst dereceli mahkemede itiraz yoluna ba\u015fvurmak suretiyle hukuki ve yasal yollara ba\u015fvurabilme hakk\u0131 varken kendisi aleyhine verilen yarg\u0131 karar\u0131na kar\u015f\u0131 &#8216;Allah belan\u0131 versin, sen ne bi\u00e7im hakimsin&#8217; \u015feklinde ba\u011f\u0131rmak suretiyle ma\u011fdur olan hakimin onur, \u015feref ve sayg\u0131nl\u0131\u011f\u0131na sald\u0131r\u0131da bulundu\u011fu, su\u00e7un i\u015fleni\u015f \u015fekli, i\u015flendi\u011fi yer ve zaman, failin g\u00fctt\u00fc\u011f\u00fc ama\u00e7 ve saik dikkate al\u0131nd\u0131\u011f\u0131nda san\u0131\u011f\u0131n sarf etti\u011fi s\u00f6zlerin beddua kast\u0131yla sarf edilmedi\u011fi, san\u0131\u011f\u0131n hakaret kast\u0131yla hareket etti\u011finin kabul\u00fcn\u00fcn gerekti\u011fi, aksinin kabul\u00fc halinde aleyhine verilen kararlar\u0131 kabullenemeyen b\u00fct\u00fcn \u015fah\u0131slar\u0131n yasal yollar\u0131 kullanmak yerine beddua ve kaba ele\u015ftiri ad\u0131 alt\u0131nda yarg\u0131sal faaliyette bulunan t\u00fcm hakim ve savc\u0131lar\u0131n onur, \u015feref ve sayg\u0131nl\u0131\u011f\u0131 rencide etme yoluna gidebilece\u011fi, bu haliyle Yarg\u0131tay 2. Ceza Dairesi karar\u0131n\u0131n yerinde olmad\u0131\u011f\u0131&#8230;\u201d gerek\u00e7esi ile ilk h\u00fck\u00fcmde direnilmesine karar vermi\u015ftir.<\/p>\t\t\t\t\t\t<\/div>\n\t\t\t\t<\/div>\n\t\t\t\t<div class=\"elementor-element elementor-element-324d0c3 elementor-widget elementor-widget-text-editor\" data-id=\"324d0c3\" data-element_type=\"widget\" data-widget_type=\"text-editor.default\">\n\t\t\t\t<div class=\"elementor-widget-container\">\n\t\t\t\t\t\t\t<p>Bu h\u00fckm\u00fcn de san\u0131k taraf\u0131ndan temyiz edilmesi \u00fczerine, Yarg\u0131tay Cumhuriyet Ba\u015fsavc\u0131l\u0131\u011f\u0131n\u0131n \u201cbozma\u201d istekli 13.05.2014 g\u00fcn ve 25007 say\u0131l\u0131 tebli\u011fnamesi ile Yarg\u0131tay Birinci Ba\u015fkanl\u0131\u011f\u0131na g\u00f6nderilen dosya, Ceza Genel Kurulunca de\u011ferlendirilmi\u015f ve a\u00e7\u0131klanan gerek\u00e7elerle karara ba\u011flanm\u0131\u015ft\u0131r.<\/p><p>Karar: \u00d6zel Daire ile yerel mahkeme aras\u0131nda olu\u015fan ve Ceza Genel Kurulunca \u00e7\u00f6z\u00fcmlenmesi gereken uyu\u015fmazl\u0131k; hakaret su\u00e7unun unsurlar\u0131n\u0131n olu\u015fup olu\u015fmad\u0131\u011f\u0131n\u0131n belirlenmesine ili\u015fkindir.<\/p>\t\t\t\t\t\t<\/div>\n\t\t\t\t<\/div>\n\t\t\t\t<div class=\"elementor-element elementor-element-67050d6 elementor-widget elementor-widget-text-editor\" data-id=\"67050d6\" data-element_type=\"widget\" data-widget_type=\"text-editor.default\">\n\t\t\t\t<div class=\"elementor-widget-container\">\n\t\t\t\t\t\t\t<p>\u0130ncelenen dosya kapsam\u0131ndan;<\/p><p>06.03.2006 tarihinde d\u00fczenlenen tutana\u011fa g\u00f6re; h\u0131rs\u0131zl\u0131k su\u00e7undan tutuklanmas\u0131 talebiyle hakim \u00f6n\u00fcne \u00e7\u0131kar\u0131lan san\u0131\u011f\u0131n, sorgusu yap\u0131ld\u0131ktan sonra \u015fikayet\u00e7i Hakim Ziya B\u00fclent \u00d6ner taraf\u0131ndan tutuklanmas\u0131na karar verilmesi \u00fczerine, karar\u0131n tefhiminin ard\u0131ndan duru\u015fma salonundan ayr\u0131lmak \u00fczere olan m\u00fc\u015ftekiye y\u00fcksek sesle \u201cAllah belan\u0131 versin\u201d diye s\u00f6yledi\u011fi,<\/p><p>K\u00fc\u00e7\u00fck\u00e7ekmece Cumhuriyet Ba\u015fsavc\u0131l\u0131\u011f\u0131n\u0131n 12.10.2006 g\u00fcn ve 8150-2046 say\u0131l\u0131 iddianamesi ile; &#8220;Allah belan\u0131 versin&#8221; \u015feklinde s\u00f6z s\u00f6ylemek suretiyle kamu g\u00f6revlisine kar\u015f\u0131 g\u00f6revinden dolay\u0131 hakaret su\u00e7unu i\u015fledi\u011fi iddias\u0131yla san\u0131k hakk\u0131nda kamu davas\u0131 a\u00e7\u0131ld\u0131\u011f\u0131, Anla\u015f\u0131lmaktad\u0131r.<\/p>\t\t\t\t\t\t<\/div>\n\t\t\t\t<\/div>\n\t\t\t\t<div class=\"elementor-element elementor-element-18c6b7f elementor-widget elementor-widget-text-editor\" data-id=\"18c6b7f\" data-element_type=\"widget\" data-widget_type=\"text-editor.default\">\n\t\t\t\t<div class=\"elementor-widget-container\">\n\t\t\t\t\t\t\t<p>\u015eikayet\u00e7i Z. B. \u00d6.; K\u00fc\u00e7\u00fck\u00e7ekmece l. Aile Mahkemesinde hakim olarak g\u00f6revli oldu\u011funu, olay tarihinde n\u00f6bet\u00e7i hakim olmas\u0131 nedeniyle tutuklanmas\u0131 talep edilen san\u0131\u011f\u0131n sorgusunu yapt\u0131\u011f\u0131n\u0131, tutuklama karar\u0131n\u0131 bildirdikten sonra odas\u0131na ge\u00e7ece\u011fi s\u0131rada san\u0131\u011f\u0131n kendisine hitaben \u201cAllah belan\u0131 versin\u201d dedi\u011fini belirtmi\u015f,<\/p><p>Su\u00e7 tarihinde tutanak katibi olarak g\u00f6rev yapan tan\u0131k S. K. ve polis memuru olan tan\u0131k A. I\u015f\u0131k olay tutana\u011f\u0131 ile ayn\u0131 do\u011frultuda olacak \u015fekilde; san\u0131\u011f\u0131n sorgusu yap\u0131ld\u0131ktan sonra g\u00f6revli hakime &#8220;Allah belan\u0131 versin&#8221; dedi\u011fini beyan etmi\u015fler,<\/p><p>Polis memuru olarak g\u00f6rev yapan tan\u0131k U. \u015e. ise soru\u015fturma a\u015famas\u0131ndaki ifadesinde; san\u0131\u011f\u0131n g\u00f6revli hakime &#8220;Sen nas\u0131l hakimsin, Allah belan\u0131 versin&#8221; dedi\u011fini, kovu\u015fturma a\u015famas\u0131nda da bu ifadeden k\u0131smen farkl\u0131 olacak \u015fekilde &#8220;Allah belan\u0131 versin, ne bi\u00e7im hakimsin&#8221; dedi\u011fini a\u00e7\u0131klam\u0131\u015f,<\/p>\t\t\t\t\t\t<\/div>\n\t\t\t\t<\/div>\n\t\t\t\t<div class=\"elementor-element elementor-element-c0b0f98 elementor-widget elementor-widget-text-editor\" data-id=\"c0b0f98\" data-element_type=\"widget\" data-widget_type=\"text-editor.default\">\n\t\t\t\t<div class=\"elementor-widget-container\">\n\t\t\t\t\t\t\t<p>San\u0131k a\u015famalarda; tutuklama karar\u0131ndan etkilenerek sorguyu yapan hakime &#8220;Allah belan\u0131 versin&#8221; dedi\u011fini kabul etmi\u015f, temyiz dilek\u00e7esinde ise bu s\u00f6z\u00fc g\u00f6revli hakime de\u011fil, di\u011fer \u015f\u00fcpheli arkada\u015f\u0131na s\u00f6yledi\u011fini savunmu\u015ftur.<\/p><p>5237 say\u0131l\u0131 T\u00fcrk Ceza Kanununun \u201cHakaret\u201d ba\u015fl\u0131kl\u0131 125. maddesinin ilk \u00fc\u00e7 f\u0131kras\u0131;<\/p><p>\u201c1- Bir kimseye onur, \u015feref ve sayg\u0131nl\u0131\u011f\u0131n\u0131 rencide edebilecek nitelikte somut bir fiil veya olgu isnat eden veya s\u00f6vmek suretiyle bir kimsenin onur, \u015feref ve sayg\u0131nl\u0131\u011f\u0131na sald\u0131ran ki\u015fi, \u00fc\u00e7 aydan iki y\u0131la kadar hapis veya adli para cezas\u0131 ile cezaland\u0131r\u0131l\u0131r.<\/p><p>2- Fiilin, ma\u011fduru muhatap alan sesli, yaz\u0131l\u0131 veya g\u00f6r\u00fcnt\u00fcl\u00fc bir iletiyle i\u015flenmesi halinde, yukar\u0131daki f\u0131krada belirtilen cezaya h\u00fckmolunur.<\/p><p>3- Hakaret su\u00e7unun;<\/p><p>a) Kamu g\u00f6revlisine kar\u015f\u0131 g\u00f6revinden dolay\u0131,\u00a0\u00a0\u00a0<\/p><p>b) Dini, siyasi, sosyal, felsefi inan\u00e7, d\u00fc\u015f\u00fcnce ve kanaatlerini a\u00e7\u0131klamas\u0131ndan, de\u011fi\u015ftirmesinden, yaymaya \u00e7al\u0131\u015fmas\u0131ndan, mensup oldu\u011fu dinin emir ve yasaklar\u0131na uygun davranmas\u0131ndan dolay\u0131,<\/p><p>c) Ki\u015finin mensup bulundu\u011fu dine g\u00f6re kutsal say\u0131lan de\u011ferlerden bahisle,\u00a0\u00a0<\/p><p>\u0130\u015flenmesi halinde, cezan\u0131n alt s\u0131n\u0131r\u0131 bir y\u0131ldan az olamaz&#8230;\u201d \u015feklinde d\u00fczenlenmi\u015ftir.<\/p><p>Bu d\u00fczenleme ile 765 say\u0131l\u0131 TCK&#8217;ndan farkl\u0131 olarak hakaret ve s\u00f6vme ayr\u0131m\u0131 kald\u0131r\u0131lm\u0131\u015f, onur, \u015feref ve sayg\u0131nl\u0131\u011f\u0131 rencide edebilecek nitelikte somut bir fiil veya olgu isnat etmek veya s\u00f6vmek hakaret su\u00e7unu olu\u015fturan se\u00e7imlik hareketler olarak belirlenmi\u015ftir. (Mahmut Koca- \u0130lhan \u00dcz\u00fclmez, T\u00fcrk Ceza Hukuku \u00d6zel H\u00fck\u00fcmler, Adalet Yay\u0131nevi, Ankara, 2013, s.430)<\/p><p>5237 say\u0131l\u0131 TCK&#8217;nun &#8220;Soru\u015fturma ve kovu\u015fturma ko\u015fulu&#8221;\u00a0\u00a0\u00a0\u00a0\u00a0\u00a0 ba\u015fl\u0131kl\u0131 131. maddesinin birinci f\u0131kras\u0131nda ise; \u201cKamu g\u00f6revlisine kar\u015f\u0131 g\u00f6revinden dolay\u0131 i\u015flenen hari\u00e7; hakaret su\u00e7unun soru\u015fturulmas\u0131 ve kovu\u015fturulmas\u0131, ma\u011fdurun \u015fikayetine ba\u011fl\u0131d\u0131r\u201d h\u00fckm\u00fcne yer verilmi\u015ftir.<\/p><p>Buna g\u00f6re, TCK&#8217;nun 125. maddesinin birinci f\u0131kras\u0131nda hakaret su\u00e7unun temel \u015fekli, \u00fc\u00e7\u00fcnc\u00fc f\u0131kras\u0131nda ise nitelikli halleri d\u00fczenlenmi\u015f, ayn\u0131 kanunun 131\/1. maddesinde kamu g\u00f6revlisine kar\u015f\u0131 g\u00f6revinden dolay\u0131 hakaret d\u0131\u015f\u0131nda kalan hakaret su\u00e7lar\u0131n\u0131n \u015fikayete tabi oldu\u011fu a\u00e7\u0131k\u00e7a ifade edilmi\u015ftir.<\/p><p>Hakaret fiillerinin cezaland\u0131r\u0131lmas\u0131yla korunan hukuki de\u011fer, ki\u015filerin onur, \u015feref ve sayg\u0131nl\u0131\u011f\u0131 olup, bu su\u00e7un olu\u015fabilmesi i\u00e7in, davran\u0131\u015f\u0131n ki\u015fiyi k\u00fc\u00e7\u00fck d\u00fc\u015f\u00fcrmeye matuf olarak ger\u00e7ekle\u015fmesi gerekmektedir. Bir hareketin tahkir edici olup olmad\u0131\u011f\u0131 baz\u0131 durumlarda nispi olup, zamana, yere ve duruma g\u00f6re de\u011fi\u015febilmektedir. Ki\u015filere y\u00f6nelik her t\u00fcrl\u00fc a\u011f\u0131r ele\u015ftiri veya rahats\u0131z edici s\u00f6zlerin hakaret su\u00e7u ba\u011flam\u0131nda de\u011ferlendirilmemesi, s\u00f6zlerin a\u00e7\u0131k\u00e7a, onur, \u015feref ve sayg\u0131nl\u0131\u011f\u0131 rencide edebilecek nitelikte somut bir fiil veya olgu isnad\u0131n\u0131 veya s\u00f6vmek fiilini olu\u015fturmas\u0131 gerekmektedir. \u00d6te yandan, T\u00fcrk Dil Kurumu B\u00fcy\u00fck T\u00fcrk\u00e7e S\u00f6zl\u00fc\u011f\u00fcnde beddua; &#8220;Birinin k\u00f6t\u00fc duruma d\u00fc\u015fmesini g\u00f6n\u00fclden isteme, bir kimse i\u00e7in k\u00f6t\u00fc dilekte bulunma, k\u00f6t\u00fc dua, ilenme, ilen\u00e7&#8221;, &#8220;bela&#8221; ise; &#8220;\u0130\u00e7inden \u00e7\u0131k\u0131lmas\u0131 g\u00fc\u00e7 sak\u0131ncal\u0131 durum, b\u00fcy\u00fck zarar ve s\u0131k\u0131nt\u0131ya yol a\u00e7an olay veya kimse, hak edilen ceza&#8221; \u015feklinde tan\u0131mlanm\u0131\u015ft\u0131r.<\/p><p>Bir kimsenin zarar ve s\u0131k\u0131nt\u0131ya d\u00fc\u015fmesini yarat\u0131c\u0131dan dileme mahiyetindeki s\u00f6zlerin a\u00e7\u0131k\u00e7a, ki\u015finin onur, \u015feref ve sayg\u0131nl\u0131\u011f\u0131n\u0131 rencide edebilecek nitelikte somut bir fiil veya olgu isnad\u0131n\u0131 i\u00e7ermedi\u011fi veya s\u00f6vmek fiilini olu\u015fturmad\u0131\u011f\u0131 takdirde hakaret olarak kabul\u00fc m\u00fcmk\u00fcn bulunmamaktad\u0131r.<\/p><p>Bu kapsamda, sadece &#8220;Allah belan\u0131 versin&#8221; c\u00fcmlesi ile ortaya konulan bir beddua ifadesi, rahats\u0131z edici olmakla birlikte onur, \u015feref ve sayg\u0131nl\u0131\u011f\u0131 rencide edebilecek nitelikte somut bir fiil isnad\u0131 veya s\u00f6vme olmamas\u0131 nedeniyle TCK&#8217;nun 125. maddesi anlam\u0131nda su\u00e7 olarak kabul edilemeyecektir. Nitekim Ceza Genel Kurulunun 03.07.2001 g\u00fcn ve 132-155 say\u0131l\u0131 karar\u0131nda da; &#8220;Allah belas\u0131n\u0131 versin&#8221; s\u00f6z\u00fcn\u00fcn Tanr\u0131sal ceza dileme ve beddua anlam\u0131nda olup tahkir ve tezyif i\u00e7erdi\u011finden s\u00f6z edilemeyece\u011fine i\u015faret edilmi\u015ftir.<\/p><p>Bu a\u00e7\u0131klamalar \u0131\u015f\u0131\u011f\u0131nda somut olay de\u011ferlendirildi\u011finde;<\/p><p>H\u0131rs\u0131zl\u0131k su\u00e7undan hakk\u0131nda soru\u015fturma ba\u015flat\u0131lan ve tutuklanmas\u0131 talebiyle hakim \u00f6n\u00fcne \u00e7\u0131kart\u0131lan san\u0131\u011f\u0131n, kendisinin haks\u0131z bir \u015fekilde tutuklanmas\u0131na karar verildi\u011fini d\u00fc\u015f\u00fcnerek bunun sorumlusu olarak g\u00f6rd\u00fc\u011f\u00fc sorguyu yapan hakime y\u00f6neltti\u011fi \u201cAllah belan\u0131 versin\u201d \u015feklindeki ifade, beddua niteli\u011finde, nezaket d\u0131\u015f\u0131, kaba ve rahats\u0131z edici bir s\u00f6z ise de, \u015fikayet\u00e7i hakimin onur, \u015feref ve sayg\u0131nl\u0131\u011f\u0131n\u0131 rencide edebilecek nitelikte somut bir fiil veya olgu isnad\u0131n\u0131 i\u00e7ermemesi ve s\u00f6vme fiilini de olu\u015fturmamas\u0131 nedeniyle hakaret su\u00e7unun kanuni unsurlar\u0131n\u0131n ger\u00e7ekle\u015fmedi\u011fi kabul edilmelidir.<\/p><p>Bu nedenle, yerel mahkemece san\u0131\u011f\u0131n beraatine h\u00fckmolunmas\u0131 gerekti\u011fi g\u00f6zetilmeden, unsurlar\u0131 olu\u015fmayan su\u00e7tan mahk\u00fbmiyet karar\u0131 verilmesi isabetsizdir. Bu itibarla; yerel mahkeme direnme h\u00fckm\u00fcn\u00fcn, hakaret su\u00e7unun unsurlar\u0131n\u0131n olu\u015fmad\u0131\u011f\u0131 g\u00f6zetilmeden, san\u0131\u011f\u0131n beraati yerine mahk\u00fbmiyetine karar verilmesi isabetsizli\u011finden bozulmas\u0131na karar verilmelidir.<\/p><p>\u00c7o\u011funluk g\u00f6r\u00fc\u015f\u00fcne kat\u0131lmayan Genel Kurul \u00dcyesi O. K.; &#8220;San\u0131k tutuklanmas\u0131n\u0131n akabinde tutuklayan hakime g\u00f6revlilerin yan\u0131nda &#8216;Allah belan\u0131 versin&#8217; diyerek salonu terk etmi\u015ftir. \u00c7o\u011funluk bu s\u00f6z\u00fc beddua olarak kabul ederek su\u00e7 olmad\u0131\u011f\u0131na h\u00fckmetmi\u015ftir. Temelde bu s\u00f6z beddua ise de olu\u015fa ve s\u00f6ylenen ki\u015fiye g\u00f6re s\u00f6vme olarak vas\u0131fland\u0131r\u0131labilir. Hakimin g\u0131yab\u0131nda bir makalede veya bir televizyon s\u00f6yle\u015fisinde kullan\u0131lsa olu\u015fa g\u00f6re su\u00e7 olmayabilir. Ancak; hakimin g\u00f6revi s\u0131ras\u0131nda kamu otoritesini, makam sahibinin prestijini sarsacak veya sayg\u0131nl\u0131\u011f\u0131n\u0131 rencide edecek \u015fekilde s\u00f6ylenirse s\u00f6vme su\u00e7unu olu\u015fturur. 5237 say\u0131l\u0131 Yasa&#8217;n\u0131n 125. maddesinde sayg\u0131nl\u0131\u011f\u0131 rencide edebilecek veya sayg\u0131nl\u0131\u011fa sald\u0131r\u0131 bu su\u00e7un unsurlar\u0131 aras\u0131nda say\u0131lm\u0131\u015f olup bir hakime ba\u015fkalar\u0131n\u0131n bulundu\u011fu bir ortamda &#8216;Allah belan\u0131 versin&#8217; demek hem ki\u015finin hem de mahkemenin sayg\u0131nl\u0131\u011f\u0131na sald\u0131r\u0131d\u0131r. G\u00f6revli polislerin \u00f6n\u00fcnde san\u0131\u011f\u0131n hakime kar\u015f\u0131 &#8216;Allah belan\u0131 versin&#8217; demesi o ki\u015finin ve mahkemenin prestijini ve hakimin otoritesini sarsar. Prestijin T\u00fcrk\u00e7e kar\u015f\u0131l\u0131\u011f\u0131 itibard\u0131r. \u0130tibar\u0131 sarsan bir s\u00f6zc\u00fck de s\u00f6vme su\u00e7unu olu\u015fturur. Bu s\u00f6z kavga esnas\u0131nda bir \u015fahsa s\u00f6ylense veya bir siyasiye s\u00f6ylense beddua ya da a\u011f\u0131r ele\u015ftiri olarak g\u00f6r\u00fclebilir. Ancak bir makam sahibine s\u00f6ylendi\u011finde, hele hele bir hakime s\u00f6ylendi\u011finde durum farl\u0131l\u0131k arzeder. Su\u00e7 olmad\u0131\u011f\u0131 kabul edilirse b\u00fct\u00fcn san\u0131klar hakime &#8216;Allah belan\u0131 versin&#8217; diyerek salonu terk eder. Bu da kamu otoritesinin sars\u0131lmas\u0131na neden olur. Nitekim Anayasan\u0131n 26\/2. f\u0131kra son c\u00fcmlesinde ve Avrupa \u0130nsan Haklar\u0131 S\u00f6zle\u015fmesinin ifade \u00f6zg\u00fcrl\u00fc\u011f\u00fc ba\u015fl\u0131\u011f\u0131yla d\u00fczenlenen 10\/2. f\u0131krada yarg\u0131lama g\u00f6revi yapanlar ve yarg\u0131 g\u00fcc\u00fc otoritesi y\u00f6n\u00fcnden ifade \u00f6zg\u00fcrl\u00fc\u011f\u00fc y\u00f6n\u00fcnden bir ayr\u0131cal\u0131k \u00f6ng\u00f6rm\u00fc\u015ft\u00fcr. \u0130zah edilen nedenlerle h\u00fckm\u00fcn onanmas\u0131 gerekti\u011fi d\u00fc\u015f\u00fcncesiyle \u00e7o\u011funlu\u011fun bozma karar\u0131na kat\u0131lm\u0131yorum&#8221; d\u00fc\u015f\u00fcncesiyle,<\/p><p>\u00c7o\u011funluk g\u00f6r\u00fc\u015f\u00fcne kat\u0131lmayan di\u011fer alt\u0131 Genel Kurul \u00dcyesi de; &#8220;su\u00e7un unsurlar\u0131n\u0131n olu\u015fmas\u0131 nedeniyle direnme h\u00fckm\u00fcn\u00fcn onanmas\u0131 gerekti\u011fi&#8221; \u015feklindeki benzer d\u00fc\u015f\u00fcnceyle kar\u015f\u0131 oy kullanm\u0131\u015flard\u0131r.<\/p>\t\t\t\t\t\t<\/div>\n\t\t\t\t<\/div>\n\t\t\t\t<div class=\"elementor-element elementor-element-3828dd4 elementor-widget elementor-widget-heading\" data-id=\"3828dd4\" data-element_type=\"widget\" data-widget_type=\"heading.default\">\n\t\t\t\t<div class=\"elementor-widget-container\">\n\t\t\t<h5 class=\"elementor-heading-title elementor-size-default\">SONU\u00c7:<\/h5>\t\t<\/div>\n\t\t\t\t<\/div>\n\t\t\t\t<div class=\"elementor-element elementor-element-24ddd37 elementor-widget elementor-widget-text-editor\" data-id=\"24ddd37\" data-element_type=\"widget\" data-widget_type=\"text-editor.default\">\n\t\t\t\t<div class=\"elementor-widget-container\">\n\t\t\t\t\t\t\t<p>A\u00e7\u0131klanan nedenler ile;<\/p><p>1- K\u00fc\u00e7\u00fck\u00e7ekmece 1. Sulh Ceza Mahkemesinin 01.10.2013 g\u00fcn ve 456-946 say\u0131l\u0131 direnme h\u00fckm\u00fcn\u00fcn, hakaret su\u00e7unun unsurlar\u0131n\u0131n olu\u015fmad\u0131\u011f\u0131 g\u00f6zetilmeden, san\u0131\u011f\u0131n beraati yerine mahk\u00fbmiyetine karar verilmesi isabetsizli\u011finden BOZULMASINA,<\/p><p>2- Dosyan\u0131n, mahalline g\u00f6nderilmek \u00fczere Yarg\u0131tay Cumhuriyet Ba\u015fsavc\u0131l\u0131\u011f\u0131na TEVD\u0130\u0130NE, 16.09.2014 tarihinde yap\u0131lan m\u00fczakerede oy\u00e7oklu\u011fuyla karar verildi.<\/p>\t\t\t\t\t\t<\/div>\n\t\t\t\t<\/div>\n\t\t\t\t<div class=\"elementor-element elementor-element-ec62f74 elementor-widget elementor-widget-spacer\" data-id=\"ec62f74\" data-element_type=\"widget\" data-widget_type=\"spacer.default\">\n\t\t\t\t<div class=\"elementor-widget-container\">\n\t\t\t\t\t<div class=\"elementor-spacer\">\n\t\t\t<div class=\"elementor-spacer-inner\"><\/div>\n\t\t<\/div>\n\t\t\t\t<\/div>\n\t\t\t\t<\/div>\n\t\t\t\t\t<\/div>\n\t\t<\/div>\n\t\t\t\t\t<\/div>\n\t\t<\/section>\n\t\t\t\t<section class=\"elementor-section elementor-top-section elementor-element elementor-element-80fc912 elementor-section-boxed elementor-section-height-default elementor-section-height-default\" data-id=\"80fc912\" data-element_type=\"section\">\n\t\t\t\t\t\t<div class=\"elementor-container elementor-column-gap-default\">\n\t\t\t\t\t<div class=\"elementor-column elementor-col-100 elementor-top-column elementor-element elementor-element-511e6a3\" data-id=\"511e6a3\" data-element_type=\"column\">\n\t\t\t<div class=\"elementor-widget-wrap\">\n\t\t\t\t\t\t\t<\/div>\n\t\t<\/div>\n\t\t\t\t\t<\/div>\n\t\t<\/section>\n\t\t\t\t<\/div>","protected":false},"excerpt":{"rendered":"<p>Allah Belan\u0131 Versin<br \/>\n\u015eeklindeki \u0130fade<br \/>\n(Beddua Niteli\u011finde, Nezaket D\u0131\u015f\u0131 Kaba Ve Rahats\u0131z Edici Bir S\u00f6z Olup )<br \/>\nHakaret Su\u00e7unu Olu\u015fturmaz.<\/p>","protected":false},"author":5,"featured_media":0,"comment_status":"open","ping_status":"open","sticky":false,"template":"","format":"standard","meta":{"footnotes":""},"categories":[871,638],"tags":[1076,1075],"yoast_head":"<!-- This site is optimized with the Yoast SEO plugin v22.8 - https:\/\/yoast.com\/wordpress\/plugins\/seo\/ -->\n<title>Yarg\u0131tay CGK., E.2014\/2-328, K.2014\/386; - Kur&ccedil;alo\u011flu Hukuk &amp; Partners<\/title>\n<meta name=\"description\" content=\"&#039;&#039;Allah Belan\u0131 Versin&#039;&#039; \u015eeklindeki \u0130fade (Beddua Niteli\u011finde, Nezaket D\u0131\u015f\u0131 Kaba Ve Rahats\u0131z Edici Bir S\u00f6z Olup ) Hakaret Su\u00e7unu Olu\u015fturmaz.\" \/>\n<meta name=\"robots\" content=\"index, follow, max-snippet:-1, max-image-preview:large, max-video-preview:-1\" \/>\n<link rel=\"canonical\" href=\"https:\/\/kurcaloglu.com\/en\/yargitay-cgk-e-2014-2-328-k-2014-386-allah-belani-versin-ifadesi\/\" \/>\n<meta property=\"og:locale\" content=\"en_GB\" \/>\n<meta property=\"og:type\" content=\"article\" \/>\n<meta property=\"og:title\" content=\"Yarg\u0131tay CGK., E.2014\/2-328, K.2014\/386; - Kur&ccedil;alo\u011flu Hukuk &amp; Partners\" \/>\n<meta property=\"og:description\" content=\"&#039;&#039;Allah Belan\u0131 Versin&#039;&#039; \u015eeklindeki \u0130fade (Beddua Niteli\u011finde, Nezaket D\u0131\u015f\u0131 Kaba Ve Rahats\u0131z Edici Bir S\u00f6z Olup ) Hakaret Su\u00e7unu Olu\u015fturmaz.\" \/>\n<meta property=\"og:url\" content=\"https:\/\/kurcaloglu.com\/en\/yargitay-cgk-e-2014-2-328-k-2014-386-allah-belani-versin-ifadesi\/\" \/>\n<meta property=\"og:site_name\" content=\"Kur&ccedil;alo\u011flu Hukuk &amp; Partners\" \/>\n<meta property=\"article:publisher\" content=\"https:\/\/www.facebook.com\/profile.php?id=100090344741598\" \/>\n<meta property=\"article:published_time\" content=\"2023-03-29T09:12:50+00:00\" \/>\n<meta property=\"article:modified_time\" content=\"2023-03-29T14:15:11+00:00\" \/>\n<meta property=\"og:image\" content=\"https:\/\/kurcaloglu.com\/wp-content\/uploads\/2022\/10\/Yargitay_logo.png\" \/>\n<meta name=\"author\" content=\"yonetici\" \/>\n<meta name=\"twitter:card\" content=\"summary_large_image\" \/>\n<meta name=\"twitter:creator\" content=\"@KurcalogluHukuk\" \/>\n<meta name=\"twitter:site\" content=\"@KurcalogluHukuk\" \/>\n<meta name=\"twitter:label1\" content=\"Written by\" \/>\n\t<meta name=\"twitter:data1\" content=\"yonetici\" \/>\n\t<meta name=\"twitter:label2\" content=\"Estimated reading time\" \/>\n\t<meta name=\"twitter:data2\" content=\"10 minutes\" \/>\n<script type=\"application\/ld+json\" class=\"yoast-schema-graph\">{\"@context\":\"https:\/\/schema.org\",\"@graph\":[{\"@type\":\"Article\",\"@id\":\"https:\/\/kurcaloglu.com\/yargitay-cgk-e-2014-2-328-k-2014-386-allah-belani-versin-ifadesi\/#article\",\"isPartOf\":{\"@id\":\"https:\/\/kurcaloglu.com\/yargitay-cgk-e-2014-2-328-k-2014-386-allah-belani-versin-ifadesi\/\"},\"author\":{\"name\":\"yonetici\",\"@id\":\"https:\/\/kurcaloglu.com\/#\/schema\/person\/78eef26bafa474c8849ea63d8d134a73\"},\"headline\":\"Yarg\u0131tay CGK., E.2014\/2-328, K.2014\/386;\",\"datePublished\":\"2023-03-29T09:12:50+00:00\",\"dateModified\":\"2023-03-29T14:15:11+00:00\",\"mainEntityOfPage\":{\"@id\":\"https:\/\/kurcaloglu.com\/yargitay-cgk-e-2014-2-328-k-2014-386-allah-belani-versin-ifadesi\/\"},\"wordCount\":2268,\"commentCount\":0,\"publisher\":{\"@id\":\"https:\/\/kurcaloglu.com\/#organization\"},\"image\":{\"@id\":\"https:\/\/kurcaloglu.com\/yargitay-cgk-e-2014-2-328-k-2014-386-allah-belani-versin-ifadesi\/#primaryimage\"},\"thumbnailUrl\":\"https:\/\/kurcaloglu.com\/wp-content\/uploads\/2022\/10\/Yargitay_logo.png\",\"keywords\":[\"K.2014\/386\",\"Yarg\u0131tay CGK E.2014\/2-328 2-328\"],\"articleSection\":[\"Yarg\u0131tay B\u00fct\u00fcn Kategoriler\",\"Yarg\u0131tay Ceza Hukuku\"],\"inLanguage\":\"en-GB\",\"potentialAction\":[{\"@type\":\"CommentAction\",\"name\":\"Comment\",\"target\":[\"https:\/\/kurcaloglu.com\/yargitay-cgk-e-2014-2-328-k-2014-386-allah-belani-versin-ifadesi\/#respond\"]}]},{\"@type\":\"WebPage\",\"@id\":\"https:\/\/kurcaloglu.com\/yargitay-cgk-e-2014-2-328-k-2014-386-allah-belani-versin-ifadesi\/\",\"url\":\"https:\/\/kurcaloglu.com\/yargitay-cgk-e-2014-2-328-k-2014-386-allah-belani-versin-ifadesi\/\",\"name\":\"Yarg\u0131tay CGK., E.2014\/2-328, K.2014\/386; - Kur&ccedil;alo\u011flu Hukuk &amp; Partners\",\"isPartOf\":{\"@id\":\"https:\/\/kurcaloglu.com\/#website\"},\"primaryImageOfPage\":{\"@id\":\"https:\/\/kurcaloglu.com\/yargitay-cgk-e-2014-2-328-k-2014-386-allah-belani-versin-ifadesi\/#primaryimage\"},\"image\":{\"@id\":\"https:\/\/kurcaloglu.com\/yargitay-cgk-e-2014-2-328-k-2014-386-allah-belani-versin-ifadesi\/#primaryimage\"},\"thumbnailUrl\":\"https:\/\/kurcaloglu.com\/wp-content\/uploads\/2022\/10\/Yargitay_logo.png\",\"datePublished\":\"2023-03-29T09:12:50+00:00\",\"dateModified\":\"2023-03-29T14:15:11+00:00\",\"description\":\"''Allah Belan\u0131 Versin'' \u015eeklindeki \u0130fade (Beddua Niteli\u011finde, Nezaket D\u0131\u015f\u0131 Kaba Ve Rahats\u0131z Edici Bir S\u00f6z Olup ) Hakaret Su\u00e7unu Olu\u015fturmaz.\",\"breadcrumb\":{\"@id\":\"https:\/\/kurcaloglu.com\/yargitay-cgk-e-2014-2-328-k-2014-386-allah-belani-versin-ifadesi\/#breadcrumb\"},\"inLanguage\":\"en-GB\",\"potentialAction\":[{\"@type\":\"ReadAction\",\"target\":[\"https:\/\/kurcaloglu.com\/yargitay-cgk-e-2014-2-328-k-2014-386-allah-belani-versin-ifadesi\/\"]}]},{\"@type\":\"ImageObject\",\"inLanguage\":\"en-GB\",\"@id\":\"https:\/\/kurcaloglu.com\/yargitay-cgk-e-2014-2-328-k-2014-386-allah-belani-versin-ifadesi\/#primaryimage\",\"url\":\"https:\/\/kurcaloglu.com\/wp-content\/uploads\/2022\/10\/Yargitay_logo.png\",\"contentUrl\":\"https:\/\/kurcaloglu.com\/wp-content\/uploads\/2022\/10\/Yargitay_logo.png\"},{\"@type\":\"BreadcrumbList\",\"@id\":\"https:\/\/kurcaloglu.com\/yargitay-cgk-e-2014-2-328-k-2014-386-allah-belani-versin-ifadesi\/#breadcrumb\",\"itemListElement\":[{\"@type\":\"ListItem\",\"position\":1,\"name\":\"Anasayfa\",\"item\":\"https:\/\/kurcaloglu.com\/\"},{\"@type\":\"ListItem\",\"position\":2,\"name\":\"Yarg\u0131tay CGK., E.2014\/2-328, K.2014\/386;\"}]},{\"@type\":\"WebSite\",\"@id\":\"https:\/\/kurcaloglu.com\/#website\",\"url\":\"https:\/\/kurcaloglu.com\/\",\"name\":\"Kur\u00e7alo\u011flu Hukuk & Partners\",\"description\":\"Ceza hukuku- \u0130cra iflas hukuku, Miras hukuku, Bo\u015fanma hukuk, \u0130\u015f hukuku\",\"publisher\":{\"@id\":\"https:\/\/kurcaloglu.com\/#organization\"},\"alternateName\":\"Kur\u00e7alo\u011flu Hukuk & Partners\",\"potentialAction\":[{\"@type\":\"SearchAction\",\"target\":{\"@type\":\"EntryPoint\",\"urlTemplate\":\"https:\/\/kurcaloglu.com\/?s={search_term_string}\"},\"query-input\":\"required name=search_term_string\"}],\"inLanguage\":\"en-GB\"},{\"@type\":\"Organization\",\"@id\":\"https:\/\/kurcaloglu.com\/#organization\",\"name\":\"Kur\u00e7alo\u011flu Hukuk & Partners\",\"alternateName\":\"Kur\u00e7alo\u011flu Hukuk & Partners\",\"url\":\"https:\/\/kurcaloglu.com\/\",\"logo\":{\"@type\":\"ImageObject\",\"inLanguage\":\"en-GB\",\"@id\":\"https:\/\/kurcaloglu.com\/#\/schema\/logo\/image\/\",\"url\":\"https:\/\/kurcaloglu.com\/wp-content\/uploads\/2022\/04\/cropped-cropped-cropped-Adsiz-tasarim-1-2-1.png\",\"contentUrl\":\"https:\/\/kurcaloglu.com\/wp-content\/uploads\/2022\/04\/cropped-cropped-cropped-Adsiz-tasarim-1-2-1.png\",\"width\":245,\"height\":65,\"caption\":\"Kur\u00e7alo\u011flu Hukuk & Partners\"},\"image\":{\"@id\":\"https:\/\/kurcaloglu.com\/#\/schema\/logo\/image\/\"},\"sameAs\":[\"https:\/\/www.facebook.com\/profile.php?id=100090344741598\",\"https:\/\/x.com\/KurcalogluHukuk\",\"https:\/\/www.facebook.com\/kurcalogluhukuk&partners\",\"https:\/\/www.instagram.com\/kurcalogluhukuk&Partners\/?hl=tr\"]},{\"@type\":\"Person\",\"@id\":\"https:\/\/kurcaloglu.com\/#\/schema\/person\/78eef26bafa474c8849ea63d8d134a73\",\"name\":\"yonetici\",\"image\":{\"@type\":\"ImageObject\",\"inLanguage\":\"en-GB\",\"@id\":\"https:\/\/kurcaloglu.com\/#\/schema\/person\/image\/\",\"url\":\"https:\/\/secure.gravatar.com\/avatar\/f68125d39bb4d188b1d3809afbe0c714?s=96&d=mm&r=g\",\"contentUrl\":\"https:\/\/secure.gravatar.com\/avatar\/f68125d39bb4d188b1d3809afbe0c714?s=96&d=mm&r=g\",\"caption\":\"yonetici\"},\"url\":\"https:\/\/kurcaloglu.com\/en\/author\/yonetici\/\"}]}<\/script>\n<!-- \/ Yoast SEO plugin. -->","yoast_head_json":{"title":"Yarg\u0131tay CGK., E.2014\/2-328, K.2014\/386; - Kur&ccedil;alo\u011flu Hukuk &amp; Partners","description":"''Allah Belan\u0131 Versin'' \u015eeklindeki \u0130fade (Beddua Niteli\u011finde, Nezaket D\u0131\u015f\u0131 Kaba Ve Rahats\u0131z Edici Bir S\u00f6z Olup ) Hakaret Su\u00e7unu Olu\u015fturmaz.","robots":{"index":"index","follow":"follow","max-snippet":"max-snippet:-1","max-image-preview":"max-image-preview:large","max-video-preview":"max-video-preview:-1"},"canonical":"https:\/\/kurcaloglu.com\/en\/yargitay-cgk-e-2014-2-328-k-2014-386-allah-belani-versin-ifadesi\/","og_locale":"en_GB","og_type":"article","og_title":"Yarg\u0131tay CGK., E.2014\/2-328, K.2014\/386; - Kur&ccedil;alo\u011flu Hukuk &amp; Partners","og_description":"''Allah Belan\u0131 Versin'' \u015eeklindeki \u0130fade (Beddua Niteli\u011finde, Nezaket D\u0131\u015f\u0131 Kaba Ve Rahats\u0131z Edici Bir S\u00f6z Olup ) Hakaret Su\u00e7unu Olu\u015fturmaz.","og_url":"https:\/\/kurcaloglu.com\/en\/yargitay-cgk-e-2014-2-328-k-2014-386-allah-belani-versin-ifadesi\/","og_site_name":"Kur&ccedil;alo\u011flu Hukuk &amp; Partners","article_publisher":"https:\/\/www.facebook.com\/profile.php?id=100090344741598","article_published_time":"2023-03-29T09:12:50+00:00","article_modified_time":"2023-03-29T14:15:11+00:00","og_image":[{"url":"https:\/\/kurcaloglu.com\/wp-content\/uploads\/2022\/10\/Yargitay_logo.png"}],"author":"yonetici","twitter_card":"summary_large_image","twitter_creator":"@KurcalogluHukuk","twitter_site":"@KurcalogluHukuk","twitter_misc":{"Written by":"yonetici","Estimated reading time":"10 minutes"},"schema":{"@context":"https:\/\/schema.org","@graph":[{"@type":"Article","@id":"https:\/\/kurcaloglu.com\/yargitay-cgk-e-2014-2-328-k-2014-386-allah-belani-versin-ifadesi\/#article","isPartOf":{"@id":"https:\/\/kurcaloglu.com\/yargitay-cgk-e-2014-2-328-k-2014-386-allah-belani-versin-ifadesi\/"},"author":{"name":"yonetici","@id":"https:\/\/kurcaloglu.com\/#\/schema\/person\/78eef26bafa474c8849ea63d8d134a73"},"headline":"Yarg\u0131tay CGK., E.2014\/2-328, K.2014\/386;","datePublished":"2023-03-29T09:12:50+00:00","dateModified":"2023-03-29T14:15:11+00:00","mainEntityOfPage":{"@id":"https:\/\/kurcaloglu.com\/yargitay-cgk-e-2014-2-328-k-2014-386-allah-belani-versin-ifadesi\/"},"wordCount":2268,"commentCount":0,"publisher":{"@id":"https:\/\/kurcaloglu.com\/#organization"},"image":{"@id":"https:\/\/kurcaloglu.com\/yargitay-cgk-e-2014-2-328-k-2014-386-allah-belani-versin-ifadesi\/#primaryimage"},"thumbnailUrl":"https:\/\/kurcaloglu.com\/wp-content\/uploads\/2022\/10\/Yargitay_logo.png","keywords":["K.2014\/386","Yarg\u0131tay CGK E.2014\/2-328 2-328"],"articleSection":["Yarg\u0131tay B\u00fct\u00fcn Kategoriler","Yarg\u0131tay Ceza Hukuku"],"inLanguage":"en-GB","potentialAction":[{"@type":"CommentAction","name":"Comment","target":["https:\/\/kurcaloglu.com\/yargitay-cgk-e-2014-2-328-k-2014-386-allah-belani-versin-ifadesi\/#respond"]}]},{"@type":"WebPage","@id":"https:\/\/kurcaloglu.com\/yargitay-cgk-e-2014-2-328-k-2014-386-allah-belani-versin-ifadesi\/","url":"https:\/\/kurcaloglu.com\/yargitay-cgk-e-2014-2-328-k-2014-386-allah-belani-versin-ifadesi\/","name":"Yarg\u0131tay CGK., E.2014\/2-328, K.2014\/386; - Kur&ccedil;alo\u011flu Hukuk &amp; Partners","isPartOf":{"@id":"https:\/\/kurcaloglu.com\/#website"},"primaryImageOfPage":{"@id":"https:\/\/kurcaloglu.com\/yargitay-cgk-e-2014-2-328-k-2014-386-allah-belani-versin-ifadesi\/#primaryimage"},"image":{"@id":"https:\/\/kurcaloglu.com\/yargitay-cgk-e-2014-2-328-k-2014-386-allah-belani-versin-ifadesi\/#primaryimage"},"thumbnailUrl":"https:\/\/kurcaloglu.com\/wp-content\/uploads\/2022\/10\/Yargitay_logo.png","datePublished":"2023-03-29T09:12:50+00:00","dateModified":"2023-03-29T14:15:11+00:00","description":"''Allah Belan\u0131 Versin'' \u015eeklindeki \u0130fade (Beddua Niteli\u011finde, Nezaket D\u0131\u015f\u0131 Kaba Ve Rahats\u0131z Edici Bir S\u00f6z Olup ) Hakaret Su\u00e7unu Olu\u015fturmaz.","breadcrumb":{"@id":"https:\/\/kurcaloglu.com\/yargitay-cgk-e-2014-2-328-k-2014-386-allah-belani-versin-ifadesi\/#breadcrumb"},"inLanguage":"en-GB","potentialAction":[{"@type":"ReadAction","target":["https:\/\/kurcaloglu.com\/yargitay-cgk-e-2014-2-328-k-2014-386-allah-belani-versin-ifadesi\/"]}]},{"@type":"ImageObject","inLanguage":"en-GB","@id":"https:\/\/kurcaloglu.com\/yargitay-cgk-e-2014-2-328-k-2014-386-allah-belani-versin-ifadesi\/#primaryimage","url":"https:\/\/kurcaloglu.com\/wp-content\/uploads\/2022\/10\/Yargitay_logo.png","contentUrl":"https:\/\/kurcaloglu.com\/wp-content\/uploads\/2022\/10\/Yargitay_logo.png"},{"@type":"BreadcrumbList","@id":"https:\/\/kurcaloglu.com\/yargitay-cgk-e-2014-2-328-k-2014-386-allah-belani-versin-ifadesi\/#breadcrumb","itemListElement":[{"@type":"ListItem","position":1,"name":"Anasayfa","item":"https:\/\/kurcaloglu.com\/"},{"@type":"ListItem","position":2,"name":"Yarg\u0131tay CGK., E.2014\/2-328, K.2014\/386;"}]},{"@type":"WebSite","@id":"https:\/\/kurcaloglu.com\/#website","url":"https:\/\/kurcaloglu.com\/","name":"Kur\u00e7alo\u011flu Hukuk & Partners","description":"Ceza hukuku- \u0130cra iflas hukuku, Miras hukuku, Bo\u015fanma hukuk, \u0130\u015f hukuku","publisher":{"@id":"https:\/\/kurcaloglu.com\/#organization"},"alternateName":"Kur\u00e7alo\u011flu Hukuk & Partners","potentialAction":[{"@type":"SearchAction","target":{"@type":"EntryPoint","urlTemplate":"https:\/\/kurcaloglu.com\/?s={search_term_string}"},"query-input":"required name=search_term_string"}],"inLanguage":"en-GB"},{"@type":"Organization","@id":"https:\/\/kurcaloglu.com\/#organization","name":"Kur\u00e7alo\u011flu Hukuk & Partners","alternateName":"Kur\u00e7alo\u011flu Hukuk & Partners","url":"https:\/\/kurcaloglu.com\/","logo":{"@type":"ImageObject","inLanguage":"en-GB","@id":"https:\/\/kurcaloglu.com\/#\/schema\/logo\/image\/","url":"https:\/\/kurcaloglu.com\/wp-content\/uploads\/2022\/04\/cropped-cropped-cropped-Adsiz-tasarim-1-2-1.png","contentUrl":"https:\/\/kurcaloglu.com\/wp-content\/uploads\/2022\/04\/cropped-cropped-cropped-Adsiz-tasarim-1-2-1.png","width":245,"height":65,"caption":"Kur\u00e7alo\u011flu Hukuk & Partners"},"image":{"@id":"https:\/\/kurcaloglu.com\/#\/schema\/logo\/image\/"},"sameAs":["https:\/\/www.facebook.com\/profile.php?id=100090344741598","https:\/\/x.com\/KurcalogluHukuk","https:\/\/www.facebook.com\/kurcalogluhukuk&partners","https:\/\/www.instagram.com\/kurcalogluhukuk&Partners\/?hl=tr"]},{"@type":"Person","@id":"https:\/\/kurcaloglu.com\/#\/schema\/person\/78eef26bafa474c8849ea63d8d134a73","name":"yonetici","image":{"@type":"ImageObject","inLanguage":"en-GB","@id":"https:\/\/kurcaloglu.com\/#\/schema\/person\/image\/","url":"https:\/\/secure.gravatar.com\/avatar\/f68125d39bb4d188b1d3809afbe0c714?s=96&d=mm&r=g","contentUrl":"https:\/\/secure.gravatar.com\/avatar\/f68125d39bb4d188b1d3809afbe0c714?s=96&d=mm&r=g","caption":"yonetici"},"url":"https:\/\/kurcaloglu.com\/en\/author\/yonetici\/"}]}},"_links":{"self":[{"href":"https:\/\/kurcaloglu.com\/en\/wp-json\/wp\/v2\/posts\/15418"}],"collection":[{"href":"https:\/\/kurcaloglu.com\/en\/wp-json\/wp\/v2\/posts"}],"about":[{"href":"https:\/\/kurcaloglu.com\/en\/wp-json\/wp\/v2\/types\/post"}],"author":[{"embeddable":true,"href":"https:\/\/kurcaloglu.com\/en\/wp-json\/wp\/v2\/users\/5"}],"replies":[{"embeddable":true,"href":"https:\/\/kurcaloglu.com\/en\/wp-json\/wp\/v2\/comments?post=15418"}],"version-history":[{"count":19,"href":"https:\/\/kurcaloglu.com\/en\/wp-json\/wp\/v2\/posts\/15418\/revisions"}],"predecessor-version":[{"id":16578,"href":"https:\/\/kurcaloglu.com\/en\/wp-json\/wp\/v2\/posts\/15418\/revisions\/16578"}],"wp:attachment":[{"href":"https:\/\/kurcaloglu.com\/en\/wp-json\/wp\/v2\/media?parent=15418"}],"wp:term":[{"taxonomy":"category","embeddable":true,"href":"https:\/\/kurcaloglu.com\/en\/wp-json\/wp\/v2\/categories?post=15418"},{"taxonomy":"post_tag","embeddable":true,"href":"https:\/\/kurcaloglu.com\/en\/wp-json\/wp\/v2\/tags?post=15418"}],"curies":[{"name":"wp","href":"https:\/\/api.w.org\/{rel}","templated":true}]}}