{"id":13844,"date":"2022-09-13T00:59:18","date_gmt":"2022-09-12T21:59:18","guid":{"rendered":"https:\/\/kurcaloglu.com\/?p=13844"},"modified":"2022-10-19T20:42:42","modified_gmt":"2022-10-19T17:42:42","slug":"yargitay-9-hd-e-2020-4757-k-2021-1975%ef%bf%bc","status":"publish","type":"post","link":"https:\/\/kurcaloglu.com\/fr\/yargitay-9-hd-e-2020-4757-k-2021-1975%ef%bf%bc\/","title":{"rendered":"Yarg\u0131tay 9. HD. E. 2020\/4757, K.2021\/1975\ufffc"},"content":{"rendered":"<div data-elementor-type=\"wp-post\" data-elementor-id=\"13844\" class=\"elementor elementor-13844\">\n\t\t\t\t\t\t<section class=\"elementor-section elementor-top-section elementor-element elementor-element-6de93a8 elementor-section-boxed elementor-section-height-default elementor-section-height-default\" data-id=\"6de93a8\" data-element_type=\"section\">\n\t\t\t\t\t\t<div class=\"elementor-container elementor-column-gap-default\">\n\t\t\t\t\t<div class=\"elementor-column elementor-col-100 elementor-top-column elementor-element elementor-element-c4933fa\" data-id=\"c4933fa\" data-element_type=\"column\">\n\t\t\t<div class=\"elementor-widget-wrap elementor-element-populated\">\n\t\t\t\t\t\t<div class=\"elementor-element elementor-element-2f17c2d elementor-widget elementor-widget-spacer\" data-id=\"2f17c2d\" data-element_type=\"widget\" data-widget_type=\"spacer.default\">\n\t\t\t\t<div class=\"elementor-widget-container\">\n\t\t\t\t\t<div class=\"elementor-spacer\">\n\t\t\t<div class=\"elementor-spacer-inner\"><\/div>\n\t\t<\/div>\n\t\t\t\t<\/div>\n\t\t\t\t<\/div>\n\t\t\t\t\t<\/div>\n\t\t<\/div>\n\t\t\t\t\t<\/div>\n\t\t<\/section>\n\t\t\t\t<section class=\"elementor-section elementor-top-section elementor-element elementor-element-ffc4438 elementor-section-boxed elementor-section-height-default elementor-section-height-default\" data-id=\"ffc4438\" data-element_type=\"section\" data-settings=\"{&quot;background_background&quot;:&quot;classic&quot;}\">\n\t\t\t\t\t\t<div class=\"elementor-container elementor-column-gap-default\">\n\t\t\t\t\t<div class=\"elementor-column elementor-col-100 elementor-top-column elementor-element elementor-element-9f614f0\" data-id=\"9f614f0\" data-element_type=\"column\">\n\t\t\t<div class=\"elementor-widget-wrap elementor-element-populated\">\n\t\t\t\t\t\t<div class=\"elementor-element elementor-element-d7821a6 elementor-widget elementor-widget-image\" data-id=\"d7821a6\" data-element_type=\"widget\" data-widget_type=\"image.default\">\n\t\t\t\t<div class=\"elementor-widget-container\">\n\t\t\t\t\t\t\t\t\t\t\t\t\t<img fetchpriority=\"high\" decoding=\"async\" width=\"512\" height=\"512\" src=\"https:\/\/kurcaloglu.com\/wp-content\/uploads\/2022\/05\/Yargitay.png\" class=\"attachment-large size-large wp-image-10355\" alt=\"\" srcset=\"https:\/\/kurcaloglu.com\/wp-content\/uploads\/2022\/05\/Yargitay.png 512w, https:\/\/kurcaloglu.com\/wp-content\/uploads\/2022\/05\/Yargitay-300x300.png 300w, https:\/\/kurcaloglu.com\/wp-content\/uploads\/2022\/05\/Yargitay-150x150.png 150w\" sizes=\"(max-width: 512px) 100vw, 512px\" \/>\t\t\t\t\t\t\t\t\t\t\t\t\t<\/div>\n\t\t\t\t<\/div>\n\t\t\t\t<div class=\"elementor-element elementor-element-d89283d elementor-widget elementor-widget-heading\" data-id=\"d89283d\" data-element_type=\"widget\" data-widget_type=\"heading.default\">\n\t\t\t\t<div class=\"elementor-widget-container\">\n\t\t\t<h1 class=\"elementor-heading-title elementor-size-default\"><b>Yarg\u0131tay 9. HD. E. 2020\/4757, K.2021\/1975\n<\/b>\n<\/h1>\t\t<\/div>\n\t\t\t\t<\/div>\n\t\t\t\t<div class=\"elementor-element elementor-element-98326e2 elementor-widget elementor-widget-spacer\" data-id=\"98326e2\" data-element_type=\"widget\" data-widget_type=\"spacer.default\">\n\t\t\t\t<div class=\"elementor-widget-container\">\n\t\t\t\t\t<div class=\"elementor-spacer\">\n\t\t\t<div class=\"elementor-spacer-inner\"><\/div>\n\t\t<\/div>\n\t\t\t\t<\/div>\n\t\t\t\t<\/div>\n\t\t\t\t<div class=\"elementor-element elementor-element-0069978 elementor-widget elementor-widget-heading\" data-id=\"0069978\" data-element_type=\"widget\" data-widget_type=\"heading.default\">\n\t\t\t\t<div class=\"elementor-widget-container\">\n\t\t\t<h3 class=\"elementor-heading-title elementor-size-default\">Vekil (Avukat) ile takip edilen davada,<br> asil duru\u015fmada haz\u0131r bulunsa dahi tebli\u011f asile de\u011fil,<br>vekile yap\u0131lmas\u0131 zorunludur.\n\n<\/h3>\t\t<\/div>\n\t\t\t\t<\/div>\n\t\t\t\t<div class=\"elementor-element elementor-element-ab449cf elementor-widget elementor-widget-spacer\" data-id=\"ab449cf\" data-element_type=\"widget\" data-widget_type=\"spacer.default\">\n\t\t\t\t<div class=\"elementor-widget-container\">\n\t\t\t\t\t<div class=\"elementor-spacer\">\n\t\t\t<div class=\"elementor-spacer-inner\"><\/div>\n\t\t<\/div>\n\t\t\t\t<\/div>\n\t\t\t\t<\/div>\n\t\t\t\t<div class=\"elementor-element elementor-element-4661db0 elementor-widget elementor-widget-heading\" data-id=\"4661db0\" data-element_type=\"widget\" data-widget_type=\"heading.default\">\n\t\t\t\t<div class=\"elementor-widget-container\">\n\t\t\t<h3 class=\"elementor-heading-title elementor-size-default\">YARGITAY KARARI<\/h3>\t\t<\/div>\n\t\t\t\t<\/div>\n\t\t\t\t<div class=\"elementor-element elementor-element-0074b90 elementor-widget elementor-widget-text-editor\" data-id=\"0074b90\" data-element_type=\"widget\" data-widget_type=\"text-editor.default\">\n\t\t\t\t<div class=\"elementor-widget-container\">\n\t\t\t\t\t\t\t<p><strong>T.C.<\/strong><\/p><p>\u00a0<\/p><p><strong>Yarg\u0131tay<\/strong><\/p><ol start=\"9\"><li><b>Hukuk Dairesi \u00a0 \u00a0 \u00a0 \u00a0<\/b><\/li><\/ol><p><strong>\u00a0<\/strong><strong>2020\/4757 E. \u00a0, \u00a02021\/1975 K.<\/strong><\/p><p><strong>&#8220;\u0130\u00e7tihat Metni&#8221;<\/strong><\/p><p>\u00a0<\/p><p><strong>MAHKEMES\u0130:\u0130\u015f Mahkemesi<\/strong><\/p><p><strong>DAVA T\u00dcR\u00dc: ALACAK<\/strong><\/p><p>Taraflar aras\u0131nda g\u00f6r\u00fclen dava sonucunda verilen karar\u0131n, temyizen incelenmesi daval\u0131 vekili taraf\u0131ndan istenilmekle, temyiz talebinin s\u00fcresinde oldu\u011fu anla\u015f\u0131ld\u0131. Dava dosyas\u0131 i\u00e7in Tetkik Hakimi taraf\u0131ndan d\u00fczenlenen rapor dinlendikten sonra dosya incelendi, gere\u011fi konu\u015fulup d\u00fc\u015f\u00fcn\u00fcld\u00fc:<\/p><p><strong>Y A R G I T A Y K A R A R I<\/strong><\/p><p>Davac\u0131 \u0130steminin \u00d6zeti: Davac\u0131 vekili dava dilek\u00e7esinde \u00f6zetle; m\u00fcvekkilinin daval\u0131 i\u015fyerinde 09.10.2005 tarihinden 20.11.2010 tarihine kadar \u015fof\u00f6r olarak \u00e7al\u0131\u015ft\u0131\u011f\u0131n\u0131, 20.11.2010 tarihinde, g\u00f6revi ba\u015f\u0131nda iken daval\u0131 i\u015fveren taraf\u0131ndan hi\u00e7bir gerek\u00e7e g\u00f6sterilmeksizin, s\u00f6zl\u00fc bir \u015fekilde i\u015fine son verildi\u011fini iddia ederek bir k\u0131s\u0131m i\u015f\u00e7ilik alacaklar\u0131n\u0131n daval\u0131dan tahsiline karar verilmesini talep etmi\u015ftir.<\/p><p><strong>Daval\u0131 Cevab\u0131n\u0131n \u00d6zeti:<\/strong><\/p><p>Daval\u0131 \u015firket vekili cevap dilek\u00e7esinde \u00f6zetle; davac\u0131n\u0131n taleplerinin zamana\u015f\u0131m\u0131na u\u011frad\u0131\u011f\u0131n\u0131 ve hukuki dayanaktan yoksun oldu\u011funu savunarak davan\u0131n reddine karar verilmesini talep etmi\u015ftir.<\/p><p><strong>Mahkeme Karar\u0131n\u0131n \u00d6zeti:<\/strong><\/p><p>Mahkemece davan\u0131n k\u0131smen kabul\u00fcne karar verilmi\u015ftir.<\/p><p><strong>Temyiz:<\/strong><\/p><p>Karar daval\u0131 vekili taraf\u0131ndan temyiz edilmi\u015ftir.Gerek\u00e7e:Savunma hakk\u0131 Anayasa\u2019m\u0131z\u0131n hak arama h\u00fcrriyeti ba\u015fl\u0131kl\u0131 36. maddesinde &#8220;Herkes, me\u015fru vas\u0131ta ve yollardan faydalanmak suretiyle yarg\u0131 mercileri \u00f6n\u00fcnde davac\u0131 veya daval\u0131 olarak iddia ve savunma ile adil yarg\u0131lanma hakk\u0131na sahiptir.&#8221; d\u00fczenlemesi ile a\u00e7\u0131k\u00e7a h\u00fck\u00fcm alt\u0131na al\u0131nm\u0131\u015ft\u0131r.\u0130ddia ve savunma hakk\u0131, 6100 say\u0131l\u0131 Hukuk Muhakemeleri Kanunu&#8217;nun \u201cHukuki Dinlenilme Hakk\u0131\u201d ba\u015fl\u0131kl\u0131 27. maddesi ile usul hukukumuza yans\u0131t\u0131lm\u0131\u015ft\u0131r. An\u0131lan maddenin birinci f\u0131kras\u0131nda davan\u0131n taraflar\u0131n\u0131n kendi haklar\u0131 ile ba\u011flant\u0131l\u0131 olarak hukuki dinlenilme hakk\u0131na sahip olduklar\u0131 belirtildikten sonra maddenin ikinci f\u0131kras\u0131nda bu hakk\u0131n &#8220;a\u00e7\u0131klama ve ispat hakk\u0131&#8221;n\u0131 da i\u00e7erdi\u011fi vurgulanm\u0131\u015ft\u0131r. Davan\u0131n taraflar\u0131n\u0131n usul hukuku h\u00fck\u00fcmlerine ayk\u0131r\u0131 olarak a\u00e7\u0131klama ve ispat hakk\u0131n\u0131 kullanmalar\u0131n\u0131n k\u0131s\u0131tlanmas\u0131, iddia ve savunma hakk\u0131n\u0131n k\u0131s\u0131tlanmas\u0131 sonucunu do\u011furur.6100 say\u0131l\u0131 Hukuk Muhakemeleri Kanunu&#8217;nun 27. maddesinde yer bulan \u201cHukuki Dinlenilme Hakk\u0131\u201d gere\u011fince davan\u0131n taraflar\u0131, m\u00fcdahiller ve yarg\u0131laman\u0131n di\u011fer ilgilileri, kendi haklar\u0131 ile ba\u011flant\u0131l\u0131 olarak hukuki dinlenilme hakk\u0131na sahip olup, bu hakk\u0131n yarg\u0131lama ile ilgili olarak bilgi sahibi olunmas\u0131n\u0131, a\u00e7\u0131klama ve ispat hakk\u0131n\u0131, mahkemenin, a\u00e7\u0131klamalar\u0131 dikkate alarak de\u011ferlendirmesini ve kararlar\u0131n somut ve a\u00e7\u0131k olarak gerek\u00e7elendirilmesini i\u00e7ermektedir. Mahkeme, iki tarafa e\u015fit \u015fekilde hukuk\u00ee dinlenilme hakk\u0131 tan\u0131yarak h\u00fckm\u00fcn\u00fc vermelidir. Anayasan\u0131n 36. maddesinde ve Avrupa \u0130nsan Haklar\u0131 S\u00f6zle\u015fmesinin 6. maddesinde d\u00fczenlenen adil yarg\u0131lanma hakk\u0131n\u0131n en \u00f6nemli unsuru olan hukuk\u00ee dinlenilme hakk\u0131, adil yarg\u0131lanma hakk\u0131 i\u00e7inde teminat alt\u0131na al\u0131nm\u0131\u015ft\u0131r. Bu hakka, taraf\u0131n h\u00e2kime meram\u0131n\u0131 anlatma hakk\u0131 ya da iddia ve savunma hakk\u0131 da denilmektedir. Ancak, hukuk\u00ee dinlenilme hakk\u0131, bu ifadeleri de kapsayan daha geni\u015f bir anlama sahiptir. Bu hak \u00e7er\u00e7evesinde, taraflar\u0131n gerek yarg\u0131 organlar\u0131nca gerekse kar\u015f\u0131 taraf\u00e7a yap\u0131lan i\u015flemler konusunda bilgilendirilmeleri zorunludur. Ki\u015finin kendisinden habersiz yarg\u0131lama yap\u0131larak karar verilmesi, kural olarak m\u00fcmk\u00fcn de\u011fildir.Bu kapsamda hukuki dinlenilme hakk\u0131n\u0131n, bilgilenme\/bilgilendirme, a\u00e7\u0131klama yapma, yarg\u0131 organlar\u0131nca dikkate al\u0131nma ve kararlar\u0131n gerek\u00e7eli olmas\u0131 gibi hususlar\u0131 i\u00e7erdi\u011fi a\u00e7\u0131kt\u0131r. Bilgilenme hakk\u0131, yarg\u0131laman\u0131n i\u00e7eri\u011fine dair tam bir bilgi sahibi olman\u0131n yan\u0131nda gerek kar\u015f\u0131 taraf\u0131n gerekse de yarg\u0131 organlar\u0131n\u0131n dosya i\u00e7eri\u011fine yapm\u0131\u015f olduklar\u0131 i\u015flemleri \u00f6\u011frenmelerini kapsar. Bilgilenme\/bilgilendirme hakk\u0131n\u0131n etkin bi\u00e7imde kullan\u0131labilmesi i\u00e7in g\u00f6nderilecek tebligat ve davetiyelerde kanunda \u00f6ng\u00f6r\u00fclm\u00fc\u015f \u015fekil \u015fartlar\u0131na s\u0131k\u0131 s\u0131k\u0131ya uyulmas\u0131 gerekmektedir. Ayr\u0131ca bu hak sadece davan\u0131n ba\u015f\u0131ndaki iddia ve savunmalar a\u00e7\u0131s\u0131ndan de\u011fil yarg\u0131laman\u0131n her a\u015famas\u0131nda dikkate al\u0131nmal\u0131d\u0131r. Bu kapsamda devam eden bir yarg\u0131lamada, taraflar\u0131n a\u00e7\u0131klamalar\u0131 i\u00e7in bilgilendirme yeterli olmay\u0131p yarg\u0131lamada yer alan di\u011fer ki\u015filerin (tan\u0131k, bilirki\u015fi gibi) a\u00e7\u0131klamalar\u0131 a\u00e7\u0131s\u0131ndan da \u00f6nemlidir. Bilgilenme hakk\u0131n\u0131n usul\u00fcne uygun kullan\u0131m\u0131 ile taraflar\u0131n haklar\u0131nda \u00f6\u011frendikleri isnat ve iddialara kar\u015f\u0131 beyanda bulunabilme, davaya y\u00f6nelik bilgi ve belge verebilme yani a\u00e7\u0131klama yapma hakk\u0131 da hukuki g\u00fcvenceye ba\u011flanmaktad\u0131r. B\u00f6ylece davan\u0131n her iki taraf\u0131na e\u015fit \u015fekilde a\u00e7\u0131klama yapma hakk\u0131 tan\u0131nmas\u0131 ile adaletin g\u00f6r\u00fcn\u00fcr k\u0131l\u0131nmas\u0131 sa\u011flanacakt\u0131r. A\u00e7\u0131klamada bulunma hakk\u0131, taraflar\u0131n, yaz\u0131l\u0131 veya s\u00f6zl\u00fc \u015fekilde iddia ve savunmalara kar\u015f\u0131 itirazda bulunabilme, davaya ili\u015fkin beyanda bulunmalar\u0131n\u0131 sa\u011flar.<\/p><p>Yukar\u0131da a\u00e7\u0131kland\u0131\u011f\u0131 gibi dava ile ilgili olan ki\u015filerin davaya ili\u015fkin bir i\u015flemi \u00f6\u011frenebilmesi i\u00e7in, tebligat\u0131n usul\u00fcne uygun olarak yap\u0131lmas\u0131 gerekmektedir. Vekaletname sunulduktan sonra tebligatlar\u0131n vekile yap\u0131lmas\u0131 gerekir. Vekil ile takip edilen davada asil duru\u015fmada bizzat bulunsa dahi tebli\u011fin ona de\u011fil, vekiline yap\u0131lmas\u0131 zorunludur. Vekile \u00e7\u0131kar\u0131lan tebligat, kendisine veya kendisi yerine sekreteri veya katibine tebli\u011f edilmelidir. Ancak isticvap, yemin gibi \u015fahsa ba\u011fl\u0131 i\u015flemlerde, tebligat\u0131n vekile de\u011fil, bizzat bu i\u015flemi yapacak asile yap\u0131lmas\u0131 yasal zorunluluktur.<\/p><p>Somut uyu\u015fmazl\u0131kta; yarg\u0131lama s\u0131ras\u0131nda daval\u0131 \u015firket vekillerinin 07.02.2012 tarihli cevap dilek\u00e7esi ile beraber vek\u00e2letnamelerini sundu\u011fu g\u00f6r\u00fclm\u00fc\u015ft\u00fcr. Vek\u00e2letname sunulduktan sonra tebligatlar\u0131n vekile yap\u0131lmas\u0131 gerekirken, dosya kapsam\u0131nda bir vekillikten \u00e7ekilme dilek\u00e7esi veya azilname bulunmamas\u0131na ra\u011fmen, yarg\u0131lamada, bilirki\u015fi raporu ile davac\u0131n\u0131n \u0131slah dilek\u00e7esinin daval\u0131 vekili yerine daval\u0131 \u015firketin kendisine tebli\u011f edildi\u011fi anla\u015f\u0131lm\u0131\u015ft\u0131r. Bu durum, 6100 say\u0131l\u0131 HMK\u2019n\u0131n 27. maddesinde d\u00fczenlenen hukuki dinlenilme hakk\u0131n\u0131n ihlali olup, karar\u0131n salt bu nedenle bozulmas\u0131 gerekmi\u015ftir.<\/p><p>Sonu\u00e7:Temyiz olunan karar\u0131n yukar\u0131da a\u00e7\u0131klanan sebepten dolay\u0131 BOZULMASINA, bozma sebebine g\u00f6re daval\u0131n\u0131n esasa ili\u015fkin temyiz itirazlar\u0131n\u0131n bu a\u015famada incelenmesine yer olmad\u0131\u011f\u0131na, pe\u015fin al\u0131nan temyiz harc\u0131n\u0131n istek halinde daval\u0131ya iadesine, 25.01.2021 tarihinde oybirli\u011fi ile karar verildi.<\/p><p><strong>\u00a0<\/strong><\/p>\t\t\t\t\t\t<\/div>\n\t\t\t\t<\/div>\n\t\t\t\t\t<\/div>\n\t\t<\/div>\n\t\t\t\t\t<\/div>\n\t\t<\/section>\n\t\t\t\t<\/div>","protected":false},"excerpt":{"rendered":"<p>Yarg\u0131tay 9. HD. E. 2020\/4757, K.2021\/1975 Vekil (Avukat) ile takip edilen davada, asil duru\u015fmada haz\u0131r bulunsa dahi tebli\u011f asile de\u011fil, vekile yap\u0131lmas\u0131 zorunludur. YARGITAY KARARI T.C. Yarg\u0131tay Hukuk Dairesi &nbsp; &nbsp; &nbsp; &nbsp; &nbsp;2020\/4757 E. &nbsp;, &nbsp;2021\/1975 K. &#8220;\u0130\u00e7tihat Metni&#8221; MAHKEMES\u0130:\u0130\u015f Mahkemesi DAVA T\u00dcR\u00dc: ALACAK Taraflar aras\u0131nda g\u00f6r\u00fclen dava sonucunda verilen karar\u0131n, temyizen incelenmesi daval\u0131&#8230;<\/p>","protected":false},"author":2,"featured_media":0,"comment_status":"open","ping_status":"open","sticky":false,"template":"elementor_header_footer","format":"standard","meta":{"footnotes":""},"categories":[871,644,636],"tags":[],"yoast_head":"<!-- This site is optimized with the Yoast SEO plugin v22.8 - https:\/\/yoast.com\/wordpress\/plugins\/seo\/ -->\n<title>Yarg\u0131tay 9. HD. E. 2020\/4757, K.2021\/1975\ufffc - Kur&ccedil;alo\u011flu Hukuk &amp; Partners<\/title>\n<meta name=\"robots\" content=\"index, follow, max-snippet:-1, max-image-preview:large, max-video-preview:-1\" \/>\n<link rel=\"canonical\" href=\"https:\/\/kurcaloglu.com\/fr\/yargitay-9-hd-e-2020-4757-k-2021-1975\ufffc\/\" \/>\n<meta property=\"og:locale\" content=\"fr_FR\" \/>\n<meta property=\"og:type\" content=\"article\" \/>\n<meta property=\"og:title\" content=\"Yarg\u0131tay 9. HD. E. 2020\/4757, K.2021\/1975\ufffc - Kur&ccedil;alo\u011flu Hukuk &amp; Partners\" \/>\n<meta property=\"og:description\" content=\"Yarg\u0131tay 9. HD. E. 2020\/4757, K.2021\/1975 Vekil (Avukat) ile takip edilen davada, asil duru\u015fmada haz\u0131r bulunsa dahi tebli\u011f asile de\u011fil, vekile yap\u0131lmas\u0131 zorunludur. YARGITAY KARARI T.C. Yarg\u0131tay Hukuk Dairesi &nbsp; &nbsp; &nbsp; &nbsp; &nbsp;2020\/4757 E. &nbsp;, &nbsp;2021\/1975 K. &#8220;\u0130\u00e7tihat Metni&#8221; MAHKEMES\u0130:\u0130\u015f Mahkemesi DAVA T\u00dcR\u00dc: ALACAK Taraflar aras\u0131nda g\u00f6r\u00fclen dava sonucunda verilen karar\u0131n, temyizen incelenmesi daval\u0131...\" \/>\n<meta property=\"og:url\" content=\"https:\/\/kurcaloglu.com\/fr\/yargitay-9-hd-e-2020-4757-k-2021-1975\ufffc\/\" \/>\n<meta property=\"og:site_name\" content=\"Kur&ccedil;alo\u011flu Hukuk &amp; Partners\" \/>\n<meta property=\"article:publisher\" content=\"https:\/\/www.facebook.com\/profile.php?id=100090344741598\" \/>\n<meta property=\"article:published_time\" content=\"2022-09-12T21:59:18+00:00\" \/>\n<meta property=\"article:modified_time\" content=\"2022-10-19T17:42:42+00:00\" \/>\n<meta property=\"og:image\" content=\"https:\/\/kurcaloglu.com\/wp-content\/uploads\/2022\/05\/Yargitay.png\" \/>\n<meta name=\"author\" content=\"Av. Burak Kur\u00e7alo\u011flu\" \/>\n<meta name=\"twitter:card\" content=\"summary_large_image\" \/>\n<meta name=\"twitter:creator\" content=\"@KurcalogluHukuk\" \/>\n<meta name=\"twitter:site\" content=\"@KurcalogluHukuk\" \/>\n<meta name=\"twitter:label1\" content=\"\u00c9crit par\" \/>\n\t<meta name=\"twitter:data1\" content=\"Av. Burak Kur\u00e7alo\u011flu\" \/>\n\t<meta name=\"twitter:label2\" content=\"Dur\u00e9e de lecture estim\u00e9e\" \/>\n\t<meta name=\"twitter:data2\" content=\"5 minutes\" \/>\n<script type=\"application\/ld+json\" class=\"yoast-schema-graph\">{\"@context\":\"https:\/\/schema.org\",\"@graph\":[{\"@type\":\"Article\",\"@id\":\"https:\/\/kurcaloglu.com\/yargitay-9-hd-e-2020-4757-k-2021-1975%ef%bf%bc\/#article\",\"isPartOf\":{\"@id\":\"https:\/\/kurcaloglu.com\/yargitay-9-hd-e-2020-4757-k-2021-1975%ef%bf%bc\/\"},\"author\":{\"name\":\"Av. Burak Kur\u00e7alo\u011flu\",\"@id\":\"https:\/\/kurcaloglu.com\/#\/schema\/person\/ddf08f3097e8bd7d3be1a8c42e2b7d4d\"},\"headline\":\"Yarg\u0131tay 9. HD. E. 2020\/4757, K.2021\/1975\ufffc\",\"datePublished\":\"2022-09-12T21:59:18+00:00\",\"dateModified\":\"2022-10-19T17:42:42+00:00\",\"mainEntityOfPage\":{\"@id\":\"https:\/\/kurcaloglu.com\/yargitay-9-hd-e-2020-4757-k-2021-1975%ef%bf%bc\/\"},\"wordCount\":1122,\"commentCount\":0,\"publisher\":{\"@id\":\"https:\/\/kurcaloglu.com\/#organization\"},\"image\":{\"@id\":\"https:\/\/kurcaloglu.com\/yargitay-9-hd-e-2020-4757-k-2021-1975%ef%bf%bc\/#primaryimage\"},\"thumbnailUrl\":\"https:\/\/kurcaloglu.com\/wp-content\/uploads\/2022\/05\/Yargitay.png\",\"articleSection\":[\"Yarg\u0131tay B\u00fct\u00fcn Kategoriler\",\"Yarg\u0131tay Genel\",\"Yarg\u0131tay \u0130\u015f Hukuku\"],\"inLanguage\":\"fr-FR\",\"potentialAction\":[{\"@type\":\"CommentAction\",\"name\":\"Comment\",\"target\":[\"https:\/\/kurcaloglu.com\/yargitay-9-hd-e-2020-4757-k-2021-1975%ef%bf%bc\/#respond\"]}]},{\"@type\":\"WebPage\",\"@id\":\"https:\/\/kurcaloglu.com\/yargitay-9-hd-e-2020-4757-k-2021-1975%ef%bf%bc\/\",\"url\":\"https:\/\/kurcaloglu.com\/yargitay-9-hd-e-2020-4757-k-2021-1975%ef%bf%bc\/\",\"name\":\"Yarg\u0131tay 9. HD. E. 2020\/4757, K.2021\/1975\ufffc - Kur&ccedil;alo\u011flu Hukuk &amp; Partners\",\"isPartOf\":{\"@id\":\"https:\/\/kurcaloglu.com\/#website\"},\"primaryImageOfPage\":{\"@id\":\"https:\/\/kurcaloglu.com\/yargitay-9-hd-e-2020-4757-k-2021-1975%ef%bf%bc\/#primaryimage\"},\"image\":{\"@id\":\"https:\/\/kurcaloglu.com\/yargitay-9-hd-e-2020-4757-k-2021-1975%ef%bf%bc\/#primaryimage\"},\"thumbnailUrl\":\"https:\/\/kurcaloglu.com\/wp-content\/uploads\/2022\/05\/Yargitay.png\",\"datePublished\":\"2022-09-12T21:59:18+00:00\",\"dateModified\":\"2022-10-19T17:42:42+00:00\",\"breadcrumb\":{\"@id\":\"https:\/\/kurcaloglu.com\/yargitay-9-hd-e-2020-4757-k-2021-1975%ef%bf%bc\/#breadcrumb\"},\"inLanguage\":\"fr-FR\",\"potentialAction\":[{\"@type\":\"ReadAction\",\"target\":[\"https:\/\/kurcaloglu.com\/yargitay-9-hd-e-2020-4757-k-2021-1975%ef%bf%bc\/\"]}]},{\"@type\":\"ImageObject\",\"inLanguage\":\"fr-FR\",\"@id\":\"https:\/\/kurcaloglu.com\/yargitay-9-hd-e-2020-4757-k-2021-1975%ef%bf%bc\/#primaryimage\",\"url\":\"https:\/\/kurcaloglu.com\/wp-content\/uploads\/2022\/05\/Yargitay.png\",\"contentUrl\":\"https:\/\/kurcaloglu.com\/wp-content\/uploads\/2022\/05\/Yargitay.png\"},{\"@type\":\"BreadcrumbList\",\"@id\":\"https:\/\/kurcaloglu.com\/yargitay-9-hd-e-2020-4757-k-2021-1975%ef%bf%bc\/#breadcrumb\",\"itemListElement\":[{\"@type\":\"ListItem\",\"position\":1,\"name\":\"Anasayfa\",\"item\":\"https:\/\/kurcaloglu.com\/\"},{\"@type\":\"ListItem\",\"position\":2,\"name\":\"Yarg\u0131tay 9. HD. E. 2020\/4757, K.2021\/1975\ufffc\"}]},{\"@type\":\"WebSite\",\"@id\":\"https:\/\/kurcaloglu.com\/#website\",\"url\":\"https:\/\/kurcaloglu.com\/\",\"name\":\"Kur\u00e7alo\u011flu Hukuk & Partners\",\"description\":\"Ceza hukuku- \u0130cra iflas hukuku, Miras hukuku, Bo\u015fanma hukuk, \u0130\u015f hukuku\",\"publisher\":{\"@id\":\"https:\/\/kurcaloglu.com\/#organization\"},\"alternateName\":\"Kur\u00e7alo\u011flu Hukuk & Partners\",\"potentialAction\":[{\"@type\":\"SearchAction\",\"target\":{\"@type\":\"EntryPoint\",\"urlTemplate\":\"https:\/\/kurcaloglu.com\/?s={search_term_string}\"},\"query-input\":\"required name=search_term_string\"}],\"inLanguage\":\"fr-FR\"},{\"@type\":\"Organization\",\"@id\":\"https:\/\/kurcaloglu.com\/#organization\",\"name\":\"Kur\u00e7alo\u011flu Hukuk & Partners\",\"alternateName\":\"Kur\u00e7alo\u011flu Hukuk & Partners\",\"url\":\"https:\/\/kurcaloglu.com\/\",\"logo\":{\"@type\":\"ImageObject\",\"inLanguage\":\"fr-FR\",\"@id\":\"https:\/\/kurcaloglu.com\/#\/schema\/logo\/image\/\",\"url\":\"https:\/\/kurcaloglu.com\/wp-content\/uploads\/2022\/04\/cropped-cropped-cropped-Adsiz-tasarim-1-2-1.png\",\"contentUrl\":\"https:\/\/kurcaloglu.com\/wp-content\/uploads\/2022\/04\/cropped-cropped-cropped-Adsiz-tasarim-1-2-1.png\",\"width\":245,\"height\":65,\"caption\":\"Kur\u00e7alo\u011flu Hukuk & Partners\"},\"image\":{\"@id\":\"https:\/\/kurcaloglu.com\/#\/schema\/logo\/image\/\"},\"sameAs\":[\"https:\/\/www.facebook.com\/profile.php?id=100090344741598\",\"https:\/\/x.com\/KurcalogluHukuk\",\"https:\/\/www.facebook.com\/kurcalogluhukuk&partners\",\"https:\/\/www.instagram.com\/kurcalogluhukuk&Partners\/?hl=tr\"]},{\"@type\":\"Person\",\"@id\":\"https:\/\/kurcaloglu.com\/#\/schema\/person\/ddf08f3097e8bd7d3be1a8c42e2b7d4d\",\"name\":\"Av. Burak Kur\u00e7alo\u011flu\",\"image\":{\"@type\":\"ImageObject\",\"inLanguage\":\"fr-FR\",\"@id\":\"https:\/\/kurcaloglu.com\/#\/schema\/person\/image\/\",\"url\":\"https:\/\/secure.gravatar.com\/avatar\/4309b5148d08c537eb76f3942b5a6258?s=96&d=mm&r=g\",\"contentUrl\":\"https:\/\/secure.gravatar.com\/avatar\/4309b5148d08c537eb76f3942b5a6258?s=96&d=mm&r=g\",\"caption\":\"Av. Burak Kur\u00e7alo\u011flu\"},\"url\":\"https:\/\/kurcaloglu.com\/fr\/author\/av-burak-kurcaloglu\/\"}]}<\/script>\n<!-- \/ Yoast SEO plugin. -->","yoast_head_json":{"title":"Yarg\u0131tay 9. HD. E. 2020\/4757, K.2021\/1975\ufffc - Kur&ccedil;alo\u011flu Hukuk &amp; Partners","robots":{"index":"index","follow":"follow","max-snippet":"max-snippet:-1","max-image-preview":"max-image-preview:large","max-video-preview":"max-video-preview:-1"},"canonical":"https:\/\/kurcaloglu.com\/fr\/yargitay-9-hd-e-2020-4757-k-2021-1975\ufffc\/","og_locale":"fr_FR","og_type":"article","og_title":"Yarg\u0131tay 9. HD. E. 2020\/4757, K.2021\/1975\ufffc - Kur&ccedil;alo\u011flu Hukuk &amp; Partners","og_description":"Yarg\u0131tay 9. HD. E. 2020\/4757, K.2021\/1975 Vekil (Avukat) ile takip edilen davada, asil duru\u015fmada haz\u0131r bulunsa dahi tebli\u011f asile de\u011fil, vekile yap\u0131lmas\u0131 zorunludur. YARGITAY KARARI T.C. Yarg\u0131tay Hukuk Dairesi &nbsp; &nbsp; &nbsp; &nbsp; &nbsp;2020\/4757 E. &nbsp;, &nbsp;2021\/1975 K. &#8220;\u0130\u00e7tihat Metni&#8221; MAHKEMES\u0130:\u0130\u015f Mahkemesi DAVA T\u00dcR\u00dc: ALACAK Taraflar aras\u0131nda g\u00f6r\u00fclen dava sonucunda verilen karar\u0131n, temyizen incelenmesi daval\u0131...","og_url":"https:\/\/kurcaloglu.com\/fr\/yargitay-9-hd-e-2020-4757-k-2021-1975\ufffc\/","og_site_name":"Kur&ccedil;alo\u011flu Hukuk &amp; Partners","article_publisher":"https:\/\/www.facebook.com\/profile.php?id=100090344741598","article_published_time":"2022-09-12T21:59:18+00:00","article_modified_time":"2022-10-19T17:42:42+00:00","og_image":[{"url":"https:\/\/kurcaloglu.com\/wp-content\/uploads\/2022\/05\/Yargitay.png"}],"author":"Av. Burak Kur\u00e7alo\u011flu","twitter_card":"summary_large_image","twitter_creator":"@KurcalogluHukuk","twitter_site":"@KurcalogluHukuk","twitter_misc":{"\u00c9crit par":"Av. Burak Kur\u00e7alo\u011flu","Dur\u00e9e de lecture estim\u00e9e":"5 minutes"},"schema":{"@context":"https:\/\/schema.org","@graph":[{"@type":"Article","@id":"https:\/\/kurcaloglu.com\/yargitay-9-hd-e-2020-4757-k-2021-1975%ef%bf%bc\/#article","isPartOf":{"@id":"https:\/\/kurcaloglu.com\/yargitay-9-hd-e-2020-4757-k-2021-1975%ef%bf%bc\/"},"author":{"name":"Av. Burak Kur\u00e7alo\u011flu","@id":"https:\/\/kurcaloglu.com\/#\/schema\/person\/ddf08f3097e8bd7d3be1a8c42e2b7d4d"},"headline":"Yarg\u0131tay 9. HD. E. 2020\/4757, K.2021\/1975\ufffc","datePublished":"2022-09-12T21:59:18+00:00","dateModified":"2022-10-19T17:42:42+00:00","mainEntityOfPage":{"@id":"https:\/\/kurcaloglu.com\/yargitay-9-hd-e-2020-4757-k-2021-1975%ef%bf%bc\/"},"wordCount":1122,"commentCount":0,"publisher":{"@id":"https:\/\/kurcaloglu.com\/#organization"},"image":{"@id":"https:\/\/kurcaloglu.com\/yargitay-9-hd-e-2020-4757-k-2021-1975%ef%bf%bc\/#primaryimage"},"thumbnailUrl":"https:\/\/kurcaloglu.com\/wp-content\/uploads\/2022\/05\/Yargitay.png","articleSection":["Yarg\u0131tay B\u00fct\u00fcn Kategoriler","Yarg\u0131tay Genel","Yarg\u0131tay \u0130\u015f Hukuku"],"inLanguage":"fr-FR","potentialAction":[{"@type":"CommentAction","name":"Comment","target":["https:\/\/kurcaloglu.com\/yargitay-9-hd-e-2020-4757-k-2021-1975%ef%bf%bc\/#respond"]}]},{"@type":"WebPage","@id":"https:\/\/kurcaloglu.com\/yargitay-9-hd-e-2020-4757-k-2021-1975%ef%bf%bc\/","url":"https:\/\/kurcaloglu.com\/yargitay-9-hd-e-2020-4757-k-2021-1975%ef%bf%bc\/","name":"Yarg\u0131tay 9. HD. E. 2020\/4757, K.2021\/1975\ufffc - Kur&ccedil;alo\u011flu Hukuk &amp; Partners","isPartOf":{"@id":"https:\/\/kurcaloglu.com\/#website"},"primaryImageOfPage":{"@id":"https:\/\/kurcaloglu.com\/yargitay-9-hd-e-2020-4757-k-2021-1975%ef%bf%bc\/#primaryimage"},"image":{"@id":"https:\/\/kurcaloglu.com\/yargitay-9-hd-e-2020-4757-k-2021-1975%ef%bf%bc\/#primaryimage"},"thumbnailUrl":"https:\/\/kurcaloglu.com\/wp-content\/uploads\/2022\/05\/Yargitay.png","datePublished":"2022-09-12T21:59:18+00:00","dateModified":"2022-10-19T17:42:42+00:00","breadcrumb":{"@id":"https:\/\/kurcaloglu.com\/yargitay-9-hd-e-2020-4757-k-2021-1975%ef%bf%bc\/#breadcrumb"},"inLanguage":"fr-FR","potentialAction":[{"@type":"ReadAction","target":["https:\/\/kurcaloglu.com\/yargitay-9-hd-e-2020-4757-k-2021-1975%ef%bf%bc\/"]}]},{"@type":"ImageObject","inLanguage":"fr-FR","@id":"https:\/\/kurcaloglu.com\/yargitay-9-hd-e-2020-4757-k-2021-1975%ef%bf%bc\/#primaryimage","url":"https:\/\/kurcaloglu.com\/wp-content\/uploads\/2022\/05\/Yargitay.png","contentUrl":"https:\/\/kurcaloglu.com\/wp-content\/uploads\/2022\/05\/Yargitay.png"},{"@type":"BreadcrumbList","@id":"https:\/\/kurcaloglu.com\/yargitay-9-hd-e-2020-4757-k-2021-1975%ef%bf%bc\/#breadcrumb","itemListElement":[{"@type":"ListItem","position":1,"name":"Anasayfa","item":"https:\/\/kurcaloglu.com\/"},{"@type":"ListItem","position":2,"name":"Yarg\u0131tay 9. HD. E. 2020\/4757, K.2021\/1975\ufffc"}]},{"@type":"WebSite","@id":"https:\/\/kurcaloglu.com\/#website","url":"https:\/\/kurcaloglu.com\/","name":"Kur\u00e7alo\u011flu Hukuk & Partners","description":"Ceza hukuku- \u0130cra iflas hukuku, Miras hukuku, Bo\u015fanma hukuk, \u0130\u015f hukuku","publisher":{"@id":"https:\/\/kurcaloglu.com\/#organization"},"alternateName":"Kur\u00e7alo\u011flu Hukuk & Partners","potentialAction":[{"@type":"SearchAction","target":{"@type":"EntryPoint","urlTemplate":"https:\/\/kurcaloglu.com\/?s={search_term_string}"},"query-input":"required name=search_term_string"}],"inLanguage":"fr-FR"},{"@type":"Organization","@id":"https:\/\/kurcaloglu.com\/#organization","name":"Kur\u00e7alo\u011flu Hukuk & Partners","alternateName":"Kur\u00e7alo\u011flu Hukuk & Partners","url":"https:\/\/kurcaloglu.com\/","logo":{"@type":"ImageObject","inLanguage":"fr-FR","@id":"https:\/\/kurcaloglu.com\/#\/schema\/logo\/image\/","url":"https:\/\/kurcaloglu.com\/wp-content\/uploads\/2022\/04\/cropped-cropped-cropped-Adsiz-tasarim-1-2-1.png","contentUrl":"https:\/\/kurcaloglu.com\/wp-content\/uploads\/2022\/04\/cropped-cropped-cropped-Adsiz-tasarim-1-2-1.png","width":245,"height":65,"caption":"Kur\u00e7alo\u011flu Hukuk & Partners"},"image":{"@id":"https:\/\/kurcaloglu.com\/#\/schema\/logo\/image\/"},"sameAs":["https:\/\/www.facebook.com\/profile.php?id=100090344741598","https:\/\/x.com\/KurcalogluHukuk","https:\/\/www.facebook.com\/kurcalogluhukuk&partners","https:\/\/www.instagram.com\/kurcalogluhukuk&Partners\/?hl=tr"]},{"@type":"Person","@id":"https:\/\/kurcaloglu.com\/#\/schema\/person\/ddf08f3097e8bd7d3be1a8c42e2b7d4d","name":"Av. Burak Kur\u00e7alo\u011flu","image":{"@type":"ImageObject","inLanguage":"fr-FR","@id":"https:\/\/kurcaloglu.com\/#\/schema\/person\/image\/","url":"https:\/\/secure.gravatar.com\/avatar\/4309b5148d08c537eb76f3942b5a6258?s=96&d=mm&r=g","contentUrl":"https:\/\/secure.gravatar.com\/avatar\/4309b5148d08c537eb76f3942b5a6258?s=96&d=mm&r=g","caption":"Av. Burak Kur\u00e7alo\u011flu"},"url":"https:\/\/kurcaloglu.com\/fr\/author\/av-burak-kurcaloglu\/"}]}},"_links":{"self":[{"href":"https:\/\/kurcaloglu.com\/fr\/wp-json\/wp\/v2\/posts\/13844"}],"collection":[{"href":"https:\/\/kurcaloglu.com\/fr\/wp-json\/wp\/v2\/posts"}],"about":[{"href":"https:\/\/kurcaloglu.com\/fr\/wp-json\/wp\/v2\/types\/post"}],"author":[{"embeddable":true,"href":"https:\/\/kurcaloglu.com\/fr\/wp-json\/wp\/v2\/users\/2"}],"replies":[{"embeddable":true,"href":"https:\/\/kurcaloglu.com\/fr\/wp-json\/wp\/v2\/comments?post=13844"}],"version-history":[{"count":31,"href":"https:\/\/kurcaloglu.com\/fr\/wp-json\/wp\/v2\/posts\/13844\/revisions"}],"predecessor-version":[{"id":14809,"href":"https:\/\/kurcaloglu.com\/fr\/wp-json\/wp\/v2\/posts\/13844\/revisions\/14809"}],"wp:attachment":[{"href":"https:\/\/kurcaloglu.com\/fr\/wp-json\/wp\/v2\/media?parent=13844"}],"wp:term":[{"taxonomy":"category","embeddable":true,"href":"https:\/\/kurcaloglu.com\/fr\/wp-json\/wp\/v2\/categories?post=13844"},{"taxonomy":"post_tag","embeddable":true,"href":"https:\/\/kurcaloglu.com\/fr\/wp-json\/wp\/v2\/tags?post=13844"}],"curies":[{"name":"wp","href":"https:\/\/api.w.org\/{rel}","templated":true}]}}