{"id":13939,"date":"2022-09-20T04:35:28","date_gmt":"2022-09-20T01:35:28","guid":{"rendered":"https:\/\/kurcaloglu.com\/?p=13939"},"modified":"2024-08-16T15:58:12","modified_gmt":"2024-08-16T12:58:12","slug":"tanima-tenfiz-davasi-nedir","status":"publish","type":"post","link":"https:\/\/kurcaloglu.com\/fr\/tanima-tenfiz-davasi-nedir\/","title":{"rendered":"Proc\u00e9dure de Reconnaissance et d'Exequatur"},"content":{"rendered":"<div data-elementor-type=\"wp-post\" data-elementor-id=\"13939\" class=\"elementor elementor-13939\">\n\t\t\t\t\t\t<section class=\"elementor-section elementor-top-section elementor-element elementor-element-fc8a1d2 elementor-section-boxed elementor-section-height-default elementor-section-height-default\" data-id=\"fc8a1d2\" data-element_type=\"section\">\n\t\t\t\t\t\t<div class=\"elementor-container elementor-column-gap-default\">\n\t\t\t\t\t<div class=\"elementor-column elementor-col-100 elementor-top-column elementor-element elementor-element-0e9d223\" data-id=\"0e9d223\" data-element_type=\"column\">\n\t\t\t<div class=\"elementor-widget-wrap\">\n\t\t\t\t\t\t\t<\/div>\n\t\t<\/div>\n\t\t\t\t\t<\/div>\n\t\t<\/section>\n\t\t\t\t<section class=\"elementor-section elementor-top-section elementor-element elementor-element-e4972e2 elementor-section-boxed elementor-section-height-default elementor-section-height-default\" data-id=\"e4972e2\" data-element_type=\"section\">\n\t\t\t\t\t\t<div class=\"elementor-container elementor-column-gap-default\">\n\t\t\t\t\t<div class=\"elementor-column elementor-col-100 elementor-top-column elementor-element elementor-element-65e1cb1\" data-id=\"65e1cb1\" data-element_type=\"column\">\n\t\t\t<div class=\"elementor-widget-wrap\">\n\t\t\t\t\t\t\t<\/div>\n\t\t<\/div>\n\t\t\t\t\t<\/div>\n\t\t<\/section>\n\t\t\t\t<section class=\"elementor-section elementor-top-section elementor-element elementor-element-e15b62c elementor-section-boxed elementor-section-height-default elementor-section-height-default\" data-id=\"e15b62c\" data-element_type=\"section\">\n\t\t\t\t\t\t<div class=\"elementor-container elementor-column-gap-default\">\n\t\t\t\t\t<div class=\"elementor-column elementor-col-100 elementor-top-column elementor-element elementor-element-921e5c2\" data-id=\"921e5c2\" data-element_type=\"column\">\n\t\t\t<div class=\"elementor-widget-wrap\">\n\t\t\t\t\t\t\t<\/div>\n\t\t<\/div>\n\t\t\t\t\t<\/div>\n\t\t<\/section>\n\t\t\t\t<section class=\"elementor-section elementor-top-section elementor-element elementor-element-0562a6e elementor-section-boxed elementor-section-height-default elementor-section-height-default\" data-id=\"0562a6e\" data-element_type=\"section\" data-settings=\"{&quot;background_background&quot;:&quot;classic&quot;}\">\n\t\t\t\t\t\t<div class=\"elementor-container elementor-column-gap-default\">\n\t\t\t\t\t<div class=\"elementor-column elementor-col-100 elementor-top-column elementor-element elementor-element-8e23ac3\" data-id=\"8e23ac3\" data-element_type=\"column\">\n\t\t\t<div class=\"elementor-widget-wrap elementor-element-populated\">\n\t\t\t\t\t\t<div class=\"elementor-element elementor-element-6e8bfbb elementor-widget elementor-widget-heading\" data-id=\"6e8bfbb\" data-element_type=\"widget\" data-widget_type=\"heading.default\">\n\t\t\t\t<div class=\"elementor-widget-container\">\n\t\t\t<h1 class=\"elementor-heading-title elementor-size-xxl\"><br><br><br><b>Proc\u00e9dure de Reconnaissance et d'Exequatur<\/b><\/h1>\t\t<\/div>\n\t\t\t\t<\/div>\n\t\t\t\t<div class=\"elementor-element elementor-element-1af2194 elementor-widget elementor-widget-image\" data-id=\"1af2194\" data-element_type=\"widget\" data-widget_type=\"image.default\">\n\t\t\t\t<div class=\"elementor-widget-container\">\n\t\t\t\t\t\t\t\t\t\t\t\t\t<img fetchpriority=\"high\" decoding=\"async\" width=\"735\" height=\"552\" src=\"https:\/\/kurcaloglu.com\/wp-content\/uploads\/2022\/09\/tanima-tenfiz-davasi.jpg.webp\" class=\"attachment-large size-large wp-image-13941\" alt=\"\" srcset=\"https:\/\/kurcaloglu.com\/wp-content\/uploads\/2022\/09\/tanima-tenfiz-davasi.jpg.webp 735w, https:\/\/kurcaloglu.com\/wp-content\/uploads\/2022\/09\/tanima-tenfiz-davasi.jpg-300x225.webp 300w\" sizes=\"(max-width: 735px) 100vw, 735px\" \/>\t\t\t\t\t\t\t\t\t\t\t\t\t<\/div>\n\t\t\t\t<\/div>\n\t\t\t\t<div class=\"elementor-element elementor-element-4582d3a elementor-widget elementor-widget-heading\" data-id=\"4582d3a\" data-element_type=\"widget\" data-widget_type=\"heading.default\">\n\t\t\t\t<div class=\"elementor-widget-container\">\n\t\t\t<h2 class=\"elementor-heading-title elementor-size-default\">Quelle proc\u00e9dure doit \u00eatre intent\u00e9e pour les divorces \u00e0 l'\u00e9tranger ?\n\n<\/h2>\t\t<\/div>\n\t\t\t\t<\/div>\n\t\t\t\t<div class=\"elementor-element elementor-element-ced0ee6 elementor-widget elementor-widget-text-editor\" data-id=\"ced0ee6\" data-element_type=\"widget\" data-widget_type=\"text-editor.default\">\n\t\t\t\t<div class=\"elementor-widget-container\">\n\t\t\t\t\t\t\t<p>\u00a0\u00a0 \u00a0 \u00a0 \u00a0 \u00a0 En r\u00e8gle g\u00e9n\u00e9rale, les d\u00e9cisions rendues par les tribunaux d'un pays n'ont d'effet et de cons\u00e9quence que dans ce pays. La souverainet\u00e9 judiciaire et l'ind\u00e9pendance des \u00c9tats l'exigent. Les \u00c9tats exercent leur souverainet\u00e9 judiciaire dans leurs propres pays et, sauf stipulation contraire dans les trait\u00e9s internationaux, ne peuvent \u00e9tendre leur pouvoir judiciaire \u00e0 d'autres pays. Par cons\u00e9quent, une d\u00e9cision rendue par un tribunal d'un \u00c9tat ne peut avoir d'effet juridique direct dans un autre \u00c9tat.<\/p><p>\u00a0 \u00a0 \u00a0 \u00a0 \u00a0 \u00a0 Une personne de nationalit\u00e9 turque qui a divorc\u00e9 devant les tribunaux d'un autre pays doit intenter une proc\u00e9dure de reconnaissance et d'exequatur en Turquie pour que ce divorce soit reconnu en Turquie. Apr\u00e8s avoir obtenu la d\u00e9cision de divorce \u00e0 l'\u00e9tranger, il est n\u00e9cessaire de suivre certaines proc\u00e9dures pour que cette d\u00e9cision soit conforme au droit turc.<\/p><p>\u00a0\u00a0\u00a0\u00a0\u00a0\u00a0\u00a0\u00a0\u00a0\u00a0\u00a0 Dans la litt\u00e9rature juridique turque, une personne qui a divorc\u00e9 dans un autre pays doit intenter cette proc\u00e9dure pour faire reconna\u00eetre la d\u00e9cision du tribunal \u00e9tranger en Turquie et pour que les r\u00e9sultats du divorce soient reconnus apr\u00e8s les d\u00e9marches n\u00e9cessaires aupr\u00e8s des registres d'\u00e9tat civil. En cons\u00e9quence, une personne qui n'intente pas cette proc\u00e9dure ne sera pas consid\u00e9r\u00e9e comme divorc\u00e9e en Turquie.<\/p>\t\t\t\t\t\t<\/div>\n\t\t\t\t<\/div>\n\t\t\t\t<div class=\"elementor-element elementor-element-ea356da elementor-widget elementor-widget-heading\" data-id=\"ea356da\" data-element_type=\"widget\" data-widget_type=\"heading.default\">\n\t\t\t\t<div class=\"elementor-widget-container\">\n\t\t\t<h2 class=\"elementor-heading-title elementor-size-default\">Qu'est-ce qu'une Proc\u00e9dure de Reconnaissance et d'Exequatur ?<\/h2>\t\t<\/div>\n\t\t\t\t<\/div>\n\t\t\t\t<div class=\"elementor-element elementor-element-fd95eb9 elementor-widget elementor-widget-text-editor\" data-id=\"fd95eb9\" data-element_type=\"widget\" data-widget_type=\"text-editor.default\">\n\t\t\t\t<div class=\"elementor-widget-container\">\n\t\t\t\t\t\t\t<p class=\" translation-block\">L'un des plus grands probl\u00e8mes rencontr\u00e9s par les couples turcs qui divorcent \u00e0 l'\u00e9tranger est que leur d\u00e9cision de divorce n'est pas reconnue en Turquie. Une <strong>proc\u00e9dure de reconnaissance et d'exequatur <\/strong>est intent\u00e9e pour faire reconna\u00eetre en Turquie une d\u00e9cision de divorce obtenue \u00e0 l'\u00e9tranger.<\/p><p class=\" translation-block\">Si une proc\u00e9dure de reconnaissance et d'exequatur n'est pas intent\u00e9e en Turquie, les parties et les titulaires de droits peuvent rencontrer de nombreux probl\u00e8mes. Les couples qui ont divorc\u00e9 \u00e0 l'\u00e9tranger ne peuvent pas se remarier sans cette proc\u00e9dure. En outre, ils peuvent rencontrer des probl\u00e8mes dans des domaines tels que le partage de l'h\u00e9ritage, la garde des enfants, les pensions alimentaires, les indemnit\u00e9s de divorce, et d'autres questions connexes. Parfois, ces probl\u00e8mes peuvent devenir insolubles. Dans cet article, nous r\u00e9pondrons en d\u00e9tail \u00e0 la question \"Qu'est-ce que la reconnaissance et l'exequatur ?\" pour \u00e9clairer nos clients sur ce sujet.<\/p>\t\t\t\t\t\t<\/div>\n\t\t\t\t<\/div>\n\t\t\t\t<div class=\"elementor-element elementor-element-613a4c3 elementor-widget elementor-widget-image\" data-id=\"613a4c3\" data-element_type=\"widget\" data-widget_type=\"image.default\">\n\t\t\t\t<div class=\"elementor-widget-container\">\n\t\t\t\t\t\t\t\t\t\t\t\t\t<img decoding=\"async\" width=\"768\" height=\"504\" src=\"https:\/\/kurcaloglu.com\/wp-content\/uploads\/2022\/09\/evlilik-sozlesmesi-768x504.jpg\" class=\"attachment-medium_large size-medium_large wp-image-14083\" alt=\"\" srcset=\"https:\/\/kurcaloglu.com\/wp-content\/uploads\/2022\/09\/evlilik-sozlesmesi-768x504.jpg 768w, https:\/\/kurcaloglu.com\/wp-content\/uploads\/2022\/09\/evlilik-sozlesmesi-300x197.jpg 300w, https:\/\/kurcaloglu.com\/wp-content\/uploads\/2022\/09\/evlilik-sozlesmesi-1024x672.jpg 1024w, https:\/\/kurcaloglu.com\/wp-content\/uploads\/2022\/09\/evlilik-sozlesmesi.jpg 1028w\" sizes=\"(max-width: 768px) 100vw, 768px\" \/>\t\t\t\t\t\t\t\t\t\t\t\t\t<\/div>\n\t\t\t\t<\/div>\n\t\t\t\t<div class=\"elementor-element elementor-element-8eb6cc8 elementor-widget elementor-widget-heading\" data-id=\"8eb6cc8\" data-element_type=\"widget\" data-widget_type=\"heading.default\">\n\t\t\t\t<div class=\"elementor-widget-container\">\n\t\t\t<h2 class=\"elementor-heading-title elementor-size-default\">Qu'est-ce qu'une Proc\u00e9dure de Reconnaissance ?\n\n<\/h2>\t\t<\/div>\n\t\t\t\t<\/div>\n\t\t\t\t<div class=\"elementor-element elementor-element-a194899 elementor-widget elementor-widget-text-editor\" data-id=\"a194899\" data-element_type=\"widget\" data-widget_type=\"text-editor.default\">\n\t\t\t\t<div class=\"elementor-widget-container\">\n\t\t\t\t\t\t\t<p class=\" translation-block\">Comme son nom l'indique, une proc\u00e9dure de reconnaissance est intent\u00e9e pour faire reconna\u00eetre en Turquie une d\u00e9cision de divorce obtenue \u00e0 l'\u00e9tranger qui n'a pas d'effet ex\u00e9cutoire. <strong>La proc\u00e9dure de reconnaissance <\/strong>est intent\u00e9e pour faire reconna\u00eetre en Turquie une d\u00e9cision de divorce rendue par un tribunal \u00e9tranger.<\/p><p style=\"text-align: justify;\" class=\" translation-block\">Cette proc\u00e9dure vise \u00e0 \u00e9tablir la validit\u00e9 de la d\u00e9cision. Si seule la reconnaissance de la d\u00e9cision de divorce est souhait\u00e9e, la proc\u00e9dure de reconnaissance est suffisante. Cette proc\u00e9dure vise uniquement \u00e0 donner une validit\u00e9 officielle \u00e0 une d\u00e9cision rendue par un tribunal \u00e9tranger.<\/p>\t\t\t\t\t\t<\/div>\n\t\t\t\t<\/div>\n\t\t\t\t<div class=\"elementor-element elementor-element-4edefa2 elementor-widget elementor-widget-heading\" data-id=\"4edefa2\" data-element_type=\"widget\" data-widget_type=\"heading.default\">\n\t\t\t\t<div class=\"elementor-widget-container\">\n\t\t\t<h2 class=\"elementor-heading-title elementor-size-default\">Qu'est-ce qu'une Proc\u00e9dure d'Exequatur ?<\/h2>\t\t<\/div>\n\t\t\t\t<\/div>\n\t\t\t\t<div class=\"elementor-element elementor-element-b68bdda elementor-widget elementor-widget-text-editor\" data-id=\"b68bdda\" data-element_type=\"widget\" data-widget_type=\"text-editor.default\">\n\t\t\t\t<div class=\"elementor-widget-container\">\n\t\t\t\t\t\t\t<p>\u00a0 \u00a0 \u00a0 \u00a0 \u00a0 \u00a0 Comme pour la proc\u00e9dure de reconnaissance, une proc\u00e9dure d'exequatur est intent\u00e9e pour faire reconna\u00eetre en Turquie une d\u00e9cision rendue par un tribunal \u00e9tranger. Cependant, contrairement \u00e0 la proc\u00e9dure de reconnaissance, une proc\u00e9dure d'exequatur est intent\u00e9e pour les d\u00e9cisions ayant un caract\u00e8re ex\u00e9cutoire.<\/p><p>\u00a0\u00a0\u00a0\u00a0\u00a0\u00a0\u00a0\u00a0\u00a0\u00a0\u00a0 Alors que la proc\u00e9dure de reconnaissance vise \u00e0 \u00e9tablir la validit\u00e9 d'une d\u00e9cision, la proc\u00e9dure d'exequatur est intent\u00e9e pour rendre une d\u00e9cision ex\u00e9cutoire.<\/p><p>\u00a0\u00a0\u00a0\u00a0\u00a0\u00a0\u00a0\u00a0\u00a0\u00a0\u00a0 Par cons\u00e9quent, une proc\u00e9dure d'exequatur doit \u00eatre intent\u00e9e pour faire reconna\u00eetre des d\u00e9cisions ayant un caract\u00e8re ex\u00e9cutoire telles que les d\u00e9cisions de garde, de pension alimentaire et d'indemnit\u00e9 de divorce.<\/p>\t\t\t\t\t\t<\/div>\n\t\t\t\t<\/div>\n\t\t\t\t\t<\/div>\n\t\t<\/div>\n\t\t\t\t\t<\/div>\n\t\t<\/section>\n\t\t\t\t<section class=\"elementor-section elementor-top-section elementor-element elementor-element-a38bb29 elementor-section-boxed elementor-section-height-default elementor-section-height-default\" data-id=\"a38bb29\" data-element_type=\"section\">\n\t\t\t\t\t\t<div class=\"elementor-container elementor-column-gap-default\">\n\t\t\t\t\t<div class=\"elementor-column elementor-col-100 elementor-top-column elementor-element elementor-element-374e675\" data-id=\"374e675\" data-element_type=\"column\">\n\t\t\t<div class=\"elementor-widget-wrap elementor-element-populated\">\n\t\t\t\t\t\t<div class=\"elementor-element elementor-element-fd6f696 elementor-widget elementor-widget-image\" data-id=\"fd6f696\" data-element_type=\"widget\" data-widget_type=\"image.default\">\n\t\t\t\t<div class=\"elementor-widget-container\">\n\t\t\t\t\t\t\t\t\t\t\t\t\t<img decoding=\"async\" width=\"640\" height=\"440\" src=\"https:\/\/kurcaloglu.com\/wp-content\/uploads\/2022\/09\/Esinin-Konusmasi-Ile-Alay-Etmek-Kusur-Sayilir-Gaziantep-Bosanma-Avukati.jpg\" class=\"attachment-medium_large size-medium_large wp-image-14077\" alt=\"\" srcset=\"https:\/\/kurcaloglu.com\/wp-content\/uploads\/2022\/09\/Esinin-Konusmasi-Ile-Alay-Etmek-Kusur-Sayilir-Gaziantep-Bosanma-Avukati.jpg 640w, https:\/\/kurcaloglu.com\/wp-content\/uploads\/2022\/09\/Esinin-Konusmasi-Ile-Alay-Etmek-Kusur-Sayilir-Gaziantep-Bosanma-Avukati-300x206.jpg 300w\" sizes=\"(max-width: 640px) 100vw, 640px\" \/>\t\t\t\t\t\t\t\t\t\t\t\t\t<\/div>\n\t\t\t\t<\/div>\n\t\t\t\t\t<\/div>\n\t\t<\/div>\n\t\t\t\t\t<\/div>\n\t\t<\/section>\n\t\t\t\t<section class=\"elementor-section elementor-top-section elementor-element elementor-element-7847ae7 elementor-section-boxed elementor-section-height-default elementor-section-height-default\" data-id=\"7847ae7\" data-element_type=\"section\">\n\t\t\t\t\t\t<div class=\"elementor-container elementor-column-gap-default\">\n\t\t\t\t\t<div class=\"elementor-column elementor-col-100 elementor-top-column elementor-element elementor-element-14c80b0\" data-id=\"14c80b0\" data-element_type=\"column\">\n\t\t\t<div class=\"elementor-widget-wrap elementor-element-populated\">\n\t\t\t\t\t\t<div class=\"elementor-element elementor-element-8678c1f elementor-widget elementor-widget-heading\" data-id=\"8678c1f\" data-element_type=\"widget\" data-widget_type=\"heading.default\">\n\t\t\t\t<div class=\"elementor-widget-container\">\n\t\t\t<h2 class=\"elementor-heading-title elementor-size-default\">Reconnaissance ou Exequatur pour une D\u00e9cision de Divorce ?\n\n<\/h2>\t\t<\/div>\n\t\t\t\t<\/div>\n\t\t\t\t\t<\/div>\n\t\t<\/div>\n\t\t\t\t\t<\/div>\n\t\t<\/section>\n\t\t\t\t<section class=\"elementor-section elementor-top-section elementor-element elementor-element-cd68d84 elementor-section-boxed elementor-section-height-default elementor-section-height-default\" data-id=\"cd68d84\" data-element_type=\"section\">\n\t\t\t\t\t\t<div class=\"elementor-container elementor-column-gap-default\">\n\t\t\t\t\t<div class=\"elementor-column elementor-col-100 elementor-top-column elementor-element elementor-element-d6251b3\" data-id=\"d6251b3\" data-element_type=\"column\">\n\t\t\t<div class=\"elementor-widget-wrap elementor-element-populated\">\n\t\t\t\t\t\t<div class=\"elementor-element elementor-element-0a3e2e9 elementor-widget elementor-widget-text-editor\" data-id=\"0a3e2e9\" data-element_type=\"widget\" data-widget_type=\"text-editor.default\">\n\t\t\t\t<div class=\"elementor-widget-container\">\n\t\t\t\t\t\t\t<p>\u00a0 \u00a0 \u00a0 \u00a0 \u00a0 \u00a0 La r\u00e9ponse \u00e0 cette question est en fait donn\u00e9e ci-dessus. Les deux proc\u00e9dures visent \u00e0 faire reconna\u00eetre une d\u00e9cision rendue par un tribunal \u00e9tranger. Cependant, une proc\u00e9dure de reconnaissance est intent\u00e9e pour faire reconna\u00eetre une d\u00e9cision de divorce, tandis qu'une proc\u00e9dure d'exequatur est intent\u00e9e pour faire reconna\u00eetre des d\u00e9cisions ayant un caract\u00e8re ex\u00e9cutoire.<\/p><p>\u00a0\u00a0\u00a0\u00a0\u00a0\u00a0\u00a0\u00a0\u00a0\u00a0\u00a0 Par exemple, pour faire reconna\u00eetre des d\u00e9cisions de pension alimentaire, d'indemnit\u00e9 et de garde des enfants et pour prendre des mesures fond\u00e9es sur ces d\u00e9cisions, une proc\u00e9dure d'exequatur doit \u00eatre intent\u00e9e.<\/p>\t\t\t\t\t\t<\/div>\n\t\t\t\t<\/div>\n\t\t\t\t\t<\/div>\n\t\t<\/div>\n\t\t\t\t\t<\/div>\n\t\t<\/section>\n\t\t\t\t<section class=\"elementor-section elementor-top-section elementor-element elementor-element-d954c8d elementor-section-boxed elementor-section-height-default elementor-section-height-default\" data-id=\"d954c8d\" data-element_type=\"section\">\n\t\t\t\t\t\t<div class=\"elementor-container elementor-column-gap-default\">\n\t\t\t\t\t<div class=\"elementor-column elementor-col-100 elementor-top-column elementor-element elementor-element-9c4ab49\" data-id=\"9c4ab49\" data-element_type=\"column\">\n\t\t\t<div class=\"elementor-widget-wrap elementor-element-populated\">\n\t\t\t\t\t\t<div class=\"elementor-element elementor-element-7f437d3 elementor-widget elementor-widget-heading\" data-id=\"7f437d3\" data-element_type=\"widget\" data-widget_type=\"heading.default\">\n\t\t\t\t<div class=\"elementor-widget-container\">\n\t\t\t<h2 class=\"elementor-heading-title elementor-size-default\">Pourquoi une Proc\u00e9dure de Reconnaissance et d'Exequatur est-elle N\u00e9cessaire ?<\/h2>\t\t<\/div>\n\t\t\t\t<\/div>\n\t\t\t\t\t<\/div>\n\t\t<\/div>\n\t\t\t\t\t<\/div>\n\t\t<\/section>\n\t\t\t\t<section class=\"elementor-section elementor-top-section elementor-element elementor-element-1642ab7 elementor-section-boxed elementor-section-height-default elementor-section-height-default\" data-id=\"1642ab7\" data-element_type=\"section\">\n\t\t\t\t\t\t<div class=\"elementor-container elementor-column-gap-default\">\n\t\t\t\t\t<div class=\"elementor-column elementor-col-100 elementor-top-column elementor-element elementor-element-aa08638\" data-id=\"aa08638\" data-element_type=\"column\">\n\t\t\t<div class=\"elementor-widget-wrap elementor-element-populated\">\n\t\t\t\t\t\t<div class=\"elementor-element elementor-element-18a1fed elementor-widget elementor-widget-text-editor\" data-id=\"18a1fed\" data-element_type=\"widget\" data-widget_type=\"text-editor.default\">\n\t\t\t\t<div class=\"elementor-widget-container\">\n\t\t\t\t\t\t\t<p class=\" translation-block\">Ces deux types de proc\u00e9dures sont n\u00e9cessaires pour les citoyens turcs vivant \u00e0 l'\u00e9tranger. En expliquant ci-dessus les deux types de proc\u00e9dures, nous avons \u00e9galement abord\u00e9 leurs raisons. Un couple mari\u00e9 \u00e0 l'\u00e9tranger doit signaler cette situation \u00e0 la Turquie et assumer les responsabilit\u00e9s d\u00e9coulant de l'institution du mariage. La loyaut\u00e9, l'h\u00e9ritage, etc., en sont quelques exemples. Pour une femme, l'utilisation du nom de famille de son mari fait \u00e9galement partie de ces responsabilit\u00e9s. Ainsi, apr\u00e8s le divorce, les droits et obligations r\u00e9ciproques doivent \u00e9galement prendre fin.<\/p><p class=\" translation-block\">Tout comme il est n\u00e9cessaire de signaler et d'enregistrer les mariages contract\u00e9s \u00e0 l'\u00e9tranger en Turquie, il est \u00e9galement n\u00e9cessaire que le divorce prononc\u00e9 \u00e0 l'\u00e9tranger soit contr\u00f4l\u00e9 et reconnu par l'\u00c9tat turc. La d\u00e9cision de divorce rendue \u00e0 l'\u00e9tranger est examin\u00e9e par le tribunal de la famille en Turquie pour v\u00e9rifier sa conformit\u00e9 avec le Code civil turc et est reconnue et ex\u00e9cut\u00e9e. La proc\u00e9dure de reconnaissance et d'exequatur \u00e0 Istanbul est n\u00e9cessaire pour que nos concitoyens vivant \u00e0 l'\u00e9tranger ne rencontrent pas de probl\u00e8mes avec les institutions publiques ou les informations d'identit\u00e9, et pour \u00e9viter toute perte de droits futurs.<\/p>\t\t\t\t\t\t<\/div>\n\t\t\t\t<\/div>\n\t\t\t\t\t<\/div>\n\t\t<\/div>\n\t\t\t\t\t<\/div>\n\t\t<\/section>\n\t\t\t\t<section class=\"elementor-section elementor-top-section elementor-element elementor-element-3abf9d6 elementor-section-boxed elementor-section-height-default elementor-section-height-default\" data-id=\"3abf9d6\" data-element_type=\"section\">\n\t\t\t\t\t\t<div class=\"elementor-container elementor-column-gap-default\">\n\t\t\t\t\t<div class=\"elementor-column elementor-col-100 elementor-top-column elementor-element elementor-element-1c48a1a\" data-id=\"1c48a1a\" data-element_type=\"column\">\n\t\t\t<div class=\"elementor-widget-wrap elementor-element-populated\">\n\t\t\t\t\t\t<div class=\"elementor-element elementor-element-7c40080 elementor-widget elementor-widget-image\" data-id=\"7c40080\" data-element_type=\"widget\" data-widget_type=\"image.default\">\n\t\t\t\t<div class=\"elementor-widget-container\">\n\t\t\t\t\t\t\t\t\t\t\t\t\t<img loading=\"lazy\" decoding=\"async\" width=\"650\" height=\"344\" src=\"https:\/\/kurcaloglu.com\/wp-content\/uploads\/2022\/09\/EsiniOlen-Eski-Esi-Ile-Surekli-Kiyaslamak-Ve-Fotograflarini-Evde-Gorunur-Yerde-Bulundurmak-Kusurdur-Gaziantep-Bosanma-Avukati.jpg\" class=\"attachment-medium_large size-medium_large wp-image-14081\" alt=\"\" srcset=\"https:\/\/kurcaloglu.com\/wp-content\/uploads\/2022\/09\/EsiniOlen-Eski-Esi-Ile-Surekli-Kiyaslamak-Ve-Fotograflarini-Evde-Gorunur-Yerde-Bulundurmak-Kusurdur-Gaziantep-Bosanma-Avukati.jpg 650w, https:\/\/kurcaloglu.com\/wp-content\/uploads\/2022\/09\/EsiniOlen-Eski-Esi-Ile-Surekli-Kiyaslamak-Ve-Fotograflarini-Evde-Gorunur-Yerde-Bulundurmak-Kusurdur-Gaziantep-Bosanma-Avukati-300x159.jpg 300w\" sizes=\"(max-width: 650px) 100vw, 650px\" \/>\t\t\t\t\t\t\t\t\t\t\t\t\t<\/div>\n\t\t\t\t<\/div>\n\t\t\t\t\t<\/div>\n\t\t<\/div>\n\t\t\t\t\t<\/div>\n\t\t<\/section>\n\t\t\t\t<section class=\"elementor-section elementor-top-section elementor-element elementor-element-673f870 elementor-section-boxed elementor-section-height-default elementor-section-height-default\" data-id=\"673f870\" data-element_type=\"section\">\n\t\t\t\t\t\t<div class=\"elementor-container elementor-column-gap-default\">\n\t\t\t\t\t<div class=\"elementor-column elementor-col-100 elementor-top-column elementor-element elementor-element-67231c6\" data-id=\"67231c6\" data-element_type=\"column\">\n\t\t\t<div class=\"elementor-widget-wrap elementor-element-populated\">\n\t\t\t\t\t\t<div class=\"elementor-element elementor-element-c075b26 elementor-widget elementor-widget-heading\" data-id=\"c075b26\" data-element_type=\"widget\" data-widget_type=\"heading.default\">\n\t\t\t\t<div class=\"elementor-widget-container\">\n\t\t\t<h2 class=\"elementor-heading-title elementor-size-default\">\u00c0 quel tribunal s'adresser pour une Proc\u00e9dure de Reconnaissance et d'Exequatur ?<\/h2>\t\t<\/div>\n\t\t\t\t<\/div>\n\t\t\t\t\t<\/div>\n\t\t<\/div>\n\t\t\t\t\t<\/div>\n\t\t<\/section>\n\t\t\t\t<section class=\"elementor-section elementor-top-section elementor-element elementor-element-7042ade elementor-section-boxed elementor-section-height-default elementor-section-height-default\" data-id=\"7042ade\" data-element_type=\"section\">\n\t\t\t\t\t\t<div class=\"elementor-container elementor-column-gap-default\">\n\t\t\t\t\t<div class=\"elementor-column elementor-col-100 elementor-top-column elementor-element elementor-element-7a2c5d9\" data-id=\"7a2c5d9\" data-element_type=\"column\">\n\t\t\t<div class=\"elementor-widget-wrap elementor-element-populated\">\n\t\t\t\t\t\t<div class=\"elementor-element elementor-element-8288e42 elementor-widget elementor-widget-text-editor\" data-id=\"8288e42\" data-element_type=\"widget\" data-widget_type=\"text-editor.default\">\n\t\t\t\t<div class=\"elementor-widget-container\">\n\t\t\t\t\t\t\t<p class=\" translation-block\">Comme mentionn\u00e9 bri\u00e8vement ci-dessus, la <strong>proc\u00e9dure de reconnaissance et d'exequatur <\/strong>est n\u00e9cessaire pour faire reconna\u00eetre en Turquie les d\u00e9cisions de divorce, de garde, de pension alimentaire, etc., rendues par un tribunal \u00e9tranger. En Turquie, ces d\u00e9cisions rel\u00e8vent de la comp\u00e9tence des tribunaux de la famille.<\/p><p>\u00a0\u00a0\u00a0\u00a0\u00a0\u00a0\u00a0\u00a0\u00a0\u00a0\u00a0 En l'absence de tribunaux de la famille, ces affaires sont trait\u00e9es par les tribunaux de grande instance. Si vous devez intenter une proc\u00e9dure de reconnaissance et d'exequatur, vous pouvez le faire par l'interm\u00e9diaire d'un avocat.<\/p><p>\u00a0\u00a0\u00a0\u00a0\u00a0\u00a0\u00a0\u00a0\u00a0\u00a0\u00a0 Le tribunal territorialement comp\u00e9tent est celui du lieu de r\u00e9sidence du demandeur ou, \u00e0 d\u00e9faut, celui du lieu o\u00f9 il r\u00e9side. Si le demandeur n'a pas de r\u00e9sidence ou de lieu de s\u00e9jour en Turquie, la proc\u00e9dure peut \u00eatre intent\u00e9e devant les tribunaux d'Ankara, d'Istanbul ou d'Izmir.<\/p>\t\t\t\t\t\t<\/div>\n\t\t\t\t<\/div>\n\t\t\t\t\t<\/div>\n\t\t<\/div>\n\t\t\t\t\t<\/div>\n\t\t<\/section>\n\t\t\t\t<section class=\"elementor-section elementor-top-section elementor-element elementor-element-7b3b690 elementor-section-boxed elementor-section-height-default elementor-section-height-default\" data-id=\"7b3b690\" data-element_type=\"section\">\n\t\t\t\t\t\t<div class=\"elementor-container elementor-column-gap-default\">\n\t\t\t\t\t<div class=\"elementor-column elementor-col-100 elementor-top-column elementor-element elementor-element-6e18fb2\" data-id=\"6e18fb2\" data-element_type=\"column\">\n\t\t\t<div class=\"elementor-widget-wrap elementor-element-populated\">\n\t\t\t\t\t\t<div class=\"elementor-element elementor-element-df078ca elementor-widget elementor-widget-heading\" data-id=\"df078ca\" data-element_type=\"widget\" data-widget_type=\"heading.default\">\n\t\t\t\t<div class=\"elementor-widget-container\">\n\t\t\t<h2 class=\"elementor-heading-title elementor-size-default\">Quand doit-on intenter une Proc\u00e9dure de Reconnaissance et d'Exequatur pour un Divorce ?<\/h2>\t\t<\/div>\n\t\t\t\t<\/div>\n\t\t\t\t\t<\/div>\n\t\t<\/div>\n\t\t\t\t\t<\/div>\n\t\t<\/section>\n\t\t\t\t<section class=\"elementor-section elementor-top-section elementor-element elementor-element-6581af6 elementor-section-boxed elementor-section-height-default elementor-section-height-default\" data-id=\"6581af6\" data-element_type=\"section\">\n\t\t\t\t\t\t<div class=\"elementor-container elementor-column-gap-default\">\n\t\t\t\t\t<div class=\"elementor-column elementor-col-100 elementor-top-column elementor-element elementor-element-2cf61b2\" data-id=\"2cf61b2\" data-element_type=\"column\">\n\t\t\t<div class=\"elementor-widget-wrap elementor-element-populated\">\n\t\t\t\t\t\t<div class=\"elementor-element elementor-element-a3130d3 elementor-widget elementor-widget-text-editor\" data-id=\"a3130d3\" data-element_type=\"widget\" data-widget_type=\"text-editor.default\">\n\t\t\t\t<div class=\"elementor-widget-container\">\n\t\t\t\t\t\t\t<p class=\" translation-block\">La loi pr\u00e9voit un d\u00e9lai de prescription de 10 ans pour intenter une <strong>proc\u00e9dure de reconnaissance et d'exequatur <\/strong>pour un divorce. La proc\u00e9dure peut \u00eatre intent\u00e9e apr\u00e8s l'expiration de ce d\u00e9lai, mais si le d\u00e9fendeur invoque la prescription, le juge doit en tenir compte.<\/p><p>\u00a0\u00a0\u00a0\u00a0\u00a0\u00a0\u00a0\u00a0\u00a0\u00a0\u00a0 En l'absence d'opposition, le juge ne peut pas tenir compte de la prescription et rend une d\u00e9cision. Cependant, pour que les effets du divorce prennent effet, il est important que la d\u00e9cision soit rendue d\u00e9finitive. Par cons\u00e9quent, il est crucial pour la personne divorc\u00e9e de saisir rapidement cette d\u00e9cision.<\/p><p class=\" translation-block\">Sinon, de nombreux probl\u00e8mes peuvent survenir, notamment des retards dans les notifications n\u00e9cessaires au bon d\u00e9roulement de la proc\u00e9dure. En Turquie, il est important d'agir rapidement dans les proc\u00e9dures de reconnaissance et d'exequatur pour \u00e9viter des cons\u00e9quences irr\u00e9parables ou des pertes de droits difficiles \u00e0 compenser.<\/p>\t\t\t\t\t\t<\/div>\n\t\t\t\t<\/div>\n\t\t\t\t<div class=\"elementor-element elementor-element-554ad27 elementor-widget elementor-widget-image\" data-id=\"554ad27\" data-element_type=\"widget\" data-widget_type=\"image.default\">\n\t\t\t\t<div class=\"elementor-widget-container\">\n\t\t\t\t\t\t\t\t\t\t\t\t\t<img loading=\"lazy\" decoding=\"async\" width=\"768\" height=\"576\" src=\"https:\/\/kurcaloglu.com\/wp-content\/uploads\/2022\/09\/evlilik-sozlesmesi-mumkun-mudur-768x576.jpg\" class=\"attachment-medium_large size-medium_large wp-image-14082\" alt=\"\" srcset=\"https:\/\/kurcaloglu.com\/wp-content\/uploads\/2022\/09\/evlilik-sozlesmesi-mumkun-mudur-768x576.jpg 768w, https:\/\/kurcaloglu.com\/wp-content\/uploads\/2022\/09\/evlilik-sozlesmesi-mumkun-mudur-300x225.jpg 300w, https:\/\/kurcaloglu.com\/wp-content\/uploads\/2022\/09\/evlilik-sozlesmesi-mumkun-mudur.jpg 1024w\" sizes=\"(max-width: 768px) 100vw, 768px\" \/>\t\t\t\t\t\t\t\t\t\t\t\t\t<\/div>\n\t\t\t\t<\/div>\n\t\t\t\t<div class=\"elementor-element elementor-element-d229883 elementor-widget elementor-widget-heading\" data-id=\"d229883\" data-element_type=\"widget\" data-widget_type=\"heading.default\">\n\t\t\t\t<div class=\"elementor-widget-container\">\n\t\t\t<h2 class=\"elementor-heading-title elementor-size-default\">Contre qui intenter une Proc\u00e9dure de Reconnaissance et d'Exequatur ?<\/h2>\t\t<\/div>\n\t\t\t\t<\/div>\n\t\t\t\t<div class=\"elementor-element elementor-element-c59d1ca elementor-widget elementor-widget-text-editor\" data-id=\"c59d1ca\" data-element_type=\"widget\" data-widget_type=\"text-editor.default\">\n\t\t\t\t<div class=\"elementor-widget-container\">\n\t\t\t\t\t\t\t<p class=\" translation-block\"><strong>Les proc\u00e9dures de reconnaissance et d'exequatur  <\/strong>ne sont pas des proc\u00e9dures neutres ou sans partie adverse. Par cons\u00e9quent, la personne qui demande la reconnaissance d'une d\u00e9cision rendue par un tribunal \u00e9tranger doit intenter la proc\u00e9dure en d\u00e9signant l'autre partie \u00e0 la d\u00e9cision \u00e9trang\u00e8re comme d\u00e9fendeur. Apr\u00e8s l'introduction de la proc\u00e9dure, la requ\u00eate est notifi\u00e9e au d\u00e9fendeur.<\/p>\t\t\t\t\t\t<\/div>\n\t\t\t\t<\/div>\n\t\t\t\t<div class=\"elementor-element elementor-element-46a4135 elementor-widget elementor-widget-heading\" data-id=\"46a4135\" data-element_type=\"widget\" data-widget_type=\"heading.default\">\n\t\t\t\t<div class=\"elementor-widget-container\">\n\t\t\t<h2 class=\"elementor-heading-title elementor-size-default\">Qui peut intenter une Proc\u00e9dure de Reconnaissance et d'Exequatur ? <\/h2>\t\t<\/div>\n\t\t\t\t<\/div>\n\t\t\t\t<div class=\"elementor-element elementor-element-42d8945 elementor-widget elementor-widget-text-editor\" data-id=\"42d8945\" data-element_type=\"widget\" data-widget_type=\"text-editor.default\">\n\t\t\t\t<div class=\"elementor-widget-container\">\n\t\t\t\t\t\t\t<p>\u00a0\u00a0\u00a0\u00a0\u00a0\u00a0\u00a0\u00a0\u00a0\u00a0\u00a0 Les parties \u00e0 une d\u00e9cision rendue par un tribunal \u00e9tranger peuvent intenter une proc\u00e9dure de reconnaissance et d'exequatur.<\/p><p>\u00a0 \u00a0 \u00a0 \u00a0 \u00a0 \u00a0 Par exemple, l'un des \u00e9poux qui a obtenu une d\u00e9cision de divorce devant un tribunal \u00e9tranger peut intenter cette proc\u00e9dure pour faire reconna\u00eetre cette d\u00e9cision.<\/p><p style=\"text-align: justify;\" class=\" translation-block\">Toute personne ayant un int\u00e9r\u00eat juridique \u00e0 intenter une proc\u00e9dure de reconnaissance et d'exequatur peut \u00e9galement le faire. Ainsi, toute personne n'\u00e9tant pas partie \u00e0 l'affaire \u00e9trang\u00e8re mais ayant un int\u00e9r\u00eat juridique \u00e0 intenter une proc\u00e9dure de reconnaissance et d'exequatur peut intenter cette proc\u00e9dure. Selon les dispositions l\u00e9gales applicables, \"outre les parties au litige et leurs ayants droit universels, toute personne ayant un int\u00e9r\u00eat juridique \u00e0 la reconnaissance ou \u00e0 l'exequatur ou ayant le droit d'utiliser une d\u00e9cision \u00e9trang\u00e8re comme preuve irr\u00e9futable ou d\u00e9cision d\u00e9finitive ou de l'utiliser dans une proc\u00e9dure administrative peut \u00e9galement demander la reconnaissance ou l'exequatur.\"<\/p><p style=\"text-align: justify;\"><i>\u00a0<\/i><\/p><p style=\"text-align: justify;\"><i>\u00a0<\/i><\/p>\t\t\t\t\t\t<\/div>\n\t\t\t\t<\/div>\n\t\t\t\t<div class=\"elementor-element elementor-element-1de8f74 elementor-widget elementor-widget-heading\" data-id=\"1de8f74\" data-element_type=\"widget\" data-widget_type=\"heading.default\">\n\t\t\t\t<div class=\"elementor-widget-container\">\n\t\t\t<h2 class=\"elementor-heading-title elementor-size-default\"><a href=\"https:\/\/kurcaloglu.com\/fr\/\">Les h\u00e9ritiers peuvent-ils intenter une Proc\u00e9dure de Reconnaissance et d'Exequatur ? <\/a><\/h2>\t\t<\/div>\n\t\t\t\t<\/div>\n\t\t\t\t<div class=\"elementor-element elementor-element-83d6ff1 elementor-widget elementor-widget-text-editor\" data-id=\"83d6ff1\" data-element_type=\"widget\" data-widget_type=\"text-editor.default\">\n\t\t\t\t<div class=\"elementor-widget-container\">\n\t\t\t\t\t\t\t<p class=\" translation-block\">\u00c9tant donn\u00e9 que toute personne ayant un int\u00e9r\u00eat juridique \u00e0 intenter une proc\u00e9dure de reconnaissance et d'exequatur peut le faire, les h\u00e9ritiers ayant un int\u00e9r\u00eat dans des questions telles que la succession, la garde, la pension alimentaire et la liquidation du r\u00e9gime matrimonial peuvent \u00e9galement intenter une proc\u00e9dure de reconnaissance et d'exequatur pour faire reconna\u00eetre une d\u00e9cision de divorce \u00e9trang\u00e8re. Par cons\u00e9quent, les h\u00e9ritiers peuvent intenter une proc\u00e9dure de reconnaissance et d'exequatur. Le d\u00e9lai de prescription de 10 ans est un point important \u00e0 rappeler dans ce contexte.<\/p><p>\u00a0\u00a0\u00a0\u00a0\u00a0\u00a0\u00a0\u00a0\u00a0\u00a0\u00a0 .<\/p>\t\t\t\t\t\t<\/div>\n\t\t\t\t<\/div>\n\t\t\t\t<div class=\"elementor-element elementor-element-5a3f26e elementor-widget elementor-widget-image\" data-id=\"5a3f26e\" data-element_type=\"widget\" data-widget_type=\"image.default\">\n\t\t\t\t<div class=\"elementor-widget-container\">\n\t\t\t\t\t\t\t\t\t\t\t\t\t<img loading=\"lazy\" decoding=\"async\" width=\"650\" height=\"344\" src=\"https:\/\/kurcaloglu.com\/wp-content\/uploads\/2022\/09\/EsiniOlen-Eski-Esi-Ile-Surekli-Kiyaslamak-Ve-Fotograflarini-Evde-Gorunur-Yerde-Bulundurmak-Kusurdur-Gaziantep-Bosanma-Avukati-1.jpg\" class=\"attachment-large size-large wp-image-14084\" alt=\"\" srcset=\"https:\/\/kurcaloglu.com\/wp-content\/uploads\/2022\/09\/EsiniOlen-Eski-Esi-Ile-Surekli-Kiyaslamak-Ve-Fotograflarini-Evde-Gorunur-Yerde-Bulundurmak-Kusurdur-Gaziantep-Bosanma-Avukati-1.jpg 650w, https:\/\/kurcaloglu.com\/wp-content\/uploads\/2022\/09\/EsiniOlen-Eski-Esi-Ile-Surekli-Kiyaslamak-Ve-Fotograflarini-Evde-Gorunur-Yerde-Bulundurmak-Kusurdur-Gaziantep-Bosanma-Avukati-1-300x159.jpg 300w\" sizes=\"(max-width: 650px) 100vw, 650px\" \/>\t\t\t\t\t\t\t\t\t\t\t\t\t<\/div>\n\t\t\t\t<\/div>\n\t\t\t\t<div class=\"elementor-element elementor-element-82b6f00 elementor-widget elementor-widget-heading\" data-id=\"82b6f00\" data-element_type=\"widget\" data-widget_type=\"heading.default\">\n\t\t\t\t<div class=\"elementor-widget-container\">\n\t\t\t<h2 class=\"elementor-heading-title elementor-size-default\">Quels pays sont concern\u00e9s par les Proc\u00e9dures de Reconnaissance et d'Exequatur ?<\/h2>\t\t<\/div>\n\t\t\t\t<\/div>\n\t\t\t\t<div class=\"elementor-element elementor-element-7568b19 elementor-widget elementor-widget-text-editor\" data-id=\"7568b19\" data-element_type=\"widget\" data-widget_type=\"text-editor.default\">\n\t\t\t\t<div class=\"elementor-widget-container\">\n\t\t\t\t\t\t\t<p class=\" translation-block\">Pour intenter une proc\u00e9dure de reconnaissance et d'exequatur d'un divorce en Turquie, il doit exister un principe de r\u00e9ciprocit\u00e9 ou un accord entre les pays. Les d\u00e9cisions rendues par les tribunaux des pays list\u00e9s ci-dessous peuvent faire l'objet de telles proc\u00e9dures en Turquie.<\/p><p style=\"text-align: justify;\" class=\" translation-block\">En dehors des pays list\u00e9s, la coop\u00e9ration judiciaire est appliqu\u00e9e dans le cadre du principe de r\u00e9ciprocit\u00e9 avec de nombreux autres pays. Pour plus d'informations, vous pouvez nous contacter.<\/p><p style=\"text-align: justify;\" class=\" translation-block\">Les pays dont les d\u00e9cisions de divorce peuvent faire l'objet de proc\u00e9dures de reconnaissance et d'exequatur en Turquie incluent : Allemagne, Argentine, \u00c9tats-Unis, Albanie, Australie, Autriche, Azerba\u00efdjan, Bi\u00e9lorussie, Belgique, Bosnie-Herz\u00e9govine, Bulgarie, R\u00e9publique tch\u00e8que, Chine, Danemark, Finlande, France, G\u00e9orgie, Croatie, Pays-Bas, Irak, Royaume-Uni, Irlande, Espagne, Su\u00e8de, Suisse, Italie, Islande, Japon, Canada, R\u00e9publique turque de Chypre du Nord, Lituanie, Luxembourg, Hongrie, Mac\u00e9doine, \u00c9gypte, Moldavie, Norv\u00e8ge, Pologne, Portugal, Roumanie, Russie, Serbie, Slov\u00e9nie, Syrie, Tadjikistan, Tunisie, Turkm\u00e9nistan, Ukraine, Jordanie, Gr\u00e8ce.<\/p><p style=\"text-align: justify;\">\u00a0<\/p>\t\t\t\t\t\t<\/div>\n\t\t\t\t<\/div>\n\t\t\t\t<div class=\"elementor-element elementor-element-befe2e0 elementor-widget elementor-widget-heading\" data-id=\"befe2e0\" data-element_type=\"widget\" data-widget_type=\"heading.default\">\n\t\t\t\t<div class=\"elementor-widget-container\">\n\t\t\t<h2 class=\"elementor-heading-title elementor-size-default\">Quels documents sont n\u00e9cessaires pour intenter une Proc\u00e9dure de Reconnaissance et d'Exequatur ?<\/h2>\t\t<\/div>\n\t\t\t\t<\/div>\n\t\t\t\t<div class=\"elementor-element elementor-element-ba2f10d elementor-widget elementor-widget-text-editor\" data-id=\"ba2f10d\" data-element_type=\"widget\" data-widget_type=\"text-editor.default\">\n\t\t\t\t<div class=\"elementor-widget-container\">\n\t\t\t\t\t\t\t<p class=\" translation-block\">Pour intenter une proc\u00e9dure de reconnaissance et d'exequatur, certains documents doivent \u00eatre pr\u00e9sent\u00e9s au tribunal de la famille :<\/p><p class=\" translation-block\"><strong>La d\u00e9cision de divorce rendue \u00e0 l'\u00e9tranger : <\/strong>Pour une proc\u00e9dure de reconnaissance, il s'agit de la d\u00e9cision de divorce ; pour une proc\u00e9dure d'exequatur, il s'agit de la d\u00e9cision portant sur des questions ex\u00e9cutoires telles que la garde, la pension alimentaire, l'indemnit\u00e9. La d\u00e9cision originale doit \u00eatre soumise lors de l'introduction de la proc\u00e9dure. La copie du document ne peut pas \u00eatre utilis\u00e9e.<\/p><p class=\" translation-block\"><strong>L'original de la clause de non-appel de la d\u00e9cision de justice :<\/strong> Une proc\u00e9dure de reconnaissance et d'exequatur ne peut \u00eatre intent\u00e9e sur la base d'une d\u00e9cision non d\u00e9finitive. Une clause de non-appel doit \u00eatre obtenue pour la d\u00e9cision rendue \u00e0 l'\u00e9tranger. La d\u00e9cision de divorce rendue par le tribunal ne prend effet qu'\u00e0 partir de la date de non-appel.<\/p><p style=\"text-align: justify;\" class=\" translation-block\"><strong>La clause d'apostille : <\/strong>Toutes les d\u00e9cisions de justice et documents officiels doivent \u00eatre accompagn\u00e9s d'une clause d'apostille.<\/p><p style=\"text-align: justify;\" class=\" translation-block\"><strong>La traduction des documents de reconnaissance et d'exequatur : <\/strong>La d\u00e9cision rendue par le tribunal \u00e9tranger doit \u00eatre traduite en turc par un traducteur asserment\u00e9 apr\u00e8s l'obtention de la clause d'apostille. Si vous \u00eates \u00e0 l'\u00e9tranger, la traduction doit \u00eatre valid\u00e9e par le consulat turc.<\/p><p style=\"text-align: left;\" class=\" translation-block\"><strong>Une procuration sp\u00e9cifique autorisant l'avocat \u00e0 intenter une proc\u00e9dure de reconnaissance et d'exequatur :<\/strong> Si vous \u00eates \u00e0 l'\u00e9tranger, cette procuration peut \u00eatre obtenue aupr\u00e8s du consulat turc le plus proche.<\/p><p style=\"text-align: justify;\"><span style=\"font-weight: bolder; text-align: left;\"><strong>Une copie du passeport ou de la carte d'identit\u00e9<\/strong>\u00a0<\/span><\/p><p style=\"text-align: justify;\"><span style=\"font-weight: bolder; text-align: left;\">\u00a0<\/span><\/p><p style=\"text-align: justify;\"><span style=\"font-weight: bolder; text-align: left;\">\u00a0<\/span><\/p>\t\t\t\t\t\t<\/div>\n\t\t\t\t<\/div>\n\t\t\t\t<div class=\"elementor-element elementor-element-69f22ea elementor-widget elementor-widget-heading\" data-id=\"69f22ea\" data-element_type=\"widget\" data-widget_type=\"heading.default\">\n\t\t\t\t<div class=\"elementor-widget-container\">\n\t\t\t<h2 class=\"elementor-heading-title elementor-size-default\">Combien de temps dure une Proc\u00e9dure de Reconnaissance et d'Exequatur ?<\/h2>\t\t<\/div>\n\t\t\t\t<\/div>\n\t\t\t\t<div class=\"elementor-element elementor-element-08594f3 elementor-widget elementor-widget-text-editor\" data-id=\"08594f3\" data-element_type=\"widget\" data-widget_type=\"text-editor.default\">\n\t\t\t\t<div class=\"elementor-widget-container\">\n\t\t\t\t\t\t\t<p>\u00a0 \u00a0 \u00a0 \u00a0 \u00a0 \u00a0 Faire appel \u00e0 un avocat pour suivre la proc\u00e9dure peut acc\u00e9l\u00e9rer le processus. Les deux parties ne peuvent pas \u00eatre repr\u00e9sent\u00e9es par le m\u00eame avocat dans une proc\u00e9dure de reconnaissance et d'exequatur ; chaque partie doit avoir son propre avocat. La dur\u00e9e de la proc\u00e9dure peut varier selon que les deux parties sont repr\u00e9sent\u00e9es par des avocats ou qu'une seule partie est repr\u00e9sent\u00e9e.<\/p><p>\u00a0 \u00a0 \u00a0 \u00a0 \u00a0 \u00a0 Ce type de proc\u00e9dure n'est pas tr\u00e8s complexe. Il n'y a pas besoin d'expert, d'enqu\u00eate ou de t\u00e9moins, ce qui contribue \u00e0 raccourcir la dur\u00e9e du proc\u00e8s.<\/p><p>\u00a0 \u00a0 \u00a0 \u00a0 \u00a0 \u00a0 Si les deux parties sont repr\u00e9sent\u00e9es par des avocats diff\u00e9rents et que la proc\u00e9dure de reconnaissance et d'exequatur est intent\u00e9e, la proc\u00e9dure sera g\u00e9n\u00e9ralement termin\u00e9e en 2 ou 3 audiences, en tenant compte de la charge de travail du tribunal. Cependant, si une seule partie est repr\u00e9sent\u00e9e par un avocat, la proc\u00e9dure peut durer jusqu'\u00e0 douze mois.<\/p><p>\u00a0\u00a0\u00a0\u00a0\u00a0\u00a0\u00a0\u00a0\u00a0\u00a0\u00a0 Parfois, cette dur\u00e9e peut s'\u00e9tendre \u00e0 2 ou 3 ans. Le facteur le plus important qui peut prolonger la proc\u00e9dure de reconnaissance et d'exequatur est le d\u00e9lai de traitement des correspondances et des notifications. Les correspondances internationales prennent du temps et peuvent allonger la dur\u00e9e du proc\u00e8s.<\/p><p>\u00a0\u00a0\u00a0\u00a0\u00a0\u00a0\u00a0\u00a0\u00a0\u00a0\u00a0 Toutefois, il est possible de raccourcir toutes ces d\u00e9marches. Quelques d\u00e9tails peuvent r\u00e9duire la dur\u00e9e de la proc\u00e9dure. Si vous recherchez un avocat en droit de la famille ou en droit du divorce \u00e0 Istanbul, il est dans votre int\u00e9r\u00eat de contacter notre cabinet.<\/p>\t\t\t\t\t\t<\/div>\n\t\t\t\t<\/div>\n\t\t\t\t<div class=\"elementor-element elementor-element-615f900 elementor-widget elementor-widget-heading\" data-id=\"615f900\" data-element_type=\"widget\" data-widget_type=\"heading.default\">\n\t\t\t\t<div class=\"elementor-widget-container\">\n\t\t\t<h2 class=\"elementor-heading-title elementor-size-default\">Quels sont les honoraires d'avocat pour une Proc\u00e9dure de Reconnaissance et d'Exequatur ?<\/h2>\t\t<\/div>\n\t\t\t\t<\/div>\n\t\t\t\t<div class=\"elementor-element elementor-element-4dd4c94 elementor-widget elementor-widget-text-editor\" data-id=\"4dd4c94\" data-element_type=\"widget\" data-widget_type=\"text-editor.default\">\n\t\t\t\t<div class=\"elementor-widget-container\">\n\t\t\t\t\t\t\t<p>\u00a0 \u00a0 \u00a0 \u00a0 \u00a0 Chaque ann\u00e9e, l'Union des Barreaux de Turquie publie un tarif des honoraires minimaux des avocats. Un avocat ne peut pas fixer des honoraires inf\u00e9rieurs \u00e0 ce tarif pour repr\u00e9senter un client dans une proc\u00e9dure. Les honoraires d'avocat pour une proc\u00e9dure de reconnaissance et d'exequatur peuvent \u00eatre sup\u00e9rieurs au tarif minimal. Au cabinet d'avocats Kur\u00e7alo\u011flu, nous d\u00e9fendons rigoureusement vos droits et vos int\u00e9r\u00eats juridiques dans vos affaires, et nous veillons \u00e0 ce que vous receviez pleinement la valeur de vos honoraires d'avocat.<\/p>\t\t\t\t\t\t<\/div>\n\t\t\t\t<\/div>\n\t\t\t\t\t<\/div>\n\t\t<\/div>\n\t\t\t\t\t<\/div>\n\t\t<\/section>\n\t\t\t\t<section class=\"elementor-section elementor-top-section elementor-element elementor-element-df31758 elementor-section-boxed elementor-section-height-default elementor-section-height-default\" data-id=\"df31758\" data-element_type=\"section\">\n\t\t\t\t\t\t<div class=\"elementor-container elementor-column-gap-default\">\n\t\t\t\t\t<div class=\"elementor-column elementor-col-100 elementor-top-column elementor-element elementor-element-b2b13f9\" data-id=\"b2b13f9\" data-element_type=\"column\">\n\t\t\t<div class=\"elementor-widget-wrap\">\n\t\t\t\t\t\t\t<\/div>\n\t\t<\/div>\n\t\t\t\t\t<\/div>\n\t\t<\/section>\n\t\t\t\t<\/div>","protected":false},"excerpt":{"rendered":"<p>Tan\u0131ma Tenfiz Davas\u0131 Yurtd\u0131\u015f\u0131 Bo\u015fanmalar\u0131nda A\u00e7\u0131lmas\u0131 Gereken Dava Nedir? \u00a0\u00a0 \u00a0 \u00a0 \u00a0 \u00a0 Kural olarak her devletin mahkemeleri taraf\u0131ndan verilen kararlar sadece kendi \u00fclkelerinde h\u00fck\u00fcm ve sonu\u00e7 do\u011fururlar. Devletlerin yarg\u0131 egemenli\u011fi ve ba\u011f\u0131ms\u0131zl\u0131\u011f\u0131 bunu gerektirir. Devletler yarg\u0131 egemenliklerini kendi \u00fclkelerinde kullan\u0131rlar ve milletleraras\u0131 antla\u015fmalarda aksi \u00f6ng\u00f6r\u00fclm\u00fc\u015f olmad\u0131k\u00e7a, yarg\u0131 g\u00fc\u00e7lerini ba\u015fka \u00fclkelere kar\u015f\u0131 geni\u015fletemizler. Bu&#8230;<\/p>","protected":false},"author":2,"featured_media":0,"comment_status":"open","ping_status":"open","sticky":false,"template":"elementor_header_footer","format":"standard","meta":{"footnotes":""},"categories":[648,655],"tags":[661,670,674,697,699,698,701,667,678,673,659,679,656,676,681,671,680,657,672,663,664,662,665,669,675,660,694,696,693,695,700,666,677,658,668],"yoast_head":"<!-- This site is optimized with the Yoast SEO plugin v22.8 - https:\/\/yoast.com\/wordpress\/plugins\/seo\/ -->\n<title>Tan\u0131ma Tenfiz Davas\u0131 - Kur&ccedil;alo\u011flu Hukuk &amp; Partners<\/title>\n<meta name=\"description\" content=\"Yurt d\u0131\u015f\u0131nda al\u0131nan\u00a0bo\u015fanma karar\u0131n\u0131n, tan\u0131ma tenfiz davas\u0131 ile \u00fclkemizde tan\u0131nmas\u0131 ad\u0131na a\u00e7\u0131lan bir davad\u0131r.\" \/>\n<meta name=\"robots\" content=\"index, follow, max-snippet:-1, max-image-preview:large, max-video-preview:-1\" \/>\n<link rel=\"canonical\" href=\"https:\/\/kurcaloglu.com\/fr\/tanima-tenfiz-davasi-nedir\/\" \/>\n<meta property=\"og:locale\" content=\"fr_FR\" \/>\n<meta property=\"og:type\" content=\"article\" \/>\n<meta property=\"og:title\" content=\"Tan\u0131ma Tenfiz Davas\u0131 - Kur&ccedil;alo\u011flu Hukuk &amp; Partners\" \/>\n<meta property=\"og:description\" content=\"Yurt d\u0131\u015f\u0131nda al\u0131nan\u00a0bo\u015fanma karar\u0131n\u0131n, tan\u0131ma tenfiz davas\u0131 ile \u00fclkemizde tan\u0131nmas\u0131 ad\u0131na a\u00e7\u0131lan bir davad\u0131r.\" \/>\n<meta property=\"og:url\" content=\"https:\/\/kurcaloglu.com\/fr\/tanima-tenfiz-davasi-nedir\/\" \/>\n<meta property=\"og:site_name\" content=\"Kur&ccedil;alo\u011flu Hukuk &amp; Partners\" \/>\n<meta property=\"article:publisher\" content=\"https:\/\/www.facebook.com\/profile.php?id=100090344741598\" \/>\n<meta property=\"article:published_time\" content=\"2022-09-20T01:35:28+00:00\" \/>\n<meta property=\"article:modified_time\" content=\"2024-08-16T12:58:12+00:00\" \/>\n<meta property=\"og:image\" content=\"https:\/\/kurcaloglu.com\/wp-content\/uploads\/2022\/09\/tanima-tenfiz-davasi.jpg.webp\" \/>\n<meta name=\"author\" content=\"Av. Burak Kur\u00e7alo\u011flu\" \/>\n<meta name=\"twitter:card\" content=\"summary_large_image\" \/>\n<meta name=\"twitter:creator\" content=\"@KurcalogluHukuk\" \/>\n<meta name=\"twitter:site\" content=\"@KurcalogluHukuk\" \/>\n<meta name=\"twitter:label1\" content=\"\u00c9crit par\" \/>\n\t<meta name=\"twitter:data1\" content=\"Av. Burak Kur\u00e7alo\u011flu\" \/>\n\t<meta name=\"twitter:label2\" content=\"Dur\u00e9e de lecture estim\u00e9e\" \/>\n\t<meta name=\"twitter:data2\" content=\"12 minutes\" \/>\n<script type=\"application\/ld+json\" class=\"yoast-schema-graph\">{\"@context\":\"https:\/\/schema.org\",\"@graph\":[{\"@type\":\"Article\",\"@id\":\"https:\/\/kurcaloglu.com\/tanima-tenfiz-davasi-nedir\/#article\",\"isPartOf\":{\"@id\":\"https:\/\/kurcaloglu.com\/tanima-tenfiz-davasi-nedir\/\"},\"author\":{\"name\":\"Av. Burak Kur\u00e7alo\u011flu\",\"@id\":\"https:\/\/kurcaloglu.com\/#\/schema\/person\/ddf08f3097e8bd7d3be1a8c42e2b7d4d\"},\"headline\":\"Tan\u0131ma Tenfiz Davas\u0131\",\"datePublished\":\"2022-09-20T01:35:28+00:00\",\"dateModified\":\"2024-08-16T12:58:12+00:00\",\"mainEntityOfPage\":{\"@id\":\"https:\/\/kurcaloglu.com\/tanima-tenfiz-davasi-nedir\/\"},\"wordCount\":2586,\"commentCount\":0,\"publisher\":{\"@id\":\"https:\/\/kurcaloglu.com\/#organization\"},\"image\":{\"@id\":\"https:\/\/kurcaloglu.com\/tanima-tenfiz-davasi-nedir\/#primaryimage\"},\"thumbnailUrl\":\"https:\/\/kurcaloglu.com\/wp-content\/uploads\/2022\/09\/tanima-tenfiz-davasi.jpg.webp\",\"keywords\":[\"Bo\u015fanma karar\u0131 i\u00e7in Tan\u0131ma m\u0131 Tenfiz mi A\u00e7\u0131l\u0131r?\",\"Bo\u015fanma Tan\u0131ma Tenfiz Davas\u0131 Ne Zaman A\u00e7\u0131lmal\u0131d\u0131r?\",\"Hangi \u00dclkelerin Mahkeme Kararlar\u0131yla Tan\u0131ma\",\"\u0130stanbul Aile Hukuku &amp; Bo\u015fanma Avukat\u0131\",\"\u0130stanbul Aile Hukuku Avukat\u0131\",\"\u0130stanbul Bo\u015fanma Avukat\u0131\",\"\u0130stanbul Hukuk B\u00fcrosu\",\"\u0130stanbul Tan\u0131ma ve Tenfiz Davas\u0131\",\"Mahkeme karar\u0131n\u0131n kesinle\u015fme \u015ferhinin asl\u0131\",\"Miras\u00e7\u0131lar Tan\u0131ma Tenfiz Davas\u0131 A\u00e7abilirmi?\",\"Tan\u0131ma Davas\u0131 Nedir?\",\"Tan\u0131ma Tenfiz Belgelerinin \u00c7evirisi\",\"Tan\u0131ma Tenfiz Davas\u0131\",\"Tan\u0131ma Tenfiz Davas\u0131 A\u00e7mak \u0130\u00e7in Gerekli Belgeler Nelerdir?\",\"Tan\u0131ma Tenfiz Davas\u0131 avukatl\u0131k \u00fccretleri ne kadard\u0131r?\",\"Tan\u0131ma Tenfiz Davas\u0131 kime kar\u015f\u0131 a\u00e7\u0131l\u0131r?\",\"Tan\u0131ma Tenfiz Davas\u0131 Ne Kadar S\u00fcrer?\",\"Tan\u0131ma Tenfiz Davas\u0131 Nedir\",\"Tan\u0131ma Tenfiz Davas\u0131n\u0131 Kimler A\u00e7abilir?\",\"Tan\u0131ma Ve Tenfiz Davas\u0131 \u0130\u00e7in Hangi Mahkemeye Ba\u015fvurulur?\",\"Tan\u0131ma ve Tenfiz Davas\u0131 \u0130stanbul\",\"Tan\u0131ma Ve Tenfiz Davas\u0131 Neden Gereklidir?\",\"Tan\u0131ma ve Tenfiz Davas\u0131 T\u00fcrkiye\",\"Tan\u0131ma ve Tenfiz Davas\u0131 Yurtd\u0131\u015f\u0131\",\"Tenfiz Davas\u0131 A\u00e7\u0131labilir?\",\"Tenfiz Davas\u0131 Nedir ?\",\"T\u00fcrkiye Aile Hukuku Avukat\u0131\",\"T\u00fcrkiye Aile Hukuku Ve Bo\u015fanma Avukat\u0131\",\"T\u00fcrkiye Avukat\",\"T\u00fcrkiye Bo\u015fanma Avukat\u0131\",\"T\u00fcrkiye Hukuk B\u00fcrosu\",\"T\u00fcrkiye Tan\u0131ma ve Tenfiz Davas\u0131\",\"Yurt d\u0131\u015f\u0131nda bo\u015fan\u0131ld\u0131\u011f\u0131na dair al\u0131nm\u0131\u015f mahkeme karar\u0131\",\"Yurtd\u0131\u015f\u0131 Bo\u015fanmalar\u0131nda A\u00e7\u0131lmas\u0131 Gereken Dava Nedir?\",\"Yurtd\u0131\u015f\u0131 Tan\u0131ma ve Tenfiz Davas\u0131\"],\"articleSection\":[\"Makaleler Aile ve Bo\u015fanma Hukuku\",\"Makaleler B\u00fct\u00fcn Kategoriler\"],\"inLanguage\":\"fr-FR\",\"potentialAction\":[{\"@type\":\"CommentAction\",\"name\":\"Comment\",\"target\":[\"https:\/\/kurcaloglu.com\/tanima-tenfiz-davasi-nedir\/#respond\"]}]},{\"@type\":\"WebPage\",\"@id\":\"https:\/\/kurcaloglu.com\/tanima-tenfiz-davasi-nedir\/\",\"url\":\"https:\/\/kurcaloglu.com\/tanima-tenfiz-davasi-nedir\/\",\"name\":\"Tan\u0131ma Tenfiz Davas\u0131 - Kur&ccedil;alo\u011flu Hukuk &amp; Partners\",\"isPartOf\":{\"@id\":\"https:\/\/kurcaloglu.com\/#website\"},\"primaryImageOfPage\":{\"@id\":\"https:\/\/kurcaloglu.com\/tanima-tenfiz-davasi-nedir\/#primaryimage\"},\"image\":{\"@id\":\"https:\/\/kurcaloglu.com\/tanima-tenfiz-davasi-nedir\/#primaryimage\"},\"thumbnailUrl\":\"https:\/\/kurcaloglu.com\/wp-content\/uploads\/2022\/09\/tanima-tenfiz-davasi.jpg.webp\",\"datePublished\":\"2022-09-20T01:35:28+00:00\",\"dateModified\":\"2024-08-16T12:58:12+00:00\",\"description\":\"Yurt d\u0131\u015f\u0131nda al\u0131nan\u00a0bo\u015fanma karar\u0131n\u0131n, tan\u0131ma tenfiz davas\u0131 ile \u00fclkemizde tan\u0131nmas\u0131 ad\u0131na a\u00e7\u0131lan bir davad\u0131r.\",\"breadcrumb\":{\"@id\":\"https:\/\/kurcaloglu.com\/tanima-tenfiz-davasi-nedir\/#breadcrumb\"},\"inLanguage\":\"fr-FR\",\"potentialAction\":[{\"@type\":\"ReadAction\",\"target\":[\"https:\/\/kurcaloglu.com\/tanima-tenfiz-davasi-nedir\/\"]}]},{\"@type\":\"ImageObject\",\"inLanguage\":\"fr-FR\",\"@id\":\"https:\/\/kurcaloglu.com\/tanima-tenfiz-davasi-nedir\/#primaryimage\",\"url\":\"https:\/\/kurcaloglu.com\/wp-content\/uploads\/2022\/09\/tanima-tenfiz-davasi.jpg.webp\",\"contentUrl\":\"https:\/\/kurcaloglu.com\/wp-content\/uploads\/2022\/09\/tanima-tenfiz-davasi.jpg.webp\"},{\"@type\":\"BreadcrumbList\",\"@id\":\"https:\/\/kurcaloglu.com\/tanima-tenfiz-davasi-nedir\/#breadcrumb\",\"itemListElement\":[{\"@type\":\"ListItem\",\"position\":1,\"name\":\"Anasayfa\",\"item\":\"https:\/\/kurcaloglu.com\/\"},{\"@type\":\"ListItem\",\"position\":2,\"name\":\"Tan\u0131ma Tenfiz Davas\u0131\"}]},{\"@type\":\"WebSite\",\"@id\":\"https:\/\/kurcaloglu.com\/#website\",\"url\":\"https:\/\/kurcaloglu.com\/\",\"name\":\"Kur\u00e7alo\u011flu Hukuk & Partners\",\"description\":\"Ceza hukuku- \u0130cra iflas hukuku, Miras hukuku, Bo\u015fanma hukuk, \u0130\u015f hukuku\",\"publisher\":{\"@id\":\"https:\/\/kurcaloglu.com\/#organization\"},\"alternateName\":\"Kur\u00e7alo\u011flu Hukuk & Partners\",\"potentialAction\":[{\"@type\":\"SearchAction\",\"target\":{\"@type\":\"EntryPoint\",\"urlTemplate\":\"https:\/\/kurcaloglu.com\/?s={search_term_string}\"},\"query-input\":\"required name=search_term_string\"}],\"inLanguage\":\"fr-FR\"},{\"@type\":\"Organization\",\"@id\":\"https:\/\/kurcaloglu.com\/#organization\",\"name\":\"Kur\u00e7alo\u011flu Hukuk & Partners\",\"alternateName\":\"Kur\u00e7alo\u011flu Hukuk & Partners\",\"url\":\"https:\/\/kurcaloglu.com\/\",\"logo\":{\"@type\":\"ImageObject\",\"inLanguage\":\"fr-FR\",\"@id\":\"https:\/\/kurcaloglu.com\/#\/schema\/logo\/image\/\",\"url\":\"https:\/\/kurcaloglu.com\/wp-content\/uploads\/2022\/04\/cropped-cropped-cropped-Adsiz-tasarim-1-2-1.png\",\"contentUrl\":\"https:\/\/kurcaloglu.com\/wp-content\/uploads\/2022\/04\/cropped-cropped-cropped-Adsiz-tasarim-1-2-1.png\",\"width\":245,\"height\":65,\"caption\":\"Kur\u00e7alo\u011flu Hukuk & Partners\"},\"image\":{\"@id\":\"https:\/\/kurcaloglu.com\/#\/schema\/logo\/image\/\"},\"sameAs\":[\"https:\/\/www.facebook.com\/profile.php?id=100090344741598\",\"https:\/\/x.com\/KurcalogluHukuk\",\"https:\/\/www.facebook.com\/kurcalogluhukuk&partners\",\"https:\/\/www.instagram.com\/kurcalogluhukuk&Partners\/?hl=tr\"]},{\"@type\":\"Person\",\"@id\":\"https:\/\/kurcaloglu.com\/#\/schema\/person\/ddf08f3097e8bd7d3be1a8c42e2b7d4d\",\"name\":\"Av. Burak Kur\u00e7alo\u011flu\",\"image\":{\"@type\":\"ImageObject\",\"inLanguage\":\"fr-FR\",\"@id\":\"https:\/\/kurcaloglu.com\/#\/schema\/person\/image\/\",\"url\":\"https:\/\/secure.gravatar.com\/avatar\/4309b5148d08c537eb76f3942b5a6258?s=96&d=mm&r=g\",\"contentUrl\":\"https:\/\/secure.gravatar.com\/avatar\/4309b5148d08c537eb76f3942b5a6258?s=96&d=mm&r=g\",\"caption\":\"Av. Burak Kur\u00e7alo\u011flu\"},\"url\":\"https:\/\/kurcaloglu.com\/fr\/author\/av-burak-kurcaloglu\/\"}]}<\/script>\n<!-- \/ Yoast SEO plugin. -->","yoast_head_json":{"title":"Tan\u0131ma Tenfiz Davas\u0131 - Kur&ccedil;alo\u011flu Hukuk &amp; Partners","description":"Yurt d\u0131\u015f\u0131nda al\u0131nan\u00a0bo\u015fanma karar\u0131n\u0131n, tan\u0131ma tenfiz davas\u0131 ile \u00fclkemizde tan\u0131nmas\u0131 ad\u0131na a\u00e7\u0131lan bir davad\u0131r.","robots":{"index":"index","follow":"follow","max-snippet":"max-snippet:-1","max-image-preview":"max-image-preview:large","max-video-preview":"max-video-preview:-1"},"canonical":"https:\/\/kurcaloglu.com\/fr\/tanima-tenfiz-davasi-nedir\/","og_locale":"fr_FR","og_type":"article","og_title":"Tan\u0131ma Tenfiz Davas\u0131 - Kur&ccedil;alo\u011flu Hukuk &amp; Partners","og_description":"Yurt d\u0131\u015f\u0131nda al\u0131nan\u00a0bo\u015fanma karar\u0131n\u0131n, tan\u0131ma tenfiz davas\u0131 ile \u00fclkemizde tan\u0131nmas\u0131 ad\u0131na a\u00e7\u0131lan bir davad\u0131r.","og_url":"https:\/\/kurcaloglu.com\/fr\/tanima-tenfiz-davasi-nedir\/","og_site_name":"Kur&ccedil;alo\u011flu Hukuk &amp; Partners","article_publisher":"https:\/\/www.facebook.com\/profile.php?id=100090344741598","article_published_time":"2022-09-20T01:35:28+00:00","article_modified_time":"2024-08-16T12:58:12+00:00","og_image":[{"url":"https:\/\/kurcaloglu.com\/wp-content\/uploads\/2022\/09\/tanima-tenfiz-davasi.jpg.webp"}],"author":"Av. Burak Kur\u00e7alo\u011flu","twitter_card":"summary_large_image","twitter_creator":"@KurcalogluHukuk","twitter_site":"@KurcalogluHukuk","twitter_misc":{"\u00c9crit par":"Av. Burak Kur\u00e7alo\u011flu","Dur\u00e9e de lecture estim\u00e9e":"12 minutes"},"schema":{"@context":"https:\/\/schema.org","@graph":[{"@type":"Article","@id":"https:\/\/kurcaloglu.com\/tanima-tenfiz-davasi-nedir\/#article","isPartOf":{"@id":"https:\/\/kurcaloglu.com\/tanima-tenfiz-davasi-nedir\/"},"author":{"name":"Av. Burak Kur\u00e7alo\u011flu","@id":"https:\/\/kurcaloglu.com\/#\/schema\/person\/ddf08f3097e8bd7d3be1a8c42e2b7d4d"},"headline":"Tan\u0131ma Tenfiz Davas\u0131","datePublished":"2022-09-20T01:35:28+00:00","dateModified":"2024-08-16T12:58:12+00:00","mainEntityOfPage":{"@id":"https:\/\/kurcaloglu.com\/tanima-tenfiz-davasi-nedir\/"},"wordCount":2586,"commentCount":0,"publisher":{"@id":"https:\/\/kurcaloglu.com\/#organization"},"image":{"@id":"https:\/\/kurcaloglu.com\/tanima-tenfiz-davasi-nedir\/#primaryimage"},"thumbnailUrl":"https:\/\/kurcaloglu.com\/wp-content\/uploads\/2022\/09\/tanima-tenfiz-davasi.jpg.webp","keywords":["Bo\u015fanma karar\u0131 i\u00e7in Tan\u0131ma m\u0131 Tenfiz mi A\u00e7\u0131l\u0131r?","Bo\u015fanma Tan\u0131ma Tenfiz Davas\u0131 Ne Zaman A\u00e7\u0131lmal\u0131d\u0131r?","Hangi \u00dclkelerin Mahkeme Kararlar\u0131yla Tan\u0131ma","\u0130stanbul Aile Hukuku &amp; Bo\u015fanma Avukat\u0131","\u0130stanbul Aile Hukuku Avukat\u0131","\u0130stanbul Bo\u015fanma Avukat\u0131","\u0130stanbul Hukuk B\u00fcrosu","\u0130stanbul Tan\u0131ma ve Tenfiz Davas\u0131","Mahkeme karar\u0131n\u0131n kesinle\u015fme \u015ferhinin asl\u0131","Miras\u00e7\u0131lar Tan\u0131ma Tenfiz Davas\u0131 A\u00e7abilirmi?","Tan\u0131ma Davas\u0131 Nedir?","Tan\u0131ma Tenfiz Belgelerinin \u00c7evirisi","Tan\u0131ma Tenfiz Davas\u0131","Tan\u0131ma Tenfiz Davas\u0131 A\u00e7mak \u0130\u00e7in Gerekli Belgeler Nelerdir?","Tan\u0131ma Tenfiz Davas\u0131 avukatl\u0131k \u00fccretleri ne kadard\u0131r?","Tan\u0131ma Tenfiz Davas\u0131 kime kar\u015f\u0131 a\u00e7\u0131l\u0131r?","Tan\u0131ma Tenfiz Davas\u0131 Ne Kadar S\u00fcrer?","Tan\u0131ma Tenfiz Davas\u0131 Nedir","Tan\u0131ma Tenfiz Davas\u0131n\u0131 Kimler A\u00e7abilir?","Tan\u0131ma Ve Tenfiz Davas\u0131 \u0130\u00e7in Hangi Mahkemeye Ba\u015fvurulur?","Tan\u0131ma ve Tenfiz Davas\u0131 \u0130stanbul","Tan\u0131ma Ve Tenfiz Davas\u0131 Neden Gereklidir?","Tan\u0131ma ve Tenfiz Davas\u0131 T\u00fcrkiye","Tan\u0131ma ve Tenfiz Davas\u0131 Yurtd\u0131\u015f\u0131","Tenfiz Davas\u0131 A\u00e7\u0131labilir?","Tenfiz Davas\u0131 Nedir ?","T\u00fcrkiye Aile Hukuku Avukat\u0131","T\u00fcrkiye Aile Hukuku Ve Bo\u015fanma Avukat\u0131","T\u00fcrkiye Avukat","T\u00fcrkiye Bo\u015fanma Avukat\u0131","T\u00fcrkiye Hukuk B\u00fcrosu","T\u00fcrkiye Tan\u0131ma ve Tenfiz Davas\u0131","Yurt d\u0131\u015f\u0131nda bo\u015fan\u0131ld\u0131\u011f\u0131na dair al\u0131nm\u0131\u015f mahkeme karar\u0131","Yurtd\u0131\u015f\u0131 Bo\u015fanmalar\u0131nda A\u00e7\u0131lmas\u0131 Gereken Dava Nedir?","Yurtd\u0131\u015f\u0131 Tan\u0131ma ve Tenfiz Davas\u0131"],"articleSection":["Makaleler Aile ve Bo\u015fanma Hukuku","Makaleler B\u00fct\u00fcn Kategoriler"],"inLanguage":"fr-FR","potentialAction":[{"@type":"CommentAction","name":"Comment","target":["https:\/\/kurcaloglu.com\/tanima-tenfiz-davasi-nedir\/#respond"]}]},{"@type":"WebPage","@id":"https:\/\/kurcaloglu.com\/tanima-tenfiz-davasi-nedir\/","url":"https:\/\/kurcaloglu.com\/tanima-tenfiz-davasi-nedir\/","name":"Tan\u0131ma Tenfiz Davas\u0131 - Kur&ccedil;alo\u011flu Hukuk &amp; Partners","isPartOf":{"@id":"https:\/\/kurcaloglu.com\/#website"},"primaryImageOfPage":{"@id":"https:\/\/kurcaloglu.com\/tanima-tenfiz-davasi-nedir\/#primaryimage"},"image":{"@id":"https:\/\/kurcaloglu.com\/tanima-tenfiz-davasi-nedir\/#primaryimage"},"thumbnailUrl":"https:\/\/kurcaloglu.com\/wp-content\/uploads\/2022\/09\/tanima-tenfiz-davasi.jpg.webp","datePublished":"2022-09-20T01:35:28+00:00","dateModified":"2024-08-16T12:58:12+00:00","description":"Yurt d\u0131\u015f\u0131nda al\u0131nan\u00a0bo\u015fanma karar\u0131n\u0131n, tan\u0131ma tenfiz davas\u0131 ile \u00fclkemizde tan\u0131nmas\u0131 ad\u0131na a\u00e7\u0131lan bir davad\u0131r.","breadcrumb":{"@id":"https:\/\/kurcaloglu.com\/tanima-tenfiz-davasi-nedir\/#breadcrumb"},"inLanguage":"fr-FR","potentialAction":[{"@type":"ReadAction","target":["https:\/\/kurcaloglu.com\/tanima-tenfiz-davasi-nedir\/"]}]},{"@type":"ImageObject","inLanguage":"fr-FR","@id":"https:\/\/kurcaloglu.com\/tanima-tenfiz-davasi-nedir\/#primaryimage","url":"https:\/\/kurcaloglu.com\/wp-content\/uploads\/2022\/09\/tanima-tenfiz-davasi.jpg.webp","contentUrl":"https:\/\/kurcaloglu.com\/wp-content\/uploads\/2022\/09\/tanima-tenfiz-davasi.jpg.webp"},{"@type":"BreadcrumbList","@id":"https:\/\/kurcaloglu.com\/tanima-tenfiz-davasi-nedir\/#breadcrumb","itemListElement":[{"@type":"ListItem","position":1,"name":"Anasayfa","item":"https:\/\/kurcaloglu.com\/"},{"@type":"ListItem","position":2,"name":"Tan\u0131ma Tenfiz Davas\u0131"}]},{"@type":"WebSite","@id":"https:\/\/kurcaloglu.com\/#website","url":"https:\/\/kurcaloglu.com\/","name":"Kur\u00e7alo\u011flu Hukuk & Partners","description":"Ceza hukuku- \u0130cra iflas hukuku, Miras hukuku, Bo\u015fanma hukuk, \u0130\u015f hukuku","publisher":{"@id":"https:\/\/kurcaloglu.com\/#organization"},"alternateName":"Kur\u00e7alo\u011flu Hukuk & Partners","potentialAction":[{"@type":"SearchAction","target":{"@type":"EntryPoint","urlTemplate":"https:\/\/kurcaloglu.com\/?s={search_term_string}"},"query-input":"required name=search_term_string"}],"inLanguage":"fr-FR"},{"@type":"Organization","@id":"https:\/\/kurcaloglu.com\/#organization","name":"Kur\u00e7alo\u011flu Hukuk & Partners","alternateName":"Kur\u00e7alo\u011flu Hukuk & Partners","url":"https:\/\/kurcaloglu.com\/","logo":{"@type":"ImageObject","inLanguage":"fr-FR","@id":"https:\/\/kurcaloglu.com\/#\/schema\/logo\/image\/","url":"https:\/\/kurcaloglu.com\/wp-content\/uploads\/2022\/04\/cropped-cropped-cropped-Adsiz-tasarim-1-2-1.png","contentUrl":"https:\/\/kurcaloglu.com\/wp-content\/uploads\/2022\/04\/cropped-cropped-cropped-Adsiz-tasarim-1-2-1.png","width":245,"height":65,"caption":"Kur\u00e7alo\u011flu Hukuk & Partners"},"image":{"@id":"https:\/\/kurcaloglu.com\/#\/schema\/logo\/image\/"},"sameAs":["https:\/\/www.facebook.com\/profile.php?id=100090344741598","https:\/\/x.com\/KurcalogluHukuk","https:\/\/www.facebook.com\/kurcalogluhukuk&partners","https:\/\/www.instagram.com\/kurcalogluhukuk&Partners\/?hl=tr"]},{"@type":"Person","@id":"https:\/\/kurcaloglu.com\/#\/schema\/person\/ddf08f3097e8bd7d3be1a8c42e2b7d4d","name":"Av. Burak Kur\u00e7alo\u011flu","image":{"@type":"ImageObject","inLanguage":"fr-FR","@id":"https:\/\/kurcaloglu.com\/#\/schema\/person\/image\/","url":"https:\/\/secure.gravatar.com\/avatar\/4309b5148d08c537eb76f3942b5a6258?s=96&d=mm&r=g","contentUrl":"https:\/\/secure.gravatar.com\/avatar\/4309b5148d08c537eb76f3942b5a6258?s=96&d=mm&r=g","caption":"Av. Burak Kur\u00e7alo\u011flu"},"url":"https:\/\/kurcaloglu.com\/fr\/author\/av-burak-kurcaloglu\/"}]}},"_links":{"self":[{"href":"https:\/\/kurcaloglu.com\/fr\/wp-json\/wp\/v2\/posts\/13939"}],"collection":[{"href":"https:\/\/kurcaloglu.com\/fr\/wp-json\/wp\/v2\/posts"}],"about":[{"href":"https:\/\/kurcaloglu.com\/fr\/wp-json\/wp\/v2\/types\/post"}],"author":[{"embeddable":true,"href":"https:\/\/kurcaloglu.com\/fr\/wp-json\/wp\/v2\/users\/2"}],"replies":[{"embeddable":true,"href":"https:\/\/kurcaloglu.com\/fr\/wp-json\/wp\/v2\/comments?post=13939"}],"version-history":[{"count":56,"href":"https:\/\/kurcaloglu.com\/fr\/wp-json\/wp\/v2\/posts\/13939\/revisions"}],"predecessor-version":[{"id":16609,"href":"https:\/\/kurcaloglu.com\/fr\/wp-json\/wp\/v2\/posts\/13939\/revisions\/16609"}],"wp:attachment":[{"href":"https:\/\/kurcaloglu.com\/fr\/wp-json\/wp\/v2\/media?parent=13939"}],"wp:term":[{"taxonomy":"category","embeddable":true,"href":"https:\/\/kurcaloglu.com\/fr\/wp-json\/wp\/v2\/categories?post=13939"},{"taxonomy":"post_tag","embeddable":true,"href":"https:\/\/kurcaloglu.com\/fr\/wp-json\/wp\/v2\/tags?post=13939"}],"curies":[{"name":"wp","href":"https:\/\/api.w.org\/{rel}","templated":true}]}}