{"id":14164,"date":"2022-09-24T22:58:52","date_gmt":"2022-09-24T19:58:52","guid":{"rendered":"https:\/\/kurcaloglu.com\/?p=14164"},"modified":"2022-10-19T21:19:19","modified_gmt":"2022-10-19T18:19:19","slug":"yargitay-12-hd-e-2012-5967-k-2012-24221","status":"publish","type":"post","link":"https:\/\/kurcaloglu.com\/fr\/yargitay-12-hd-e-2012-5967-k-2012-24221\/","title":{"rendered":"Yarg\u0131tay 12. HD., E.2012\/5967, K.2012\/24221;"},"content":{"rendered":"<div data-elementor-type=\"wp-post\" data-elementor-id=\"14164\" class=\"elementor elementor-14164\">\n\t\t\t\t\t\t<section class=\"elementor-section elementor-top-section elementor-element elementor-element-4994fc2 elementor-section-boxed elementor-section-height-default elementor-section-height-default\" data-id=\"4994fc2\" data-element_type=\"section\">\n\t\t\t\t\t\t<div class=\"elementor-container elementor-column-gap-default\">\n\t\t\t\t\t<div class=\"elementor-column elementor-col-100 elementor-top-column elementor-element elementor-element-702a3b1\" data-id=\"702a3b1\" data-element_type=\"column\">\n\t\t\t<div class=\"elementor-widget-wrap\">\n\t\t\t\t\t\t\t<\/div>\n\t\t<\/div>\n\t\t\t\t\t<\/div>\n\t\t<\/section>\n\t\t\t\t<section class=\"elementor-section elementor-top-section elementor-element elementor-element-fb30ae8 elementor-section-boxed elementor-section-height-default elementor-section-height-default\" data-id=\"fb30ae8\" data-element_type=\"section\">\n\t\t\t\t\t\t<div class=\"elementor-container elementor-column-gap-default\">\n\t\t\t\t\t<div class=\"elementor-column elementor-col-100 elementor-top-column elementor-element elementor-element-5a1d54d\" data-id=\"5a1d54d\" data-element_type=\"column\">\n\t\t\t<div class=\"elementor-widget-wrap\">\n\t\t\t\t\t\t\t<\/div>\n\t\t<\/div>\n\t\t\t\t\t<\/div>\n\t\t<\/section>\n\t\t\t\t<section class=\"elementor-section elementor-top-section elementor-element elementor-element-20fc5f0 elementor-section-boxed elementor-section-height-default elementor-section-height-default\" data-id=\"20fc5f0\" data-element_type=\"section\">\n\t\t\t\t\t\t<div class=\"elementor-container elementor-column-gap-default\">\n\t\t\t\t\t<div class=\"elementor-column elementor-col-100 elementor-top-column elementor-element elementor-element-16f5f0d\" data-id=\"16f5f0d\" data-element_type=\"column\">\n\t\t\t<div class=\"elementor-widget-wrap elementor-element-populated\">\n\t\t\t\t\t\t<div class=\"elementor-element elementor-element-f21144f elementor-widget elementor-widget-spacer\" data-id=\"f21144f\" data-element_type=\"widget\" data-widget_type=\"spacer.default\">\n\t\t\t\t<div class=\"elementor-widget-container\">\n\t\t\t\t\t<div class=\"elementor-spacer\">\n\t\t\t<div class=\"elementor-spacer-inner\"><\/div>\n\t\t<\/div>\n\t\t\t\t<\/div>\n\t\t\t\t<\/div>\n\t\t\t\t\t<\/div>\n\t\t<\/div>\n\t\t\t\t\t<\/div>\n\t\t<\/section>\n\t\t\t\t<section class=\"elementor-section elementor-top-section elementor-element elementor-element-ac5d361 elementor-section-boxed elementor-section-height-default elementor-section-height-default\" data-id=\"ac5d361\" data-element_type=\"section\" data-settings=\"{&quot;background_background&quot;:&quot;classic&quot;}\">\n\t\t\t\t\t\t<div class=\"elementor-container elementor-column-gap-default\">\n\t\t\t\t\t<div class=\"elementor-column elementor-col-100 elementor-top-column elementor-element elementor-element-0f4baea\" data-id=\"0f4baea\" data-element_type=\"column\">\n\t\t\t<div class=\"elementor-widget-wrap elementor-element-populated\">\n\t\t\t\t\t\t<div class=\"elementor-element elementor-element-cba3f78 elementor-widget elementor-widget-image\" data-id=\"cba3f78\" data-element_type=\"widget\" data-widget_type=\"image.default\">\n\t\t\t\t<div class=\"elementor-widget-container\">\n\t\t\t\t\t\t\t\t\t\t\t\t\t<img fetchpriority=\"high\" decoding=\"async\" width=\"512\" height=\"512\" src=\"https:\/\/kurcaloglu.com\/wp-content\/uploads\/2022\/05\/Yargitay.png\" class=\"attachment-large size-large wp-image-10355\" alt=\"\" srcset=\"https:\/\/kurcaloglu.com\/wp-content\/uploads\/2022\/05\/Yargitay.png 512w, https:\/\/kurcaloglu.com\/wp-content\/uploads\/2022\/05\/Yargitay-300x300.png 300w, https:\/\/kurcaloglu.com\/wp-content\/uploads\/2022\/05\/Yargitay-150x150.png 150w\" sizes=\"(max-width: 512px) 100vw, 512px\" \/>\t\t\t\t\t\t\t\t\t\t\t\t\t<\/div>\n\t\t\t\t<\/div>\n\t\t\t\t<div class=\"elementor-element elementor-element-f63b297 elementor-widget elementor-widget-heading\" data-id=\"f63b297\" data-element_type=\"widget\" data-widget_type=\"heading.default\">\n\t\t\t\t<div class=\"elementor-widget-container\">\n\t\t\t<h1 class=\"elementor-heading-title elementor-size-default\"><b>Yarg\u0131tay 12. HD., E.2012\/5967, K.2012\/24221;<\/b><\/h1>\t\t<\/div>\n\t\t\t\t<\/div>\n\t\t\t\t<div class=\"elementor-element elementor-element-fe5e712 elementor-widget elementor-widget-heading\" data-id=\"fe5e712\" data-element_type=\"widget\" data-widget_type=\"heading.default\">\n\t\t\t\t<div class=\"elementor-widget-container\">\n\t\t\t<h2 class=\"elementor-heading-title elementor-size-default\"><br>Kambiyo senedinin ke\u015fideci b\u00f6l\u00fcm\u00fcnde;\n\u015firket ka\u015fesi \u00fczerine at\u0131lan imza \u015e\u0130RKET\u0130,\nka\u015fe d\u0131\u015f\u0131na at\u0131lan imza ise \n\u0130MZA SAH\u0130B\u0130N\u0130 sorumlu k\u0131lar.\n<br>\n<\/h2>\t\t<\/div>\n\t\t\t\t<\/div>\n\t\t\t\t<div class=\"elementor-element elementor-element-c391478 elementor-widget elementor-widget-text-editor\" data-id=\"c391478\" data-element_type=\"widget\" data-widget_type=\"text-editor.default\">\n\t\t\t\t<div class=\"elementor-widget-container\">\n\t\t\t\t\t\t\t<h4>\u00a0<\/h4><h4>\u00a0<\/h4><h4>T.C YARGITAY<br \/>12.Hukuk Dairesi<br \/>Esas: 2012\/ 5967<br \/>Karar: 2012 \/ 24221<br \/>Karar Tarihi: 12.07.2012<\/h4><div>\u00a0<\/div><div>\u00a0<\/div><h4>\u00d6ZET:<\/h4><h5><span id=\"frmYuksekMahkemeDetay:ymtOzet\">Somut olayda 26.12.2008 tanzim, 30.9.2009 vade, &#8230;. TL miktarl\u0131 bono d\u0131\u015f\u0131ndaki bonolarda ke\u015fide yerinde her iki imzan\u0131n da \u015firket ka\u015fesi \u00fczerine at\u0131l\u0131 oldu\u011fu g\u00f6r\u00fclmektedir. Senedin ke\u015fideci b\u00f6l\u00fcm\u00fcnde \u015firket ve \u015firket temsilcisinin (ayn\u0131 ki\u015finin) elinden \u00e7\u0131km\u0131\u015f iki imzas\u0131n\u0131n bulunmas\u0131 halinde ve imzalayan\u0131n \u015firket temsilcisi olmas\u0131 durumunda imzalardan \u015firket ka\u015fesi \u00fczerine at\u0131lan\u0131n \u015firketi, a\u00e7\u0131\u011fa at\u0131lan di\u011fer imzan\u0131n da imza sahibinin \u015fahs\u0131 ad\u0131na at\u0131lm\u0131\u015f oldu\u011funun kabul\u00fc zorunludur. Bu durumda 26.12.2008 tanzim, 30.9.2009 vade, 2.780 TL miktarl\u0131 bono d\u0131\u015f\u0131ndaki bonolar y\u00f6n\u00fcnden takibin iptaline karar verilmesi gerekirken aval s\u0131fat\u0131yla imzas\u0131 bulunan \u015firket yetkilisini \u015fahsen sorumlu tutacak \u015fekilde yaz\u0131l\u0131 gerek\u00e7eyle h\u00fck\u00fcm tesisi isabetsizdir.<\/span><\/h5><div>\u00a0<\/div><div><h5>(6762 S. K. m. 589, 688, 613, 614, 690) (YHGK. 05.10.2011 T. 2011\/12-480 E. 2011\/598 K.)<br \/>Dava: Yukar\u0131da tarih ve numaras\u0131 yaz\u0131l\u0131 mahkeme karar\u0131n\u0131n m\u00fcddeti i\u00e7inde temyizen tetkiki bor\u00e7lu taraf\u0131ndan istenmesi \u00fczerine bu i\u015fle ilgili dosya mahallinden daireye g\u00f6nderilmi\u015f olup, dava dosyas\u0131 i\u00e7in Tetkik Hakimi N. Y. T. taraf\u0131ndan d\u00fczenlenen rapor dinlendikten ve dosya i\u00e7erisindeki t\u00fcm belgeler okunup incelendikten sonra i\u015fin gere\u011fi d\u00fc\u015f\u00fcn\u00fcld\u00fc:<br \/>Karar: Sair temyiz itirazlar\u0131, yerinde de\u011fil ise de;<br \/>T.T.K.nun 688\/7. maddesi gere\u011fince, takip konusu belgenin kambiyo vasf\u0131n\u0131 ta\u015f\u0131mas\u0131 i\u00e7in senedi tanzim edenin imzas\u0131n\u0131 ihtiva etmesi zorunludur. An\u0131lan maddede sorumluluk i\u00e7in sadece imzadan s\u00f6z edilmi\u015f, birden fazla imzan\u0131n bulunmas\u0131 ko\u015ful olarak kabul edilmemi\u015ftir. T.T.K.nun 690. maddesi g\u00f6ndermesiyle bonolar hakk\u0131nda da uygulanmas\u0131 gereken 589. maddesi gere\u011fince \u015firketin m\u00fcnferiden temsile yetkili temsilcinin \u015firket ka\u015fesi d\u0131\u015f\u0131nda senet \u00fczerine atm\u0131\u015f oldu\u011fu imza bizatihi kendisini sorumlu k\u0131lar. Yine T.T.K.nun 690. maddesi g\u00f6ndermesiyle bonolar hakk\u0131nda da uygulanmas\u0131 gereken ayn\u0131 kanunun 613 ve 614\/1. maddeleri gere\u011fince, ke\u015fideci imzas\u0131 d\u0131\u015f\u0131nda bononun \u00f6n y\u00fcz\u00fcne konulan her imza aval \u015ferhi say\u0131l\u0131r. Aval i\u00e7in sadece imza yeterli olup, ayr\u0131ca ad ve soyad\u0131n\u0131n yaz\u0131lmas\u0131 gerekli de\u011fildir.<br \/>Bu a\u00e7\u0131klamalar \u0131\u015f\u0131\u011f\u0131nda sorumluluk do\u011fmas\u0131 i\u00e7in ke\u015fidecinin ataca\u011f\u0131 tek imza yeterli olup, bononun \u00f6n y\u00fcz\u00fcndeki 2. imzan\u0131n at\u0131lmas\u0131 zorunlulu\u011fu olmad\u0131\u011f\u0131ndan \u015firket ka\u015fesi d\u0131\u015f\u0131na at\u0131lan imza aval olarak de\u011ferlendirilir (HGK.nun 5.10.2011 tarih ve 2011\/12-480 Say\u0131l\u0131 karar\u0131).<br \/>Somut olayda 26.12.2008 tanzim, 30.9.2009 vade, 2.780 TL miktarl\u0131 bono d\u0131\u015f\u0131ndaki bonolarda ke\u015fide yerinde her iki imzan\u0131n da \u015firket ka\u015fesi \u00fczerine at\u0131l\u0131 oldu\u011fu g\u00f6r\u00fclmektedir.<br \/>Dosyada mevcut 17.4.2008 tarih ve 3129 yevmiye numaral\u0131 K\u0131r\u0131kkale 2. Noterli\u011fince d\u00fczenlenmi\u015f imza sirk\u00fclerinin incelenmesinde; senetlerin tanzim tarihi itibariyle Hakan T.&#8217;un bor\u00e7lu \u015firketi m\u00fcnferiden temsile yetkili oldu\u011fu g\u00f6r\u00fclmektedir.<br \/>Senedin ke\u015fideci b\u00f6l\u00fcm\u00fcnde \u015firket ve \u015firket temsilcisinin (ayn\u0131 ki\u015finin) elinden \u00e7\u0131km\u0131\u015f iki imzas\u0131n\u0131n bulunmas\u0131 halinde ve imzalayan\u0131n \u015firket temsilcisi olmas\u0131 durumunda imzalardan \u015firket ka\u015fesi \u00fczerine at\u0131lan\u0131n \u015firketi, a\u00e7\u0131\u011fa at\u0131lan di\u011fer imzan\u0131n da imza sahibinin \u015fahs\u0131 ad\u0131na at\u0131lm\u0131\u015f oldu\u011funun kabul\u00fc zorunludur.<\/h5><h5>Bu durumda 26.12.2008 tanzim, 30.9.2009 vade, 2.780 TL miktarl\u0131 bono d\u0131\u015f\u0131ndaki bonolar y\u00f6n\u00fcnden takibin iptaline karar verilmesi gerekirken aval s\u0131fat\u0131yla imzas\u0131 bulunan \u015firket yetkilisini \u015fahsen sorumlu tutacak \u015fekilde yaz\u0131l\u0131 gerek\u00e7eyle h\u00fck\u00fcm tesisi isabetsizdir.<\/h5><\/div>\t\t\t\t\t\t<\/div>\n\t\t\t\t<\/div>\n\t\t\t\t<div class=\"elementor-element elementor-element-2e2fcaa elementor-widget elementor-widget-heading\" data-id=\"2e2fcaa\" data-element_type=\"widget\" data-widget_type=\"heading.default\">\n\t\t\t\t<div class=\"elementor-widget-container\">\n\t\t\t<h3 class=\"elementor-heading-title elementor-size-default\">Sonu\u00e7:<\/h3>\t\t<\/div>\n\t\t\t\t<\/div>\n\t\t\t\t<div class=\"elementor-element elementor-element-f2ce1be elementor-widget elementor-widget-text-editor\" data-id=\"f2ce1be\" data-element_type=\"widget\" data-widget_type=\"text-editor.default\">\n\t\t\t\t<div class=\"elementor-widget-container\">\n\t\t\t\t\t\t\t<h5>Bor\u00e7lunun temyiz itirazlar\u0131n\u0131n k\u0131smen kabul\u00fcyle mahkeme karar\u0131n\u0131n yukarda yaz\u0131l\u0131 sebeplerle \u0130.\u0130.K.nun 366 ve H.U.M.K.nun 428. maddeleri uyar\u0131nca BOZULMASINA, ilam\u0131n tebli\u011finden itibaren 10 g\u00fcn i\u00e7inde karar d\u00fczeltme yolu a\u00e7\u0131k olmak \u00fczere, 12.07.2012 tarihinde oybirli\u011fi ile karar verildi.<\/h5>\t\t\t\t\t\t<\/div>\n\t\t\t\t<\/div>\n\t\t\t\t\t<\/div>\n\t\t<\/div>\n\t\t\t\t\t<\/div>\n\t\t<\/section>\n\t\t\t\t<section class=\"elementor-section elementor-top-section elementor-element elementor-element-6c8b2bb elementor-section-boxed elementor-section-height-default elementor-section-height-default\" data-id=\"6c8b2bb\" data-element_type=\"section\">\n\t\t\t\t\t\t<div class=\"elementor-container elementor-column-gap-default\">\n\t\t\t\t\t<div class=\"elementor-column elementor-col-100 elementor-top-column elementor-element elementor-element-3b57975\" data-id=\"3b57975\" data-element_type=\"column\">\n\t\t\t<div class=\"elementor-widget-wrap\">\n\t\t\t\t\t\t\t<\/div>\n\t\t<\/div>\n\t\t\t\t\t<\/div>\n\t\t<\/section>\n\t\t\t\t<\/div>","protected":false},"excerpt":{"rendered":"<p>Yarg\u0131tay 12. HD., E.2012\/5967, K.2012\/24221; Kambiyo senedinin ke\u015fideci b\u00f6l\u00fcm\u00fcnde; \u015firket ka\u015fesi \u00fczerine at\u0131lan imza \u015e\u0130RKET\u0130, ka\u015fe d\u0131\u015f\u0131na at\u0131lan imza ise \u0130MZA SAH\u0130B\u0130N\u0130 sorumlu k\u0131lar. \u00a0 \u00a0 T.C YARGITAY12.Hukuk DairesiEsas: 2012\/ 5967Karar: 2012 \/ 24221Karar Tarihi: 12.07.2012 \u00a0\u00a0 \u00d6ZET: Somut olayda 26.12.2008 tanzim, 30.9.2009 vade, &#8230;. TL miktarl\u0131 bono d\u0131\u015f\u0131ndaki bonolarda ke\u015fide yerinde her iki imzan\u0131n&#8230;<\/p>","protected":false},"author":2,"featured_media":0,"comment_status":"open","ping_status":"open","sticky":false,"template":"elementor_header_footer","format":"standard","meta":{"footnotes":""},"categories":[871,639,642],"tags":[717,718],"yoast_head":"<!-- This site is optimized with the Yoast SEO plugin v22.8 - https:\/\/yoast.com\/wordpress\/plugins\/seo\/ -->\n<title>Yarg\u0131tay 12. HD., E.2012\/5967, K.2012\/24221; - Kur&ccedil;alo\u011flu Hukuk &amp; Partners<\/title>\n<meta name=\"robots\" content=\"index, follow, max-snippet:-1, max-image-preview:large, max-video-preview:-1\" \/>\n<link rel=\"canonical\" href=\"https:\/\/kurcaloglu.com\/fr\/yargitay-12-hd-e-2012-5967-k-2012-24221\/\" \/>\n<meta property=\"og:locale\" content=\"fr_FR\" \/>\n<meta property=\"og:type\" content=\"article\" \/>\n<meta property=\"og:title\" content=\"Yarg\u0131tay 12. HD., E.2012\/5967, K.2012\/24221; - Kur&ccedil;alo\u011flu Hukuk &amp; Partners\" \/>\n<meta property=\"og:description\" content=\"Yarg\u0131tay 12. HD., E.2012\/5967, K.2012\/24221; Kambiyo senedinin ke\u015fideci b\u00f6l\u00fcm\u00fcnde; \u015firket ka\u015fesi \u00fczerine at\u0131lan imza \u015e\u0130RKET\u0130, ka\u015fe d\u0131\u015f\u0131na at\u0131lan imza ise \u0130MZA SAH\u0130B\u0130N\u0130 sorumlu k\u0131lar. \u00a0 \u00a0 T.C YARGITAY12.Hukuk DairesiEsas: 2012\/ 5967Karar: 2012 \/ 24221Karar Tarihi: 12.07.2012 \u00a0\u00a0 \u00d6ZET: Somut olayda 26.12.2008 tanzim, 30.9.2009 vade, &#8230;. TL miktarl\u0131 bono d\u0131\u015f\u0131ndaki bonolarda ke\u015fide yerinde her iki imzan\u0131n...\" \/>\n<meta property=\"og:url\" content=\"https:\/\/kurcaloglu.com\/fr\/yargitay-12-hd-e-2012-5967-k-2012-24221\/\" \/>\n<meta property=\"og:site_name\" content=\"Kur&ccedil;alo\u011flu Hukuk &amp; Partners\" \/>\n<meta property=\"article:publisher\" content=\"https:\/\/www.facebook.com\/profile.php?id=100090344741598\" \/>\n<meta property=\"article:published_time\" content=\"2022-09-24T19:58:52+00:00\" \/>\n<meta property=\"article:modified_time\" content=\"2022-10-19T18:19:19+00:00\" \/>\n<meta property=\"og:image\" content=\"https:\/\/kurcaloglu.com\/wp-content\/uploads\/2022\/05\/Yargitay.png\" \/>\n<meta name=\"author\" content=\"Av. Burak Kur\u00e7alo\u011flu\" \/>\n<meta name=\"twitter:card\" content=\"summary_large_image\" \/>\n<meta name=\"twitter:creator\" content=\"@KurcalogluHukuk\" \/>\n<meta name=\"twitter:site\" content=\"@KurcalogluHukuk\" \/>\n<meta name=\"twitter:label1\" content=\"\u00c9crit par\" \/>\n\t<meta name=\"twitter:data1\" content=\"Av. Burak Kur\u00e7alo\u011flu\" \/>\n\t<meta name=\"twitter:label2\" content=\"Dur\u00e9e de lecture estim\u00e9e\" \/>\n\t<meta name=\"twitter:data2\" content=\"4 minutes\" \/>\n<script type=\"application\/ld+json\" class=\"yoast-schema-graph\">{\"@context\":\"https:\/\/schema.org\",\"@graph\":[{\"@type\":\"Article\",\"@id\":\"https:\/\/kurcaloglu.com\/yargitay-12-hd-e-2012-5967-k-2012-24221\/#article\",\"isPartOf\":{\"@id\":\"https:\/\/kurcaloglu.com\/yargitay-12-hd-e-2012-5967-k-2012-24221\/\"},\"author\":{\"name\":\"Av. Burak Kur\u00e7alo\u011flu\",\"@id\":\"https:\/\/kurcaloglu.com\/#\/schema\/person\/ddf08f3097e8bd7d3be1a8c42e2b7d4d\"},\"headline\":\"Yarg\u0131tay 12. HD., E.2012\/5967, K.2012\/24221;\",\"datePublished\":\"2022-09-24T19:58:52+00:00\",\"dateModified\":\"2022-10-19T18:19:19+00:00\",\"mainEntityOfPage\":{\"@id\":\"https:\/\/kurcaloglu.com\/yargitay-12-hd-e-2012-5967-k-2012-24221\/\"},\"wordCount\":666,\"commentCount\":0,\"publisher\":{\"@id\":\"https:\/\/kurcaloglu.com\/#organization\"},\"image\":{\"@id\":\"https:\/\/kurcaloglu.com\/yargitay-12-hd-e-2012-5967-k-2012-24221\/#primaryimage\"},\"thumbnailUrl\":\"https:\/\/kurcaloglu.com\/wp-content\/uploads\/2022\/05\/Yargitay.png\",\"keywords\":[\"Kambiyo senedinin ke\u015fideci b\u00f6l\u00fcm\u00fcnde; \u015firket ka\u015fesi \u00fczerine at\u0131lan imza \u015e\u0130RKET\u0130 ka\u015fe d\u0131\u015f\u0131na at\u0131lan imza ise \u0130MZA SAH\u0130B\u0130N\u0130 sorumlu k\u0131lar\",\"Yarg\u0131tay 12. HD. E.2012\/5967 K.2012\/24221;\"],\"articleSection\":[\"Yarg\u0131tay B\u00fct\u00fcn Kategoriler\",\"Yarg\u0131tay \u0130cra \u0130flas Hukuku\",\"Yarg\u0131tay \u015eirketler ve Ticaret Hukuku\"],\"inLanguage\":\"fr-FR\",\"potentialAction\":[{\"@type\":\"CommentAction\",\"name\":\"Comment\",\"target\":[\"https:\/\/kurcaloglu.com\/yargitay-12-hd-e-2012-5967-k-2012-24221\/#respond\"]}]},{\"@type\":\"WebPage\",\"@id\":\"https:\/\/kurcaloglu.com\/yargitay-12-hd-e-2012-5967-k-2012-24221\/\",\"url\":\"https:\/\/kurcaloglu.com\/yargitay-12-hd-e-2012-5967-k-2012-24221\/\",\"name\":\"Yarg\u0131tay 12. HD., E.2012\/5967, K.2012\/24221; - Kur&ccedil;alo\u011flu Hukuk &amp; Partners\",\"isPartOf\":{\"@id\":\"https:\/\/kurcaloglu.com\/#website\"},\"primaryImageOfPage\":{\"@id\":\"https:\/\/kurcaloglu.com\/yargitay-12-hd-e-2012-5967-k-2012-24221\/#primaryimage\"},\"image\":{\"@id\":\"https:\/\/kurcaloglu.com\/yargitay-12-hd-e-2012-5967-k-2012-24221\/#primaryimage\"},\"thumbnailUrl\":\"https:\/\/kurcaloglu.com\/wp-content\/uploads\/2022\/05\/Yargitay.png\",\"datePublished\":\"2022-09-24T19:58:52+00:00\",\"dateModified\":\"2022-10-19T18:19:19+00:00\",\"breadcrumb\":{\"@id\":\"https:\/\/kurcaloglu.com\/yargitay-12-hd-e-2012-5967-k-2012-24221\/#breadcrumb\"},\"inLanguage\":\"fr-FR\",\"potentialAction\":[{\"@type\":\"ReadAction\",\"target\":[\"https:\/\/kurcaloglu.com\/yargitay-12-hd-e-2012-5967-k-2012-24221\/\"]}]},{\"@type\":\"ImageObject\",\"inLanguage\":\"fr-FR\",\"@id\":\"https:\/\/kurcaloglu.com\/yargitay-12-hd-e-2012-5967-k-2012-24221\/#primaryimage\",\"url\":\"https:\/\/kurcaloglu.com\/wp-content\/uploads\/2022\/05\/Yargitay.png\",\"contentUrl\":\"https:\/\/kurcaloglu.com\/wp-content\/uploads\/2022\/05\/Yargitay.png\"},{\"@type\":\"BreadcrumbList\",\"@id\":\"https:\/\/kurcaloglu.com\/yargitay-12-hd-e-2012-5967-k-2012-24221\/#breadcrumb\",\"itemListElement\":[{\"@type\":\"ListItem\",\"position\":1,\"name\":\"Anasayfa\",\"item\":\"https:\/\/kurcaloglu.com\/\"},{\"@type\":\"ListItem\",\"position\":2,\"name\":\"Yarg\u0131tay 12. HD., E.2012\/5967, K.2012\/24221;\"}]},{\"@type\":\"WebSite\",\"@id\":\"https:\/\/kurcaloglu.com\/#website\",\"url\":\"https:\/\/kurcaloglu.com\/\",\"name\":\"Kur\u00e7alo\u011flu Hukuk & Partners\",\"description\":\"Ceza hukuku- \u0130cra iflas hukuku, Miras hukuku, Bo\u015fanma hukuk, \u0130\u015f hukuku\",\"publisher\":{\"@id\":\"https:\/\/kurcaloglu.com\/#organization\"},\"alternateName\":\"Kur\u00e7alo\u011flu Hukuk & Partners\",\"potentialAction\":[{\"@type\":\"SearchAction\",\"target\":{\"@type\":\"EntryPoint\",\"urlTemplate\":\"https:\/\/kurcaloglu.com\/?s={search_term_string}\"},\"query-input\":\"required name=search_term_string\"}],\"inLanguage\":\"fr-FR\"},{\"@type\":\"Organization\",\"@id\":\"https:\/\/kurcaloglu.com\/#organization\",\"name\":\"Kur\u00e7alo\u011flu Hukuk & Partners\",\"alternateName\":\"Kur\u00e7alo\u011flu Hukuk & Partners\",\"url\":\"https:\/\/kurcaloglu.com\/\",\"logo\":{\"@type\":\"ImageObject\",\"inLanguage\":\"fr-FR\",\"@id\":\"https:\/\/kurcaloglu.com\/#\/schema\/logo\/image\/\",\"url\":\"https:\/\/kurcaloglu.com\/wp-content\/uploads\/2022\/04\/cropped-cropped-cropped-Adsiz-tasarim-1-2-1.png\",\"contentUrl\":\"https:\/\/kurcaloglu.com\/wp-content\/uploads\/2022\/04\/cropped-cropped-cropped-Adsiz-tasarim-1-2-1.png\",\"width\":245,\"height\":65,\"caption\":\"Kur\u00e7alo\u011flu Hukuk & Partners\"},\"image\":{\"@id\":\"https:\/\/kurcaloglu.com\/#\/schema\/logo\/image\/\"},\"sameAs\":[\"https:\/\/www.facebook.com\/profile.php?id=100090344741598\",\"https:\/\/x.com\/KurcalogluHukuk\",\"https:\/\/www.facebook.com\/kurcalogluhukuk&partners\",\"https:\/\/www.instagram.com\/kurcalogluhukuk&Partners\/?hl=tr\"]},{\"@type\":\"Person\",\"@id\":\"https:\/\/kurcaloglu.com\/#\/schema\/person\/ddf08f3097e8bd7d3be1a8c42e2b7d4d\",\"name\":\"Av. Burak Kur\u00e7alo\u011flu\",\"image\":{\"@type\":\"ImageObject\",\"inLanguage\":\"fr-FR\",\"@id\":\"https:\/\/kurcaloglu.com\/#\/schema\/person\/image\/\",\"url\":\"https:\/\/secure.gravatar.com\/avatar\/4309b5148d08c537eb76f3942b5a6258?s=96&d=mm&r=g\",\"contentUrl\":\"https:\/\/secure.gravatar.com\/avatar\/4309b5148d08c537eb76f3942b5a6258?s=96&d=mm&r=g\",\"caption\":\"Av. Burak Kur\u00e7alo\u011flu\"},\"url\":\"https:\/\/kurcaloglu.com\/fr\/author\/av-burak-kurcaloglu\/\"}]}<\/script>\n<!-- \/ Yoast SEO plugin. -->","yoast_head_json":{"title":"Yarg\u0131tay 12. HD., E.2012\/5967, K.2012\/24221; - Kur&ccedil;alo\u011flu Hukuk &amp; Partners","robots":{"index":"index","follow":"follow","max-snippet":"max-snippet:-1","max-image-preview":"max-image-preview:large","max-video-preview":"max-video-preview:-1"},"canonical":"https:\/\/kurcaloglu.com\/fr\/yargitay-12-hd-e-2012-5967-k-2012-24221\/","og_locale":"fr_FR","og_type":"article","og_title":"Yarg\u0131tay 12. HD., E.2012\/5967, K.2012\/24221; - Kur&ccedil;alo\u011flu Hukuk &amp; Partners","og_description":"Yarg\u0131tay 12. HD., E.2012\/5967, K.2012\/24221; Kambiyo senedinin ke\u015fideci b\u00f6l\u00fcm\u00fcnde; \u015firket ka\u015fesi \u00fczerine at\u0131lan imza \u015e\u0130RKET\u0130, ka\u015fe d\u0131\u015f\u0131na at\u0131lan imza ise \u0130MZA SAH\u0130B\u0130N\u0130 sorumlu k\u0131lar. \u00a0 \u00a0 T.C YARGITAY12.Hukuk DairesiEsas: 2012\/ 5967Karar: 2012 \/ 24221Karar Tarihi: 12.07.2012 \u00a0\u00a0 \u00d6ZET: Somut olayda 26.12.2008 tanzim, 30.9.2009 vade, &#8230;. TL miktarl\u0131 bono d\u0131\u015f\u0131ndaki bonolarda ke\u015fide yerinde her iki imzan\u0131n...","og_url":"https:\/\/kurcaloglu.com\/fr\/yargitay-12-hd-e-2012-5967-k-2012-24221\/","og_site_name":"Kur&ccedil;alo\u011flu Hukuk &amp; Partners","article_publisher":"https:\/\/www.facebook.com\/profile.php?id=100090344741598","article_published_time":"2022-09-24T19:58:52+00:00","article_modified_time":"2022-10-19T18:19:19+00:00","og_image":[{"url":"https:\/\/kurcaloglu.com\/wp-content\/uploads\/2022\/05\/Yargitay.png"}],"author":"Av. Burak Kur\u00e7alo\u011flu","twitter_card":"summary_large_image","twitter_creator":"@KurcalogluHukuk","twitter_site":"@KurcalogluHukuk","twitter_misc":{"\u00c9crit par":"Av. Burak Kur\u00e7alo\u011flu","Dur\u00e9e de lecture estim\u00e9e":"4 minutes"},"schema":{"@context":"https:\/\/schema.org","@graph":[{"@type":"Article","@id":"https:\/\/kurcaloglu.com\/yargitay-12-hd-e-2012-5967-k-2012-24221\/#article","isPartOf":{"@id":"https:\/\/kurcaloglu.com\/yargitay-12-hd-e-2012-5967-k-2012-24221\/"},"author":{"name":"Av. Burak Kur\u00e7alo\u011flu","@id":"https:\/\/kurcaloglu.com\/#\/schema\/person\/ddf08f3097e8bd7d3be1a8c42e2b7d4d"},"headline":"Yarg\u0131tay 12. HD., E.2012\/5967, K.2012\/24221;","datePublished":"2022-09-24T19:58:52+00:00","dateModified":"2022-10-19T18:19:19+00:00","mainEntityOfPage":{"@id":"https:\/\/kurcaloglu.com\/yargitay-12-hd-e-2012-5967-k-2012-24221\/"},"wordCount":666,"commentCount":0,"publisher":{"@id":"https:\/\/kurcaloglu.com\/#organization"},"image":{"@id":"https:\/\/kurcaloglu.com\/yargitay-12-hd-e-2012-5967-k-2012-24221\/#primaryimage"},"thumbnailUrl":"https:\/\/kurcaloglu.com\/wp-content\/uploads\/2022\/05\/Yargitay.png","keywords":["Kambiyo senedinin ke\u015fideci b\u00f6l\u00fcm\u00fcnde; \u015firket ka\u015fesi \u00fczerine at\u0131lan imza \u015e\u0130RKET\u0130 ka\u015fe d\u0131\u015f\u0131na at\u0131lan imza ise \u0130MZA SAH\u0130B\u0130N\u0130 sorumlu k\u0131lar","Yarg\u0131tay 12. HD. E.2012\/5967 K.2012\/24221;"],"articleSection":["Yarg\u0131tay B\u00fct\u00fcn Kategoriler","Yarg\u0131tay \u0130cra \u0130flas Hukuku","Yarg\u0131tay \u015eirketler ve Ticaret Hukuku"],"inLanguage":"fr-FR","potentialAction":[{"@type":"CommentAction","name":"Comment","target":["https:\/\/kurcaloglu.com\/yargitay-12-hd-e-2012-5967-k-2012-24221\/#respond"]}]},{"@type":"WebPage","@id":"https:\/\/kurcaloglu.com\/yargitay-12-hd-e-2012-5967-k-2012-24221\/","url":"https:\/\/kurcaloglu.com\/yargitay-12-hd-e-2012-5967-k-2012-24221\/","name":"Yarg\u0131tay 12. HD., E.2012\/5967, K.2012\/24221; - Kur&ccedil;alo\u011flu Hukuk &amp; Partners","isPartOf":{"@id":"https:\/\/kurcaloglu.com\/#website"},"primaryImageOfPage":{"@id":"https:\/\/kurcaloglu.com\/yargitay-12-hd-e-2012-5967-k-2012-24221\/#primaryimage"},"image":{"@id":"https:\/\/kurcaloglu.com\/yargitay-12-hd-e-2012-5967-k-2012-24221\/#primaryimage"},"thumbnailUrl":"https:\/\/kurcaloglu.com\/wp-content\/uploads\/2022\/05\/Yargitay.png","datePublished":"2022-09-24T19:58:52+00:00","dateModified":"2022-10-19T18:19:19+00:00","breadcrumb":{"@id":"https:\/\/kurcaloglu.com\/yargitay-12-hd-e-2012-5967-k-2012-24221\/#breadcrumb"},"inLanguage":"fr-FR","potentialAction":[{"@type":"ReadAction","target":["https:\/\/kurcaloglu.com\/yargitay-12-hd-e-2012-5967-k-2012-24221\/"]}]},{"@type":"ImageObject","inLanguage":"fr-FR","@id":"https:\/\/kurcaloglu.com\/yargitay-12-hd-e-2012-5967-k-2012-24221\/#primaryimage","url":"https:\/\/kurcaloglu.com\/wp-content\/uploads\/2022\/05\/Yargitay.png","contentUrl":"https:\/\/kurcaloglu.com\/wp-content\/uploads\/2022\/05\/Yargitay.png"},{"@type":"BreadcrumbList","@id":"https:\/\/kurcaloglu.com\/yargitay-12-hd-e-2012-5967-k-2012-24221\/#breadcrumb","itemListElement":[{"@type":"ListItem","position":1,"name":"Anasayfa","item":"https:\/\/kurcaloglu.com\/"},{"@type":"ListItem","position":2,"name":"Yarg\u0131tay 12. HD., E.2012\/5967, K.2012\/24221;"}]},{"@type":"WebSite","@id":"https:\/\/kurcaloglu.com\/#website","url":"https:\/\/kurcaloglu.com\/","name":"Kur\u00e7alo\u011flu Hukuk & Partners","description":"Ceza hukuku- \u0130cra iflas hukuku, Miras hukuku, Bo\u015fanma hukuk, \u0130\u015f hukuku","publisher":{"@id":"https:\/\/kurcaloglu.com\/#organization"},"alternateName":"Kur\u00e7alo\u011flu Hukuk & Partners","potentialAction":[{"@type":"SearchAction","target":{"@type":"EntryPoint","urlTemplate":"https:\/\/kurcaloglu.com\/?s={search_term_string}"},"query-input":"required name=search_term_string"}],"inLanguage":"fr-FR"},{"@type":"Organization","@id":"https:\/\/kurcaloglu.com\/#organization","name":"Kur\u00e7alo\u011flu Hukuk & Partners","alternateName":"Kur\u00e7alo\u011flu Hukuk & Partners","url":"https:\/\/kurcaloglu.com\/","logo":{"@type":"ImageObject","inLanguage":"fr-FR","@id":"https:\/\/kurcaloglu.com\/#\/schema\/logo\/image\/","url":"https:\/\/kurcaloglu.com\/wp-content\/uploads\/2022\/04\/cropped-cropped-cropped-Adsiz-tasarim-1-2-1.png","contentUrl":"https:\/\/kurcaloglu.com\/wp-content\/uploads\/2022\/04\/cropped-cropped-cropped-Adsiz-tasarim-1-2-1.png","width":245,"height":65,"caption":"Kur\u00e7alo\u011flu Hukuk & Partners"},"image":{"@id":"https:\/\/kurcaloglu.com\/#\/schema\/logo\/image\/"},"sameAs":["https:\/\/www.facebook.com\/profile.php?id=100090344741598","https:\/\/x.com\/KurcalogluHukuk","https:\/\/www.facebook.com\/kurcalogluhukuk&partners","https:\/\/www.instagram.com\/kurcalogluhukuk&Partners\/?hl=tr"]},{"@type":"Person","@id":"https:\/\/kurcaloglu.com\/#\/schema\/person\/ddf08f3097e8bd7d3be1a8c42e2b7d4d","name":"Av. Burak Kur\u00e7alo\u011flu","image":{"@type":"ImageObject","inLanguage":"fr-FR","@id":"https:\/\/kurcaloglu.com\/#\/schema\/person\/image\/","url":"https:\/\/secure.gravatar.com\/avatar\/4309b5148d08c537eb76f3942b5a6258?s=96&d=mm&r=g","contentUrl":"https:\/\/secure.gravatar.com\/avatar\/4309b5148d08c537eb76f3942b5a6258?s=96&d=mm&r=g","caption":"Av. Burak Kur\u00e7alo\u011flu"},"url":"https:\/\/kurcaloglu.com\/fr\/author\/av-burak-kurcaloglu\/"}]}},"_links":{"self":[{"href":"https:\/\/kurcaloglu.com\/fr\/wp-json\/wp\/v2\/posts\/14164"}],"collection":[{"href":"https:\/\/kurcaloglu.com\/fr\/wp-json\/wp\/v2\/posts"}],"about":[{"href":"https:\/\/kurcaloglu.com\/fr\/wp-json\/wp\/v2\/types\/post"}],"author":[{"embeddable":true,"href":"https:\/\/kurcaloglu.com\/fr\/wp-json\/wp\/v2\/users\/2"}],"replies":[{"embeddable":true,"href":"https:\/\/kurcaloglu.com\/fr\/wp-json\/wp\/v2\/comments?post=14164"}],"version-history":[{"count":7,"href":"https:\/\/kurcaloglu.com\/fr\/wp-json\/wp\/v2\/posts\/14164\/revisions"}],"predecessor-version":[{"id":14171,"href":"https:\/\/kurcaloglu.com\/fr\/wp-json\/wp\/v2\/posts\/14164\/revisions\/14171"}],"wp:attachment":[{"href":"https:\/\/kurcaloglu.com\/fr\/wp-json\/wp\/v2\/media?parent=14164"}],"wp:term":[{"taxonomy":"category","embeddable":true,"href":"https:\/\/kurcaloglu.com\/fr\/wp-json\/wp\/v2\/categories?post=14164"},{"taxonomy":"post_tag","embeddable":true,"href":"https:\/\/kurcaloglu.com\/fr\/wp-json\/wp\/v2\/tags?post=14164"}],"curies":[{"name":"wp","href":"https:\/\/api.w.org\/{rel}","templated":true}]}}