{"id":14271,"date":"2022-09-29T23:33:59","date_gmt":"2022-09-29T20:33:59","guid":{"rendered":"https:\/\/kurcaloglu.com\/?p=14271"},"modified":"2022-10-19T20:55:53","modified_gmt":"2022-10-19T17:55:53","slug":"yargitay-4cd-e-2021-6112-k-2021-17619","status":"publish","type":"post","link":"https:\/\/kurcaloglu.com\/fr\/yargitay-4cd-e-2021-6112-k-2021-17619\/","title":{"rendered":"Yarg\u0131tay 4CD., E. 2021\/6112, K. 2021\/17619;"},"content":{"rendered":"<div data-elementor-type=\"wp-post\" data-elementor-id=\"14271\" class=\"elementor elementor-14271\">\n\t\t\t\t\t\t<section class=\"elementor-section elementor-top-section elementor-element elementor-element-0a98f58 elementor-section-boxed elementor-section-height-default elementor-section-height-default\" data-id=\"0a98f58\" data-element_type=\"section\">\n\t\t\t\t\t\t<div class=\"elementor-container elementor-column-gap-default\">\n\t\t\t\t\t<div class=\"elementor-column elementor-col-100 elementor-top-column elementor-element elementor-element-8a7e2bc\" data-id=\"8a7e2bc\" data-element_type=\"column\">\n\t\t\t<div class=\"elementor-widget-wrap elementor-element-populated\">\n\t\t\t\t\t\t<div class=\"elementor-element elementor-element-07a3710 elementor-widget elementor-widget-spacer\" data-id=\"07a3710\" data-element_type=\"widget\" data-widget_type=\"spacer.default\">\n\t\t\t\t<div class=\"elementor-widget-container\">\n\t\t\t\t\t<div class=\"elementor-spacer\">\n\t\t\t<div class=\"elementor-spacer-inner\"><\/div>\n\t\t<\/div>\n\t\t\t\t<\/div>\n\t\t\t\t<\/div>\n\t\t\t\t\t<\/div>\n\t\t<\/div>\n\t\t\t\t\t<\/div>\n\t\t<\/section>\n\t\t\t\t<section class=\"elementor-section elementor-top-section elementor-element elementor-element-98fcc22 elementor-section-boxed elementor-section-height-default elementor-section-height-default\" data-id=\"98fcc22\" data-element_type=\"section\" data-settings=\"{&quot;background_background&quot;:&quot;classic&quot;}\">\n\t\t\t\t\t\t<div class=\"elementor-container elementor-column-gap-default\">\n\t\t\t\t\t<div class=\"elementor-column elementor-col-100 elementor-top-column elementor-element elementor-element-c52dbeb\" data-id=\"c52dbeb\" data-element_type=\"column\">\n\t\t\t<div class=\"elementor-widget-wrap elementor-element-populated\">\n\t\t\t\t\t\t<div class=\"elementor-element elementor-element-6394e5a elementor-widget elementor-widget-image\" data-id=\"6394e5a\" data-element_type=\"widget\" data-widget_type=\"image.default\">\n\t\t\t\t<div class=\"elementor-widget-container\">\n\t\t\t\t\t\t\t\t\t\t\t\t\t<img fetchpriority=\"high\" decoding=\"async\" width=\"512\" height=\"512\" src=\"https:\/\/kurcaloglu.com\/wp-content\/uploads\/2022\/05\/Yargitay.png\" class=\"attachment-large size-large wp-image-10355\" alt=\"\" srcset=\"https:\/\/kurcaloglu.com\/wp-content\/uploads\/2022\/05\/Yargitay.png 512w, https:\/\/kurcaloglu.com\/wp-content\/uploads\/2022\/05\/Yargitay-300x300.png 300w, https:\/\/kurcaloglu.com\/wp-content\/uploads\/2022\/05\/Yargitay-150x150.png 150w\" sizes=\"(max-width: 512px) 100vw, 512px\" \/>\t\t\t\t\t\t\t\t\t\t\t\t\t<\/div>\n\t\t\t\t<\/div>\n\t\t\t\t<div class=\"elementor-element elementor-element-e55bdb7 elementor-widget elementor-widget-heading\" data-id=\"e55bdb7\" data-element_type=\"widget\" data-widget_type=\"heading.default\">\n\t\t\t\t<div class=\"elementor-widget-container\">\n\t\t\t<h1 class=\"elementor-heading-title elementor-size-default\"><b>Yarg\u0131tay 4CD., E. 2021\/6112, K. 2021\/17619<\/b><br><\/h1>\t\t<\/div>\n\t\t\t\t<\/div>\n\t\t\t\t<div class=\"elementor-element elementor-element-85ea441 elementor-widget elementor-widget-heading\" data-id=\"85ea441\" data-element_type=\"widget\" data-widget_type=\"heading.default\">\n\t\t\t\t<div class=\"elementor-widget-container\">\n\t\t\t<h3 class=\"elementor-heading-title elementor-size-default\">''Senden hoca de\u011fil, m\u00fcnaf\u0131k bile olmaz'' s\u00f6z\u00fc hakaret su\u00e7unu olu\u015fturmaz.\n<\/h3>\t\t<\/div>\n\t\t\t\t<\/div>\n\t\t\t\t<div class=\"elementor-element elementor-element-46c47be elementor-widget elementor-widget-spacer\" data-id=\"46c47be\" data-element_type=\"widget\" data-widget_type=\"spacer.default\">\n\t\t\t\t<div class=\"elementor-widget-container\">\n\t\t\t\t\t<div class=\"elementor-spacer\">\n\t\t\t<div class=\"elementor-spacer-inner\"><\/div>\n\t\t<\/div>\n\t\t\t\t<\/div>\n\t\t\t\t<\/div>\n\t\t\t\t<div class=\"elementor-element elementor-element-b02f58e elementor-widget elementor-widget-heading\" data-id=\"b02f58e\" data-element_type=\"widget\" data-widget_type=\"heading.default\">\n\t\t\t\t<div class=\"elementor-widget-container\">\n\t\t\t<h3 class=\"elementor-heading-title elementor-size-default\">YARGITAY KARARI\n<\/h3>\t\t<\/div>\n\t\t\t\t<\/div>\n\t\t\t\t<div class=\"elementor-element elementor-element-c90aec9 elementor-widget elementor-widget-text-editor\" data-id=\"c90aec9\" data-element_type=\"widget\" data-widget_type=\"text-editor.default\">\n\t\t\t\t<div class=\"elementor-widget-container\">\n\t\t\t\t\t\t\t<p>T.C YARGITAY<br \/>4.Ceza Dairesi<br \/>Esas: 2021\/ 6112<br \/>Karar: 2021 \/ 17619<br \/>Karar Tarihi: 03.06.2021<\/p>\t\t\t\t\t\t<\/div>\n\t\t\t\t<\/div>\n\t\t\t\t<div class=\"elementor-element elementor-element-d28126a elementor-widget elementor-widget-heading\" data-id=\"d28126a\" data-element_type=\"widget\" data-widget_type=\"heading.default\">\n\t\t\t\t<div class=\"elementor-widget-container\">\n\t\t\t<h4 class=\"elementor-heading-title elementor-size-default\">KARAR\n<\/h4>\t\t<\/div>\n\t\t\t\t<\/div>\n\t\t\t\t<div class=\"elementor-element elementor-element-1cd4b30 elementor-widget elementor-widget-text-editor\" data-id=\"1cd4b30\" data-element_type=\"widget\" data-widget_type=\"text-editor.default\">\n\t\t\t\t<div class=\"elementor-widget-container\">\n\t\t\t\t\t\t\t<p>Hakaret su\u00e7undan san\u0131k &#8230;&#8217;\u0131n, 5237 say\u0131l\u0131 T\u00fcrk Ceza Kanunu\u2019nun 125\/1, 129\/1, 62\/1 ve 52\/2. maddeleri uyar\u0131nca 1.000,00 T\u00fcrk liras\u0131 adli para cezas\u0131 ile cezaland\u0131r\u0131lmas\u0131na, 5271 say\u0131l\u0131 Ceza Muhakemesi Kanunu\u2019nun 231. maddesi gere\u011fince h\u00fckm\u00fcn a\u00e7\u0131klanmas\u0131n\u0131n geri b\u0131rak\u0131lmas\u0131na dair \u0130stanbul Anadolu 18. Sulh Ceza Mahkemesinin 11\/03\/2013 tarihli ve 2013\/555 esas, 2014\/266 say\u0131l\u0131 karar\u0131n\u0131n 09\/04\/2014 tarihinde kesinle\u015fmesini m\u00fcteakip, san\u0131\u011f\u0131n denetim s\u00fcresi i\u00e7erisinde 16\/12\/2018 tarihinde i\u015fledi\u011fi kas\u0131tl\u0131 su\u00e7tan mahkum oldu\u011funun ihbar edilmesi \u00fczerine, hakk\u0131ndaki h\u00fckm\u00fcn a\u00e7\u0131klanmas\u0131na ve san\u0131\u011f\u0131n 5237 say\u0131l\u0131 Kanunun 125\/1, 129\/1, 62\/1 ve 52\/2. maddeleri uyar\u0131nca 1.000,00 T\u00fcrk liras\u0131 adli para cezas\u0131 ile cezaland\u0131r\u0131lmas\u0131na ili\u015fkin \u0130stanbul Anadolu 58. Asliye Ceza Mahkemesinin 24\/09\/2020 tarihli ve 2019\/761 esas, 2020\/342 say\u0131l\u0131 karar\u0131n\u0131n, Adalet Bakanl\u0131\u011f\u0131 taraf\u0131ndan kanun yarar\u0131na bozulmas\u0131n\u0131n istenilmesi \u00fczerine, Yarg\u0131tay Cumhuriyet Ba\u015fsavc\u0131l\u0131\u011f\u0131n\u0131n 22\/01\/2021 g\u00fcn ve 2021\/3377 say\u0131l\u0131 istem yaz\u0131s\u0131yla dava dosyalar\u0131 Daireye g\u00f6nderilmekle incelendi:<br \/><br \/>\u0130stem yaz\u0131s\u0131nda \u201c Dosya kapsam\u0131na g\u00f6re, san\u0131\u011f\u0131n ma\u011fdura hitaben s\u00f6yledi\u011fi kabul edilen \u201c&#8230;senden hoca de\u011fil m\u00fcnaf\u0131k bile olmaz&#8230;\u201d \u015feklindeki s\u00f6zlerden dolay\u0131 hakaret su\u00e7undan mahk\u00fbmiyet karar\u0131 verilmi\u015f ise de, benzer bir olay sebebiyle Yarg\u0131tay 18. Ceza Dairesinin 04\/04\/2017 tarihli ve 2016\/17305 esas, 2017\/3688 karar say\u0131l\u0131 il\u00e2m\u0131nda belirtildi\u011fi \u00fczere, kaba s\u00f6z ve a\u011f\u0131r ele\u015ftiri niteli\u011findeki s\u00f6zlerin, ma\u011fdurun onur, \u015feref ve sayg\u0131nl\u0131\u011f\u0131n\u0131 rencide edici boyutta olmamas\u0131 kar\u015f\u0131s\u0131nda hakaret su\u00e7unun unsurlar\u0131n\u0131n olu\u015fmad\u0131\u011f\u0131 cihetle, su\u00e7a s\u00fcr\u00fcklenen \u00e7ocu\u011fun hakaret su\u00e7undan beraatine karar verilmesi gerekti\u011fi g\u00f6zetilmeden, yaz\u0131l\u0131 \u015fekilde mahk\u00fbmiyetine karar verilmesinde isabet g\u00f6r\u00fclmemi\u015ftir. \u201d denilmektedir.<\/p>\t\t\t\t\t\t<\/div>\n\t\t\t\t<\/div>\n\t\t\t\t<div class=\"elementor-element elementor-element-27f61bc elementor-widget elementor-widget-heading\" data-id=\"27f61bc\" data-element_type=\"widget\" data-widget_type=\"heading.default\">\n\t\t\t\t<div class=\"elementor-widget-container\">\n\t\t\t<h4 class=\"elementor-heading-title elementor-size-default\">Hukuksal De\u011ferlendirme;\n<\/h4>\t\t<\/div>\n\t\t\t\t<\/div>\n\t\t\t\t<div class=\"elementor-element elementor-element-e939fda elementor-widget elementor-widget-text-editor\" data-id=\"e939fda\" data-element_type=\"widget\" data-widget_type=\"text-editor.default\">\n\t\t\t\t<div class=\"elementor-widget-container\">\n\t\t\t\t\t\t\t<p>Hakaret fiillerinin cezaland\u0131r\u0131lmas\u0131yla korunan hukuki de\u011fer, ki\u015filerin onur, \u015feref ve sayg\u0131nl\u0131\u011f\u0131 olup, bu su\u00e7un olu\u015fabilmesi i\u00e7in, davran\u0131\u015f\u0131n ki\u015fiyi k\u00fc\u00e7\u00fck d\u00fc\u015f\u00fcrmeye matuf olarak ger\u00e7ekle\u015fmesi gerekmektedir. Bir hareketin tahkir edici olup olmad\u0131\u011f\u0131 baz\u0131 durumlarda nispi olup, zamana, yere ve duruma g\u00f6re de\u011fi\u015febilmektedir. Ki\u015filere y\u00f6nelik her t\u00fcrl\u00fc a\u011f\u0131r ele\u015ftiri veya rahats\u0131z edici s\u00f6zlerin hakaret su\u00e7u ba\u011flam\u0131nda de\u011ferlendirilmemesi, s\u00f6zlerin a\u00e7\u0131k\u00e7a, onur, \u015feref, ve sayg\u0131nl\u0131\u011f\u0131 rencide edebilecek nitelikte somut bir fiil veya olgu isnad\u0131n\u0131 veya s\u00f6vme fiilini olu\u015fturmas\u0131 gerekmektedir.<br \/><br \/>\u0130ncelenen somut olayda; san\u0131\u011f\u0131n kat\u0131lana hitaben s\u00f6yledi\u011fi iddianamede tan\u0131mlan\u0131p, mahkemenin de kabul etti\u011fi kaba hitap tarz\u0131ndaki &#8221; senden hoca de\u011fil m\u00fcnaf\u0131k bile olamaz&#8221; s\u00f6z\u00fcn\u00fcn, ma\u011fdurun onur, \u015feref ve sayg\u0131nl\u0131\u011f\u0131n\u0131 rencide edici boyutta olmamas\u0131 nedeniyle hakaret su\u00e7unun unsurlar\u0131n\u0131n olu\u015fmad\u0131\u011f\u0131ndan, san\u0131k hakk\u0131nda beraat karar\u0131 verilmesi gerekirken, mahkumiyetine karar verilmesi hukuka ayk\u0131r\u0131d\u0131r.<\/p>\t\t\t\t\t\t<\/div>\n\t\t\t\t<\/div>\n\t\t\t\t<div class=\"elementor-element elementor-element-506d034 elementor-widget elementor-widget-heading\" data-id=\"506d034\" data-element_type=\"widget\" data-widget_type=\"heading.default\">\n\t\t\t\t<div class=\"elementor-widget-container\">\n\t\t\t<h4 class=\"elementor-heading-title elementor-size-default\">Sonu\u00e7 ve Karar:\n<\/h4>\t\t<\/div>\n\t\t\t\t<\/div>\n\t\t\t\t<div class=\"elementor-element elementor-element-2a8b893 elementor-widget elementor-widget-text-editor\" data-id=\"2a8b893\" data-element_type=\"widget\" data-widget_type=\"text-editor.default\">\n\t\t\t\t<div class=\"elementor-widget-container\">\n\t\t\t\t\t\t\t<p>Yukar\u0131da a\u00e7\u0131klanan nedenlerle;<br \/><br \/>Yarg\u0131tay Cumhuriyet Ba\u015fsavc\u0131l\u0131\u011f\u0131&#8217;n\u0131n kanun yarar\u0131na bozma iste\u011fi do\u011frultusunda d\u00fczenledi\u011fi tebli\u011fnamedeki d\u00fc\u015f\u00fcnce yerinde g\u00f6r\u00fcld\u00fc\u011f\u00fcnden<br \/><br \/>a- Hakaret su\u00e7undan san\u0131k &#8230; hakk\u0131nda kurulan \u0130stanbul Anadolu 58. Asliye Ceza Mahkemesinin 24\/09\/2020 tarihli ve 2019\/761esas, 2020\/342 say\u0131l\u0131 karar\u0131n, 5271 say\u0131l\u0131 CMK\u2019n\u0131n 309. maddesi uyar\u0131nca BOZULMASINA,<br \/><br \/>b- H\u00fck\u00fcmdeki hukuka ayk\u0131r\u0131l\u0131k san\u0131\u011fa verilen cezan\u0131n kald\u0131r\u0131lmas\u0131n\u0131 gerektirmekle, ayn\u0131 Kanunun 4-d f\u0131kras\u0131 gere\u011fince, san\u0131\u011f\u0131n hakaret su\u00e7undan BERAAT\u0130NE,<br \/><br \/>c- San\u0131\u011f\u0131n beraat etmesi nedeni ile bu su\u00e7 i\u00e7in yap\u0131lan yarg\u0131lama giderinin Hazine \u00fczerinde b\u0131rak\u0131lmas\u0131na,<br \/><br \/>d- Dosyan\u0131n Y\u00fcksek Adalet Bakanl\u0131\u011f\u0131&#8217;na sunulmak \u00fczere Yarg\u0131tay Cumhuriyet Ba\u015fsavc\u0131l\u0131\u011f\u0131&#8217;na TEVD\u0130\u0130NE, 03\/06 \/2021 tarihinde oy birli\u011fiyle karar verildi.<\/p>\t\t\t\t\t\t<\/div>\n\t\t\t\t<\/div>\n\t\t\t\t\t<\/div>\n\t\t<\/div>\n\t\t\t\t\t<\/div>\n\t\t<\/section>\n\t\t\t\t<section class=\"elementor-section elementor-top-section elementor-element elementor-element-47926ea elementor-section-boxed elementor-section-height-default elementor-section-height-default\" data-id=\"47926ea\" data-element_type=\"section\">\n\t\t\t\t\t\t<div class=\"elementor-container elementor-column-gap-default\">\n\t\t\t\t\t<div class=\"elementor-column elementor-col-100 elementor-top-column elementor-element elementor-element-c60b996\" data-id=\"c60b996\" data-element_type=\"column\">\n\t\t\t<div class=\"elementor-widget-wrap\">\n\t\t\t\t\t\t\t<\/div>\n\t\t<\/div>\n\t\t\t\t\t<\/div>\n\t\t<\/section>\n\t\t\t\t<\/div>","protected":false},"excerpt":{"rendered":"<p>Yarg\u0131tay 4CD., E. 2021\/6112, K. 2021\/17619 &#8221;Senden hoca de\u011fil, m\u00fcnaf\u0131k bile olmaz&#8221; s\u00f6z\u00fc hakaret su\u00e7unu olu\u015fturmaz. YARGITAY KARARI T.C YARGITAY4.Ceza DairesiEsas: 2021\/ 6112Karar: 2021 \/ 17619Karar Tarihi: 03.06.2021 KARAR Hakaret su\u00e7undan san\u0131k &#8230;&#8217;\u0131n, 5237 say\u0131l\u0131 T\u00fcrk Ceza Kanunu\u2019nun 125\/1, 129\/1, 62\/1 ve 52\/2. maddeleri uyar\u0131nca 1.000,00 T\u00fcrk liras\u0131 adli para cezas\u0131 ile cezaland\u0131r\u0131lmas\u0131na, 5271 say\u0131l\u0131&#8230;<\/p>","protected":false},"author":2,"featured_media":0,"comment_status":"open","ping_status":"open","sticky":false,"template":"elementor_header_footer","format":"standard","meta":{"footnotes":""},"categories":[871,638],"tags":[737],"yoast_head":"<!-- This site is optimized with the Yoast SEO plugin v22.8 - https:\/\/yoast.com\/wordpress\/plugins\/seo\/ -->\n<title>Yarg\u0131tay 4CD., E. 2021\/6112, K. 2021\/17619; - Kur&ccedil;alo\u011flu Hukuk &amp; Partners<\/title>\n<meta name=\"robots\" content=\"index, follow, max-snippet:-1, max-image-preview:large, max-video-preview:-1\" \/>\n<link rel=\"canonical\" href=\"https:\/\/kurcaloglu.com\/fr\/yargitay-4cd-e-2021-6112-k-2021-17619\/\" \/>\n<meta property=\"og:locale\" content=\"fr_FR\" \/>\n<meta property=\"og:type\" content=\"article\" \/>\n<meta property=\"og:title\" content=\"Yarg\u0131tay 4CD., E. 2021\/6112, K. 2021\/17619; - Kur&ccedil;alo\u011flu Hukuk &amp; Partners\" \/>\n<meta property=\"og:description\" content=\"Yarg\u0131tay 4CD., E. 2021\/6112, K. 2021\/17619 &#8221;Senden hoca de\u011fil, m\u00fcnaf\u0131k bile olmaz&#8221; s\u00f6z\u00fc hakaret su\u00e7unu olu\u015fturmaz. YARGITAY KARARI T.C YARGITAY4.Ceza DairesiEsas: 2021\/ 6112Karar: 2021 \/ 17619Karar Tarihi: 03.06.2021 KARAR Hakaret su\u00e7undan san\u0131k &#8230;&#8217;\u0131n, 5237 say\u0131l\u0131 T\u00fcrk Ceza Kanunu\u2019nun 125\/1, 129\/1, 62\/1 ve 52\/2. maddeleri uyar\u0131nca 1.000,00 T\u00fcrk liras\u0131 adli para cezas\u0131 ile cezaland\u0131r\u0131lmas\u0131na, 5271 say\u0131l\u0131...\" \/>\n<meta property=\"og:url\" content=\"https:\/\/kurcaloglu.com\/fr\/yargitay-4cd-e-2021-6112-k-2021-17619\/\" \/>\n<meta property=\"og:site_name\" content=\"Kur&ccedil;alo\u011flu Hukuk &amp; Partners\" \/>\n<meta property=\"article:publisher\" content=\"https:\/\/www.facebook.com\/profile.php?id=100090344741598\" \/>\n<meta property=\"article:published_time\" content=\"2022-09-29T20:33:59+00:00\" \/>\n<meta property=\"article:modified_time\" content=\"2022-10-19T17:55:53+00:00\" \/>\n<meta property=\"og:image\" content=\"https:\/\/kurcaloglu.com\/wp-content\/uploads\/2022\/05\/Yargitay.png\" \/>\n<meta name=\"author\" content=\"Av. Burak Kur\u00e7alo\u011flu\" \/>\n<meta name=\"twitter:card\" content=\"summary_large_image\" \/>\n<meta name=\"twitter:creator\" content=\"@KurcalogluHukuk\" \/>\n<meta name=\"twitter:site\" content=\"@KurcalogluHukuk\" \/>\n<meta name=\"twitter:label1\" content=\"\u00c9crit par\" \/>\n\t<meta name=\"twitter:data1\" content=\"Av. Burak Kur\u00e7alo\u011flu\" \/>\n\t<meta name=\"twitter:label2\" content=\"Dur\u00e9e de lecture estim\u00e9e\" \/>\n\t<meta name=\"twitter:data2\" content=\"4 minutes\" \/>\n<script type=\"application\/ld+json\" class=\"yoast-schema-graph\">{\"@context\":\"https:\/\/schema.org\",\"@graph\":[{\"@type\":\"Article\",\"@id\":\"https:\/\/kurcaloglu.com\/yargitay-4cd-e-2021-6112-k-2021-17619\/#article\",\"isPartOf\":{\"@id\":\"https:\/\/kurcaloglu.com\/yargitay-4cd-e-2021-6112-k-2021-17619\/\"},\"author\":{\"name\":\"Av. Burak Kur\u00e7alo\u011flu\",\"@id\":\"https:\/\/kurcaloglu.com\/#\/schema\/person\/ddf08f3097e8bd7d3be1a8c42e2b7d4d\"},\"headline\":\"Yarg\u0131tay 4CD., E. 2021\/6112, K. 2021\/17619;\",\"datePublished\":\"2022-09-29T20:33:59+00:00\",\"dateModified\":\"2022-10-19T17:55:53+00:00\",\"mainEntityOfPage\":{\"@id\":\"https:\/\/kurcaloglu.com\/yargitay-4cd-e-2021-6112-k-2021-17619\/\"},\"wordCount\":667,\"commentCount\":0,\"publisher\":{\"@id\":\"https:\/\/kurcaloglu.com\/#organization\"},\"image\":{\"@id\":\"https:\/\/kurcaloglu.com\/yargitay-4cd-e-2021-6112-k-2021-17619\/#primaryimage\"},\"thumbnailUrl\":\"https:\/\/kurcaloglu.com\/wp-content\/uploads\/2022\/05\/Yargitay.png\",\"keywords\":[\"Yarg\u0131tay 4CD. E. 2021\/6112 K. 2021\/17619\"],\"articleSection\":[\"Yarg\u0131tay B\u00fct\u00fcn Kategoriler\",\"Yarg\u0131tay Ceza Hukuku\"],\"inLanguage\":\"fr-FR\",\"potentialAction\":[{\"@type\":\"CommentAction\",\"name\":\"Comment\",\"target\":[\"https:\/\/kurcaloglu.com\/yargitay-4cd-e-2021-6112-k-2021-17619\/#respond\"]}]},{\"@type\":\"WebPage\",\"@id\":\"https:\/\/kurcaloglu.com\/yargitay-4cd-e-2021-6112-k-2021-17619\/\",\"url\":\"https:\/\/kurcaloglu.com\/yargitay-4cd-e-2021-6112-k-2021-17619\/\",\"name\":\"Yarg\u0131tay 4CD., E. 2021\/6112, K. 2021\/17619; - Kur&ccedil;alo\u011flu Hukuk &amp; Partners\",\"isPartOf\":{\"@id\":\"https:\/\/kurcaloglu.com\/#website\"},\"primaryImageOfPage\":{\"@id\":\"https:\/\/kurcaloglu.com\/yargitay-4cd-e-2021-6112-k-2021-17619\/#primaryimage\"},\"image\":{\"@id\":\"https:\/\/kurcaloglu.com\/yargitay-4cd-e-2021-6112-k-2021-17619\/#primaryimage\"},\"thumbnailUrl\":\"https:\/\/kurcaloglu.com\/wp-content\/uploads\/2022\/05\/Yargitay.png\",\"datePublished\":\"2022-09-29T20:33:59+00:00\",\"dateModified\":\"2022-10-19T17:55:53+00:00\",\"breadcrumb\":{\"@id\":\"https:\/\/kurcaloglu.com\/yargitay-4cd-e-2021-6112-k-2021-17619\/#breadcrumb\"},\"inLanguage\":\"fr-FR\",\"potentialAction\":[{\"@type\":\"ReadAction\",\"target\":[\"https:\/\/kurcaloglu.com\/yargitay-4cd-e-2021-6112-k-2021-17619\/\"]}]},{\"@type\":\"ImageObject\",\"inLanguage\":\"fr-FR\",\"@id\":\"https:\/\/kurcaloglu.com\/yargitay-4cd-e-2021-6112-k-2021-17619\/#primaryimage\",\"url\":\"https:\/\/kurcaloglu.com\/wp-content\/uploads\/2022\/05\/Yargitay.png\",\"contentUrl\":\"https:\/\/kurcaloglu.com\/wp-content\/uploads\/2022\/05\/Yargitay.png\"},{\"@type\":\"BreadcrumbList\",\"@id\":\"https:\/\/kurcaloglu.com\/yargitay-4cd-e-2021-6112-k-2021-17619\/#breadcrumb\",\"itemListElement\":[{\"@type\":\"ListItem\",\"position\":1,\"name\":\"Anasayfa\",\"item\":\"https:\/\/kurcaloglu.com\/\"},{\"@type\":\"ListItem\",\"position\":2,\"name\":\"Yarg\u0131tay 4CD., E. 2021\/6112, K. 2021\/17619;\"}]},{\"@type\":\"WebSite\",\"@id\":\"https:\/\/kurcaloglu.com\/#website\",\"url\":\"https:\/\/kurcaloglu.com\/\",\"name\":\"Kur\u00e7alo\u011flu Hukuk & Partners\",\"description\":\"Ceza hukuku- \u0130cra iflas hukuku, Miras hukuku, Bo\u015fanma hukuk, \u0130\u015f hukuku\",\"publisher\":{\"@id\":\"https:\/\/kurcaloglu.com\/#organization\"},\"alternateName\":\"Kur\u00e7alo\u011flu Hukuk & Partners\",\"potentialAction\":[{\"@type\":\"SearchAction\",\"target\":{\"@type\":\"EntryPoint\",\"urlTemplate\":\"https:\/\/kurcaloglu.com\/?s={search_term_string}\"},\"query-input\":\"required name=search_term_string\"}],\"inLanguage\":\"fr-FR\"},{\"@type\":\"Organization\",\"@id\":\"https:\/\/kurcaloglu.com\/#organization\",\"name\":\"Kur\u00e7alo\u011flu Hukuk & Partners\",\"alternateName\":\"Kur\u00e7alo\u011flu Hukuk & Partners\",\"url\":\"https:\/\/kurcaloglu.com\/\",\"logo\":{\"@type\":\"ImageObject\",\"inLanguage\":\"fr-FR\",\"@id\":\"https:\/\/kurcaloglu.com\/#\/schema\/logo\/image\/\",\"url\":\"https:\/\/kurcaloglu.com\/wp-content\/uploads\/2022\/04\/cropped-cropped-cropped-Adsiz-tasarim-1-2-1.png\",\"contentUrl\":\"https:\/\/kurcaloglu.com\/wp-content\/uploads\/2022\/04\/cropped-cropped-cropped-Adsiz-tasarim-1-2-1.png\",\"width\":245,\"height\":65,\"caption\":\"Kur\u00e7alo\u011flu Hukuk & Partners\"},\"image\":{\"@id\":\"https:\/\/kurcaloglu.com\/#\/schema\/logo\/image\/\"},\"sameAs\":[\"https:\/\/www.facebook.com\/profile.php?id=100090344741598\",\"https:\/\/x.com\/KurcalogluHukuk\",\"https:\/\/www.facebook.com\/kurcalogluhukuk&partners\",\"https:\/\/www.instagram.com\/kurcalogluhukuk&Partners\/?hl=tr\"]},{\"@type\":\"Person\",\"@id\":\"https:\/\/kurcaloglu.com\/#\/schema\/person\/ddf08f3097e8bd7d3be1a8c42e2b7d4d\",\"name\":\"Av. Burak Kur\u00e7alo\u011flu\",\"image\":{\"@type\":\"ImageObject\",\"inLanguage\":\"fr-FR\",\"@id\":\"https:\/\/kurcaloglu.com\/#\/schema\/person\/image\/\",\"url\":\"https:\/\/secure.gravatar.com\/avatar\/4309b5148d08c537eb76f3942b5a6258?s=96&d=mm&r=g\",\"contentUrl\":\"https:\/\/secure.gravatar.com\/avatar\/4309b5148d08c537eb76f3942b5a6258?s=96&d=mm&r=g\",\"caption\":\"Av. Burak Kur\u00e7alo\u011flu\"},\"url\":\"https:\/\/kurcaloglu.com\/fr\/author\/av-burak-kurcaloglu\/\"}]}<\/script>\n<!-- \/ Yoast SEO plugin. -->","yoast_head_json":{"title":"Yarg\u0131tay 4CD., E. 2021\/6112, K. 2021\/17619; - Kur&ccedil;alo\u011flu Hukuk &amp; Partners","robots":{"index":"index","follow":"follow","max-snippet":"max-snippet:-1","max-image-preview":"max-image-preview:large","max-video-preview":"max-video-preview:-1"},"canonical":"https:\/\/kurcaloglu.com\/fr\/yargitay-4cd-e-2021-6112-k-2021-17619\/","og_locale":"fr_FR","og_type":"article","og_title":"Yarg\u0131tay 4CD., E. 2021\/6112, K. 2021\/17619; - Kur&ccedil;alo\u011flu Hukuk &amp; Partners","og_description":"Yarg\u0131tay 4CD., E. 2021\/6112, K. 2021\/17619 &#8221;Senden hoca de\u011fil, m\u00fcnaf\u0131k bile olmaz&#8221; s\u00f6z\u00fc hakaret su\u00e7unu olu\u015fturmaz. YARGITAY KARARI T.C YARGITAY4.Ceza DairesiEsas: 2021\/ 6112Karar: 2021 \/ 17619Karar Tarihi: 03.06.2021 KARAR Hakaret su\u00e7undan san\u0131k &#8230;&#8217;\u0131n, 5237 say\u0131l\u0131 T\u00fcrk Ceza Kanunu\u2019nun 125\/1, 129\/1, 62\/1 ve 52\/2. maddeleri uyar\u0131nca 1.000,00 T\u00fcrk liras\u0131 adli para cezas\u0131 ile cezaland\u0131r\u0131lmas\u0131na, 5271 say\u0131l\u0131...","og_url":"https:\/\/kurcaloglu.com\/fr\/yargitay-4cd-e-2021-6112-k-2021-17619\/","og_site_name":"Kur&ccedil;alo\u011flu Hukuk &amp; Partners","article_publisher":"https:\/\/www.facebook.com\/profile.php?id=100090344741598","article_published_time":"2022-09-29T20:33:59+00:00","article_modified_time":"2022-10-19T17:55:53+00:00","og_image":[{"url":"https:\/\/kurcaloglu.com\/wp-content\/uploads\/2022\/05\/Yargitay.png"}],"author":"Av. Burak Kur\u00e7alo\u011flu","twitter_card":"summary_large_image","twitter_creator":"@KurcalogluHukuk","twitter_site":"@KurcalogluHukuk","twitter_misc":{"\u00c9crit par":"Av. Burak Kur\u00e7alo\u011flu","Dur\u00e9e de lecture estim\u00e9e":"4 minutes"},"schema":{"@context":"https:\/\/schema.org","@graph":[{"@type":"Article","@id":"https:\/\/kurcaloglu.com\/yargitay-4cd-e-2021-6112-k-2021-17619\/#article","isPartOf":{"@id":"https:\/\/kurcaloglu.com\/yargitay-4cd-e-2021-6112-k-2021-17619\/"},"author":{"name":"Av. Burak Kur\u00e7alo\u011flu","@id":"https:\/\/kurcaloglu.com\/#\/schema\/person\/ddf08f3097e8bd7d3be1a8c42e2b7d4d"},"headline":"Yarg\u0131tay 4CD., E. 2021\/6112, K. 2021\/17619;","datePublished":"2022-09-29T20:33:59+00:00","dateModified":"2022-10-19T17:55:53+00:00","mainEntityOfPage":{"@id":"https:\/\/kurcaloglu.com\/yargitay-4cd-e-2021-6112-k-2021-17619\/"},"wordCount":667,"commentCount":0,"publisher":{"@id":"https:\/\/kurcaloglu.com\/#organization"},"image":{"@id":"https:\/\/kurcaloglu.com\/yargitay-4cd-e-2021-6112-k-2021-17619\/#primaryimage"},"thumbnailUrl":"https:\/\/kurcaloglu.com\/wp-content\/uploads\/2022\/05\/Yargitay.png","keywords":["Yarg\u0131tay 4CD. E. 2021\/6112 K. 2021\/17619"],"articleSection":["Yarg\u0131tay B\u00fct\u00fcn Kategoriler","Yarg\u0131tay Ceza Hukuku"],"inLanguage":"fr-FR","potentialAction":[{"@type":"CommentAction","name":"Comment","target":["https:\/\/kurcaloglu.com\/yargitay-4cd-e-2021-6112-k-2021-17619\/#respond"]}]},{"@type":"WebPage","@id":"https:\/\/kurcaloglu.com\/yargitay-4cd-e-2021-6112-k-2021-17619\/","url":"https:\/\/kurcaloglu.com\/yargitay-4cd-e-2021-6112-k-2021-17619\/","name":"Yarg\u0131tay 4CD., E. 2021\/6112, K. 2021\/17619; - Kur&ccedil;alo\u011flu Hukuk &amp; Partners","isPartOf":{"@id":"https:\/\/kurcaloglu.com\/#website"},"primaryImageOfPage":{"@id":"https:\/\/kurcaloglu.com\/yargitay-4cd-e-2021-6112-k-2021-17619\/#primaryimage"},"image":{"@id":"https:\/\/kurcaloglu.com\/yargitay-4cd-e-2021-6112-k-2021-17619\/#primaryimage"},"thumbnailUrl":"https:\/\/kurcaloglu.com\/wp-content\/uploads\/2022\/05\/Yargitay.png","datePublished":"2022-09-29T20:33:59+00:00","dateModified":"2022-10-19T17:55:53+00:00","breadcrumb":{"@id":"https:\/\/kurcaloglu.com\/yargitay-4cd-e-2021-6112-k-2021-17619\/#breadcrumb"},"inLanguage":"fr-FR","potentialAction":[{"@type":"ReadAction","target":["https:\/\/kurcaloglu.com\/yargitay-4cd-e-2021-6112-k-2021-17619\/"]}]},{"@type":"ImageObject","inLanguage":"fr-FR","@id":"https:\/\/kurcaloglu.com\/yargitay-4cd-e-2021-6112-k-2021-17619\/#primaryimage","url":"https:\/\/kurcaloglu.com\/wp-content\/uploads\/2022\/05\/Yargitay.png","contentUrl":"https:\/\/kurcaloglu.com\/wp-content\/uploads\/2022\/05\/Yargitay.png"},{"@type":"BreadcrumbList","@id":"https:\/\/kurcaloglu.com\/yargitay-4cd-e-2021-6112-k-2021-17619\/#breadcrumb","itemListElement":[{"@type":"ListItem","position":1,"name":"Anasayfa","item":"https:\/\/kurcaloglu.com\/"},{"@type":"ListItem","position":2,"name":"Yarg\u0131tay 4CD., E. 2021\/6112, K. 2021\/17619;"}]},{"@type":"WebSite","@id":"https:\/\/kurcaloglu.com\/#website","url":"https:\/\/kurcaloglu.com\/","name":"Kur\u00e7alo\u011flu Hukuk & Partners","description":"Ceza hukuku- \u0130cra iflas hukuku, Miras hukuku, Bo\u015fanma hukuk, \u0130\u015f hukuku","publisher":{"@id":"https:\/\/kurcaloglu.com\/#organization"},"alternateName":"Kur\u00e7alo\u011flu Hukuk & Partners","potentialAction":[{"@type":"SearchAction","target":{"@type":"EntryPoint","urlTemplate":"https:\/\/kurcaloglu.com\/?s={search_term_string}"},"query-input":"required name=search_term_string"}],"inLanguage":"fr-FR"},{"@type":"Organization","@id":"https:\/\/kurcaloglu.com\/#organization","name":"Kur\u00e7alo\u011flu Hukuk & Partners","alternateName":"Kur\u00e7alo\u011flu Hukuk & Partners","url":"https:\/\/kurcaloglu.com\/","logo":{"@type":"ImageObject","inLanguage":"fr-FR","@id":"https:\/\/kurcaloglu.com\/#\/schema\/logo\/image\/","url":"https:\/\/kurcaloglu.com\/wp-content\/uploads\/2022\/04\/cropped-cropped-cropped-Adsiz-tasarim-1-2-1.png","contentUrl":"https:\/\/kurcaloglu.com\/wp-content\/uploads\/2022\/04\/cropped-cropped-cropped-Adsiz-tasarim-1-2-1.png","width":245,"height":65,"caption":"Kur\u00e7alo\u011flu Hukuk & Partners"},"image":{"@id":"https:\/\/kurcaloglu.com\/#\/schema\/logo\/image\/"},"sameAs":["https:\/\/www.facebook.com\/profile.php?id=100090344741598","https:\/\/x.com\/KurcalogluHukuk","https:\/\/www.facebook.com\/kurcalogluhukuk&partners","https:\/\/www.instagram.com\/kurcalogluhukuk&Partners\/?hl=tr"]},{"@type":"Person","@id":"https:\/\/kurcaloglu.com\/#\/schema\/person\/ddf08f3097e8bd7d3be1a8c42e2b7d4d","name":"Av. Burak Kur\u00e7alo\u011flu","image":{"@type":"ImageObject","inLanguage":"fr-FR","@id":"https:\/\/kurcaloglu.com\/#\/schema\/person\/image\/","url":"https:\/\/secure.gravatar.com\/avatar\/4309b5148d08c537eb76f3942b5a6258?s=96&d=mm&r=g","contentUrl":"https:\/\/secure.gravatar.com\/avatar\/4309b5148d08c537eb76f3942b5a6258?s=96&d=mm&r=g","caption":"Av. Burak Kur\u00e7alo\u011flu"},"url":"https:\/\/kurcaloglu.com\/fr\/author\/av-burak-kurcaloglu\/"}]}},"_links":{"self":[{"href":"https:\/\/kurcaloglu.com\/fr\/wp-json\/wp\/v2\/posts\/14271"}],"collection":[{"href":"https:\/\/kurcaloglu.com\/fr\/wp-json\/wp\/v2\/posts"}],"about":[{"href":"https:\/\/kurcaloglu.com\/fr\/wp-json\/wp\/v2\/types\/post"}],"author":[{"embeddable":true,"href":"https:\/\/kurcaloglu.com\/fr\/wp-json\/wp\/v2\/users\/2"}],"replies":[{"embeddable":true,"href":"https:\/\/kurcaloglu.com\/fr\/wp-json\/wp\/v2\/comments?post=14271"}],"version-history":[{"count":13,"href":"https:\/\/kurcaloglu.com\/fr\/wp-json\/wp\/v2\/posts\/14271\/revisions"}],"predecessor-version":[{"id":14284,"href":"https:\/\/kurcaloglu.com\/fr\/wp-json\/wp\/v2\/posts\/14271\/revisions\/14284"}],"wp:attachment":[{"href":"https:\/\/kurcaloglu.com\/fr\/wp-json\/wp\/v2\/media?parent=14271"}],"wp:term":[{"taxonomy":"category","embeddable":true,"href":"https:\/\/kurcaloglu.com\/fr\/wp-json\/wp\/v2\/categories?post=14271"},{"taxonomy":"post_tag","embeddable":true,"href":"https:\/\/kurcaloglu.com\/fr\/wp-json\/wp\/v2\/tags?post=14271"}],"curies":[{"name":"wp","href":"https:\/\/api.w.org\/{rel}","templated":true}]}}