{"id":14381,"date":"2022-10-03T03:03:22","date_gmt":"2022-10-03T00:03:22","guid":{"rendered":"https:\/\/kurcaloglu.com\/?p=14381"},"modified":"2022-10-18T22:34:34","modified_gmt":"2022-10-18T19:34:34","slug":"vasiyetnamenin-iptali","status":"publish","type":"post","link":"https:\/\/kurcaloglu.com\/fr\/vasiyetnamenin-iptali\/","title":{"rendered":"Annulation du Testament"},"content":{"rendered":"<div data-elementor-type=\"wp-post\" data-elementor-id=\"14381\" class=\"elementor elementor-14381\">\n\t\t\t\t\t\t<section class=\"elementor-section elementor-top-section elementor-element elementor-element-d5d9cc3 elementor-section-boxed elementor-section-height-default elementor-section-height-default\" data-id=\"d5d9cc3\" data-element_type=\"section\">\n\t\t\t\t\t\t<div class=\"elementor-container elementor-column-gap-default\">\n\t\t\t\t\t<div class=\"elementor-column elementor-col-100 elementor-top-column elementor-element elementor-element-a27e6b2\" data-id=\"a27e6b2\" data-element_type=\"column\">\n\t\t\t<div class=\"elementor-widget-wrap elementor-element-populated\">\n\t\t\t\t\t\t<div class=\"elementor-element elementor-element-37a1028 elementor-widget elementor-widget-spacer\" data-id=\"37a1028\" data-element_type=\"widget\" data-widget_type=\"spacer.default\">\n\t\t\t\t<div class=\"elementor-widget-container\">\n\t\t\t\t\t<div class=\"elementor-spacer\">\n\t\t\t<div class=\"elementor-spacer-inner\"><\/div>\n\t\t<\/div>\n\t\t\t\t<\/div>\n\t\t\t\t<\/div>\n\t\t\t\t\t<\/div>\n\t\t<\/div>\n\t\t\t\t\t<\/div>\n\t\t<\/section>\n\t\t\t\t<section class=\"elementor-section elementor-top-section elementor-element elementor-element-15e5c30 elementor-section-boxed elementor-section-height-default elementor-section-height-default\" data-id=\"15e5c30\" data-element_type=\"section\" data-settings=\"{&quot;background_background&quot;:&quot;classic&quot;}\">\n\t\t\t\t\t\t<div class=\"elementor-container elementor-column-gap-default\">\n\t\t\t\t\t<div class=\"elementor-column elementor-col-100 elementor-top-column elementor-element elementor-element-bf047f3\" data-id=\"bf047f3\" data-element_type=\"column\">\n\t\t\t<div class=\"elementor-widget-wrap elementor-element-populated\">\n\t\t\t\t\t\t<div class=\"elementor-element elementor-element-ef21b9e elementor-widget elementor-widget-heading\" data-id=\"ef21b9e\" data-element_type=\"widget\" data-widget_type=\"heading.default\">\n\t\t\t\t<div class=\"elementor-widget-container\">\n\t\t\t<h1 class=\"elementor-heading-title elementor-size-xxl\"><b>Annulation du Testament<\/b><\/h1>\t\t<\/div>\n\t\t\t\t<\/div>\n\t\t\t\t<div class=\"elementor-element elementor-element-348785c elementor-widget elementor-widget-image\" data-id=\"348785c\" data-element_type=\"widget\" data-widget_type=\"image.default\">\n\t\t\t\t<div class=\"elementor-widget-container\">\n\t\t\t\t\t\t\t\t\t\t\t\t\t<img fetchpriority=\"high\" decoding=\"async\" width=\"768\" height=\"512\" src=\"https:\/\/kurcaloglu.com\/wp-content\/uploads\/2022\/10\/Vasiyetnamenin-Tenfizi-Davasi-1024x682-1-768x512.jpg\" class=\"attachment-medium_large size-medium_large wp-image-14384\" alt=\"\" srcset=\"https:\/\/kurcaloglu.com\/wp-content\/uploads\/2022\/10\/Vasiyetnamenin-Tenfizi-Davasi-1024x682-1-768x512.jpg 768w, https:\/\/kurcaloglu.com\/wp-content\/uploads\/2022\/10\/Vasiyetnamenin-Tenfizi-Davasi-1024x682-1-300x200.jpg 300w, https:\/\/kurcaloglu.com\/wp-content\/uploads\/2022\/10\/Vasiyetnamenin-Tenfizi-Davasi-1024x682-1.jpg 1024w\" sizes=\"(max-width: 768px) 100vw, 768px\" \/>\t\t\t\t\t\t\t\t\t\t\t\t\t<\/div>\n\t\t\t\t<\/div>\n\t\t\t\t<div class=\"elementor-element elementor-element-de93c5d elementor-widget elementor-widget-heading\" data-id=\"de93c5d\" data-element_type=\"widget\" data-widget_type=\"heading.default\">\n\t\t\t\t<div class=\"elementor-widget-container\">\n\t\t\t<h2 class=\"elementor-heading-title elementor-size-default\"><h1 class=\"elementor-heading-title elementor-size-xxl elementor-inline-editing pen\" data-elementor-setting-key=\"title\" data-pen-placeholder=\"Buraya yaz...\" style=\"text-align: center;\"><span style=\"font-weight: 700;\">Annulation du Testament<\/span><\/h1><\/h2>\t\t<\/div>\n\t\t\t\t<\/div>\n\t\t\t\t<div class=\"elementor-element elementor-element-cdb9975 elementor-widget elementor-widget-text-editor\" data-id=\"cdb9975\" data-element_type=\"widget\" data-widget_type=\"text-editor.default\">\n\t\t\t\t<div class=\"elementor-widget-container\">\n\t\t\t\t\t\t\t<p>Annulation du Testament<br \/>Dans notre droit, la r\u00e9partition des biens d'une personne en cas de d\u00e9c\u00e8s ou d'absence est r\u00e9glement\u00e9e. Cependant, le testateur peut ne pas toujours vouloir que ses biens soient r\u00e9partis selon les r\u00e8gles pr\u00e9vues par la loi. Dans ce cas, il peut d\u00e9cider par testament, en respectant les formes l\u00e9gales pr\u00e9vues, de la mani\u00e8re dont ses biens seront r\u00e9partis et \u00e0 qui ils reviendront. Les r\u00e8gles de r\u00e9partition d\u00e9finies par le testateur peuvent parfois, voire souvent, l\u00e9ser les droits des autres h\u00e9ritiers. Les h\u00e9ritiers dont les parts sont l\u00e9s\u00e9es peuvent intenter une action en r\u00e9duction pour obtenir leur r\u00e9serve h\u00e9r\u00e9ditaire prot\u00e9g\u00e9e par la loi, ou, s'il existe des motifs d'annulation, demander l'annulation du testament qui est contraire \u00e0 leurs int\u00e9r\u00eats pour obtenir les parts d'h\u00e9ritage pr\u00e9vues par la loi.<br \/>Les motifs d'annulation du testament sont limitativement \u00e9num\u00e9r\u00e9s par la loi et l'annulation du testament ne peut \u00eatre prononc\u00e9e qu'en pr\u00e9sence de ces motifs.<\/p>\t\t\t\t\t\t<\/div>\n\t\t\t\t<\/div>\n\t\t\t\t<div class=\"elementor-element elementor-element-79177f6 elementor-widget elementor-widget-heading\" data-id=\"79177f6\" data-element_type=\"widget\" data-widget_type=\"heading.default\">\n\t\t\t\t<div class=\"elementor-widget-container\">\n\t\t\t<h2 class=\"elementor-heading-title elementor-size-default\">Motifs d'Annulation du Testament :\n<\/h2>\t\t<\/div>\n\t\t\t\t<\/div>\n\t\t\t\t<div class=\"elementor-element elementor-element-fd8593a elementor-widget elementor-widget-text-editor\" data-id=\"fd8593a\" data-element_type=\"widget\" data-widget_type=\"text-editor.default\">\n\t\t\t\t<div class=\"elementor-widget-container\">\n\t\t\t\t\t\t\t<p>1. Si le testament a \u00e9t\u00e9 \u00e9tabli lorsque le testateur n'avait pas la capacit\u00e9 de disposer, il sera annul\u00e9. Pour faire un testament, la personne doit avoir au moins quinze ans et \u00eatre capable de discernement. Par exemple, si une personne a, au moment de la r\u00e9daction du testament, une maladie affectant sa capacit\u00e9 de discernement en raison de son \u00e2ge, les h\u00e9ritiers peuvent demander l'annulation du testament. La capacit\u00e9 de la personne sera prouv\u00e9e par un rapport m\u00e9dical.<\/p><p>2. Si le testament a \u00e9t\u00e9 \u00e9tabli sous l'effet d'une erreur, d'une tromperie, de la peur ou de la contrainte, les h\u00e9ritiers ou les l\u00e9gataires peuvent demander l'annulation du testament. Le testament doit refl\u00e9ter la v\u00e9ritable volont\u00e9 du testateur. Par exemple, si les b\u00e9n\u00e9ficiaires du testament menacent de ne pas prendre soin du testateur, ce qui lui cause une peur morale, cela peut \u00eatre consid\u00e9r\u00e9 comme un motif d'annulation du testament par la Cour de cassation.<\/p><p>3. Si le contenu du testament, les conditions ou les charges qui y sont stipul\u00e9es sont contraires \u00e0 la loi ou \u00e0 la morale, le testament peut \u00eatre annul\u00e9. Par exemple, le testateur peut demander l'annulation du testament s'il impose des conditions telles que le divorce ou l'interdiction de mariage d'un h\u00e9ritier.<\/p><p>4. Si le testament n'a pas \u00e9t\u00e9 \u00e9tabli conform\u00e9ment aux formes l\u00e9gales pr\u00e9vues, il peut \u00eatre annul\u00e9. Le testament doit \u00eatre \u00e9tabli en conformit\u00e9 avec les formes pr\u00e9vues par la loi. Sinon, les h\u00e9ritiers ou les l\u00e9gataires peuvent demander l'annulation du testament. Le testament peut \u00eatre \u00e9tabli de mani\u00e8re authentique, olographe ou exceptionnellement de mani\u00e8re orale. Un testament olographe doit \u00eatre enti\u00e8rement \u00e9crit, dat\u00e9 et sign\u00e9 par le testateur. Un testament authentique doit \u00eatre \u00e9tabli en pr\u00e9sence de deux t\u00e9moins et le testateur doit d\u00e9clarer devant eux que ses volont\u00e9s sont correctement consign\u00e9es. L'absence de date sur un testament olographe ou l'absence de d\u00e9claration des t\u00e9moins confirmant la capacit\u00e9 du testateur \u00e0 disposer dans un testament authentique, ou des signatures manquantes, sont des motifs d'annulation.<\/p>\t\t\t\t\t\t<\/div>\n\t\t\t\t<\/div>\n\t\t\t\t<div class=\"elementor-element elementor-element-0873017 elementor-widget elementor-widget-text-editor\" data-id=\"0873017\" data-element_type=\"widget\" data-widget_type=\"text-editor.default\">\n\t\t\t\t<div class=\"elementor-widget-container\">\n\t\t\t\t\t\t\t<p>L'action en annulation du testament peut \u00eatre intent\u00e9e par les h\u00e9ritiers ou les l\u00e9gataires qui y ont un int\u00e9r\u00eat. Elle est intent\u00e9e contre les b\u00e9n\u00e9ficiaires du testament. Il est important de noter que l'annulation du testament ne peut \u00eatre demand\u00e9e tant que le testateur est en vie.<br \/>Vasiyetnamenin iptali davas\u0131, davac\u0131n\u0131n tasarrufu, iptal sebebini ve kendisinin hak sahibi oldu\u011funu \u00f6\u011frendi\u011fi tarihten ba\u015flayarak bir y\u0131l ve her halde vasiyetnamelerde a\u00e7\u0131lma tarihinin, di\u011fer tasarruflarda miras\u0131n ge\u00e7mesi tarihinin \u00fczerinden, iyi niyetli daval\u0131lara kar\u015f\u0131 on y\u0131l, iyi niyetli olmayan daval\u0131lara kar\u015f\u0131 yirmi y\u0131l i\u00e7inde, miras b\u0131rakan\u0131n son yerle\u015fim yeri Asliye Hukuk Mahkemesinde a\u00e7\u0131labilir.<\/p><p>L'action en annulation du testament doit \u00eatre intent\u00e9e dans un d\u00e9lai d'un an \u00e0 compter du jour o\u00f9 le demandeur a eu connaissance du motif d'annulation et de son droit, et dans tous les cas, dans un d\u00e9lai de dix ans \u00e0 compter de la date d'ouverture du testament ou, pour les autres dispositions, de la date de transmission de l'h\u00e9ritage. En cas de mauvaise foi, ce d\u00e9lai est de vingt ans. L'action est intent\u00e9e devant le tribunal de grande instance du dernier domicile du testateur.<\/p><p>L'annulation du testament n'a d'effet qu'\u00e0 l'\u00e9gard de ceux qui en demandent l'annulation. Pour les autres, le testament continue d'avoir effet.<\/p>\t\t\t\t\t\t<\/div>\n\t\t\t\t<\/div>\n\t\t\t\t<div class=\"elementor-element elementor-element-024e5a3 elementor-widget elementor-widget-spacer\" data-id=\"024e5a3\" data-element_type=\"widget\" data-widget_type=\"spacer.default\">\n\t\t\t\t<div class=\"elementor-widget-container\">\n\t\t\t\t\t<div class=\"elementor-spacer\">\n\t\t\t<div class=\"elementor-spacer-inner\"><\/div>\n\t\t<\/div>\n\t\t\t\t<\/div>\n\t\t\t\t<\/div>\n\t\t\t\t<div class=\"elementor-element elementor-element-b535512 elementor-widget elementor-widget-image\" data-id=\"b535512\" data-element_type=\"widget\" data-widget_type=\"image.default\">\n\t\t\t\t<div class=\"elementor-widget-container\">\n\t\t\t\t\t\t\t\t\t\t\t\t\t<img decoding=\"async\" width=\"640\" height=\"426\" src=\"https:\/\/kurcaloglu.com\/wp-content\/uploads\/2022\/10\/9e2250_d08cf14d608c41c6bfca8dd5a7f3cbd6_mv2.webp\" class=\"attachment-large size-large wp-image-14393\" alt=\"\" srcset=\"https:\/\/kurcaloglu.com\/wp-content\/uploads\/2022\/10\/9e2250_d08cf14d608c41c6bfca8dd5a7f3cbd6_mv2.webp 640w, https:\/\/kurcaloglu.com\/wp-content\/uploads\/2022\/10\/9e2250_d08cf14d608c41c6bfca8dd5a7f3cbd6_mv2-300x200.webp 300w\" sizes=\"(max-width: 640px) 100vw, 640px\" \/>\t\t\t\t\t\t\t\t\t\t\t\t\t<\/div>\n\t\t\t\t<\/div>\n\t\t\t\t<div class=\"elementor-element elementor-element-b33f43f elementor-widget elementor-widget-heading\" data-id=\"b33f43f\" data-element_type=\"widget\" data-widget_type=\"heading.default\">\n\t\t\t\t<div class=\"elementor-widget-container\">\n\t\t\t<h1 class=\"elementor-heading-title elementor-size-default\"><b>Cas d'Annulation du Testament<\/b><\/h1>\t\t<\/div>\n\t\t\t\t<\/div>\n\t\t\t\t<div class=\"elementor-element elementor-element-485ccd7 elementor-widget elementor-widget-spacer\" data-id=\"485ccd7\" data-element_type=\"widget\" data-widget_type=\"spacer.default\">\n\t\t\t\t<div class=\"elementor-widget-container\">\n\t\t\t\t\t<div class=\"elementor-spacer\">\n\t\t\t<div class=\"elementor-spacer-inner\"><\/div>\n\t\t<\/div>\n\t\t\t\t<\/div>\n\t\t\t\t<\/div>\n\t\t\t\t<div class=\"elementor-element elementor-element-4235020 elementor-widget elementor-widget-heading\" data-id=\"4235020\" data-element_type=\"widget\" data-widget_type=\"heading.default\">\n\t\t\t\t<div class=\"elementor-widget-container\">\n\t\t\t<h2 class=\"elementor-heading-title elementor-size-default\">L'annulation d'un testament est possible si les motifs suivants sont pr\u00e9sents :<\/h2>\t\t<\/div>\n\t\t\t\t<\/div>\n\t\t\t\t<div class=\"elementor-element elementor-element-e61f0bb elementor-widget elementor-widget-text-editor\" data-id=\"e61f0bb\" data-element_type=\"widget\" data-widget_type=\"text-editor.default\">\n\t\t\t\t<div class=\"elementor-widget-container\">\n\t\t\t\t\t\t\t<p>L'action en annulation de testament est une proc\u00e9dure judiciaire intent\u00e9e par les h\u00e9ritiers et les b\u00e9n\u00e9ficiaires du testament lorsque des vices de consentement, des probl\u00e8mes de capacit\u00e9, ou des violations de la loi et de la morale sont pr\u00e9sents lors de la r\u00e9daction du testament. Cette action permet l'annulation totale ou partielle du testament. Pour qu'une action en annulation de testament soit recevable, le testament doit contrevenir aux principes et proc\u00e9dures \u00e9nonc\u00e9s par la loi. Les motifs d'annulation du testament sont limitativement \u00e9num\u00e9r\u00e9s dans la loi, et seule la pr\u00e9sence de ces motifs permet d'annuler le testament.<\/p><p>En cons\u00e9quence, une action en annulation de testament peut \u00eatre intent\u00e9e dans les cas suivants :<\/p>\t\t\t\t\t\t<\/div>\n\t\t\t\t<\/div>\n\t\t\t\t<div class=\"elementor-element elementor-element-05a39e0 elementor-widget elementor-widget-image\" data-id=\"05a39e0\" data-element_type=\"widget\" data-widget_type=\"image.default\">\n\t\t\t\t<div class=\"elementor-widget-container\">\n\t\t\t\t\t\t\t\t\t\t\t\t\t<img decoding=\"async\" width=\"312\" height=\"162\" src=\"https:\/\/kurcaloglu.com\/wp-content\/uploads\/2022\/10\/Vasiyetname-Nedir.jpg\" class=\"attachment-large size-large wp-image-14385\" alt=\"\" srcset=\"https:\/\/kurcaloglu.com\/wp-content\/uploads\/2022\/10\/Vasiyetname-Nedir.jpg 312w, https:\/\/kurcaloglu.com\/wp-content\/uploads\/2022\/10\/Vasiyetname-Nedir-300x156.jpg 300w\" sizes=\"(max-width: 312px) 100vw, 312px\" \/>\t\t\t\t\t\t\t\t\t\t\t\t\t<\/div>\n\t\t\t\t<\/div>\n\t\t\t\t<div class=\"elementor-element elementor-element-6fcb483 elementor-widget elementor-widget-heading\" data-id=\"6fcb483\" data-element_type=\"widget\" data-widget_type=\"heading.default\">\n\t\t\t\t<div class=\"elementor-widget-container\">\n\t\t\t<h4 class=\"elementor-heading-title elementor-size-default\">SI LE TESTAMENT A \u00c9T\u00c9 R\u00c9DIG\u00c9 \u00c0 UN MOMENT O\u00d9 LE DISPOSANT \u00c9TAIT INCAPABLE DE DISPOSER : <\/h4>\t\t<\/div>\n\t\t\t\t<\/div>\n\t\t\t\t<div class=\"elementor-element elementor-element-8e4a842 elementor-widget elementor-widget-text-editor\" data-id=\"8e4a842\" data-element_type=\"widget\" data-widget_type=\"text-editor.default\">\n\t\t\t\t<div class=\"elementor-widget-container\">\n\t\t\t\t\t\t\t<p>Le testament a \u00e9t\u00e9 \u00e9tabli alors que le testateur n'avait pas la capacit\u00e9 de discernement ou n'avait pas atteint l'\u00e2ge de quinze ans.<\/p>\t\t\t\t\t\t<\/div>\n\t\t\t\t<\/div>\n\t\t\t\t<div class=\"elementor-element elementor-element-6d39e9d elementor-widget elementor-widget-heading\" data-id=\"6d39e9d\" data-element_type=\"widget\" data-widget_type=\"heading.default\">\n\t\t\t\t<div class=\"elementor-widget-container\">\n\t\t\t<h4 class=\"elementor-heading-title elementor-size-default\">SI LE TESTAMENT A \u00c9T\u00c9 R\u00c9DIG\u00c9 SOUS L'INFLUENCE D'ERREUR, DE TROMPERIE, DE MENACE OU DE CONTRAINTE : <\/h4>\t\t<\/div>\n\t\t\t\t<\/div>\n\t\t\t\t<div class=\"elementor-element elementor-element-0fcb2ef elementor-widget elementor-widget-text-editor\" data-id=\"0fcb2ef\" data-element_type=\"widget\" data-widget_type=\"text-editor.default\">\n\t\t\t\t<div class=\"elementor-widget-container\">\n\t\t\t\t\t\t\t<p>Le testateur doit avoir r\u00e9dig\u00e9 le testament sans \u00eatre soumis \u00e0 des causes de vice de consentement telles que la peur, la contrainte, l'erreur ou la tromperie.<\/p>\t\t\t\t\t\t<\/div>\n\t\t\t\t<\/div>\n\t\t\t\t<div class=\"elementor-element elementor-element-f9deb4f elementor-widget elementor-widget-heading\" data-id=\"f9deb4f\" data-element_type=\"widget\" data-widget_type=\"heading.default\">\n\t\t\t\t<div class=\"elementor-widget-container\">\n\t\t\t<h4 class=\"elementor-heading-title elementor-size-default\">SI LE CONTENU DU TESTAMENT, LES CONDITIONS ATTACH\u00c9ES OU LES CHARGES SONT CONTRAIRES \u00c0 LA LOI OU \u00c0 LA MORALE :<\/h4>\t\t<\/div>\n\t\t\t\t<\/div>\n\t\t\t\t<div class=\"elementor-element elementor-element-64f156c elementor-widget elementor-widget-text-editor\" data-id=\"64f156c\" data-element_type=\"widget\" data-widget_type=\"text-editor.default\">\n\t\t\t\t<div class=\"elementor-widget-container\">\n\t\t\t\t\t\t\t<p>Le testament ne doit pas contenir de conditions ou de charges qui conditionnent le transfert des biens \u00e0 une action contraire \u00e0 la loi ou \u00e0 la morale.<\/p>\t\t\t\t\t\t<\/div>\n\t\t\t\t<\/div>\n\t\t\t\t<div class=\"elementor-element elementor-element-7e3a9ec elementor-widget elementor-widget-heading\" data-id=\"7e3a9ec\" data-element_type=\"widget\" data-widget_type=\"heading.default\">\n\t\t\t\t<div class=\"elementor-widget-container\">\n\t\t\t<h4 class=\"elementor-heading-title elementor-size-default\">SI LE TESTAMENT A \u00c9T\u00c9 R\u00c9DIG\u00c9 SANS RESPECTER LES FORMES PR\u00c9VUES PAR LA LOI : <\/h4>\t\t<\/div>\n\t\t\t\t<\/div>\n\t\t\t\t<div class=\"elementor-element elementor-element-26da4ae elementor-widget elementor-widget-text-editor\" data-id=\"26da4ae\" data-element_type=\"widget\" data-widget_type=\"text-editor.default\">\n\t\t\t\t<div class=\"elementor-widget-container\">\n\t\t\t\t\t\t\t<p>Les testaments sont classifi\u00e9s en \u00e9crit, oral et officiel, et chaque type de testament est soumis \u00e0 des exigences de forme sp\u00e9cifiques pr\u00e9vues par la loi. Les testaments doivent \u00eatre r\u00e9dig\u00e9s conform\u00e9ment aux exigences de forme applicables \u00e0 leur type respectif.<\/p><p>En d'autres termes, si le testateur n'\u00e9tait pas capable de discernement au moment de la r\u00e9daction du testament, si le testament a \u00e9t\u00e9 pr\u00e9par\u00e9 sous l'influence d'une erreur, de tromperie, de menace ou de contrainte, si le testament contient des conditions ou des charges contraires \u00e0 la loi ou \u00e0 la morale, et enfin, si le testament a \u00e9t\u00e9 r\u00e9dig\u00e9 en violation des exigences de forme, il est possible d'intenter une action en annulation du testament et d'obtenir son annulation.<\/p>\t\t\t\t\t\t<\/div>\n\t\t\t\t<\/div>\n\t\t\t\t<div class=\"elementor-element elementor-element-0c8a267 elementor-widget elementor-widget-image\" data-id=\"0c8a267\" data-element_type=\"widget\" data-widget_type=\"image.default\">\n\t\t\t\t<div class=\"elementor-widget-container\">\n\t\t\t\t\t\t\t\t\t\t\t\t\t<img loading=\"lazy\" decoding=\"async\" width=\"468\" height=\"300\" src=\"https:\/\/kurcaloglu.com\/wp-content\/uploads\/2022\/10\/vasiyetname-sartlari-nedir-vasiyetin-tenfizi-dava-dilekce-ornegi-41zlgGAx-1.jpeg\" class=\"attachment-large size-large wp-image-14394\" alt=\"\" srcset=\"https:\/\/kurcaloglu.com\/wp-content\/uploads\/2022\/10\/vasiyetname-sartlari-nedir-vasiyetin-tenfizi-dava-dilekce-ornegi-41zlgGAx-1.jpeg 468w, https:\/\/kurcaloglu.com\/wp-content\/uploads\/2022\/10\/vasiyetname-sartlari-nedir-vasiyetin-tenfizi-dava-dilekce-ornegi-41zlgGAx-1-300x192.jpeg 300w\" sizes=\"(max-width: 468px) 100vw, 468px\" \/>\t\t\t\t\t\t\t\t\t\t\t\t\t<\/div>\n\t\t\t\t<\/div>\n\t\t\t\t<div class=\"elementor-element elementor-element-f566677 elementor-widget elementor-widget-heading\" data-id=\"f566677\" data-element_type=\"widget\" data-widget_type=\"heading.default\">\n\t\t\t\t<div class=\"elementor-widget-container\">\n\t\t\t<h2 class=\"elementor-heading-title elementor-size-default\">Conditions et Types de Testament<\/h2>\t\t<\/div>\n\t\t\t\t<\/div>\n\t\t\t\t<div class=\"elementor-element elementor-element-2d426a7 elementor-widget elementor-widget-text-editor\" data-id=\"2d426a7\" data-element_type=\"widget\" data-widget_type=\"text-editor.default\">\n\t\t\t\t<div class=\"elementor-widget-container\">\n\t\t\t\t\t\t\t<p>Pour pouvoir r\u00e9diger un testament, il est d'abord n\u00e9cessaire d'avoir atteint l'\u00e2ge de quinze ans et de poss\u00e9der la capacit\u00e9 de discernement (article 502 du Code civil).<\/p><p class=\" translation-block\">Il existe des exigences l\u00e9gales \u00e0 respecter lors de la r\u00e9daction d'un testament. Selon le Code civil, un testament peut \u00eatre r\u00e9dig\u00e9 de trois mani\u00e8res :<br>- Testament officiel (article 532-537 du Code civil),<br>- Testament olographe (article 538 du Code civil),<br>- Testament oral (article 539-541 du Code civil).<\/p><p>Le testament officiel est r\u00e9dig\u00e9 par un fonctionnaire public en pr\u00e9sence de deux t\u00e9moins. Le fonctionnaire charg\u00e9 de r\u00e9diger le testament peut \u00eatre un juge de paix, un notaire ou un autre agent autoris\u00e9 par la loi. De plus, il est interdit de faire des avantages \u00e0 ces personnes par le biais d'un testament officiel : le fonctionnaire public ou les t\u00e9moins ayant particip\u00e9 \u00e0 la r\u00e9daction du testament, ainsi que leurs descendants directs, ascendants, fr\u00e8res et s\u0153urs, et les conjoints de ces personnes (article 536\/ll du Code civil). Si un avantage est accord\u00e9 \u00e0 ces personnes par testament officiel, seule la partie de l'acte li\u00e9e \u00e0 cet avantage doit \u00eatre annul\u00e9e, et non l'int\u00e9gralit\u00e9 de la disposition testamentaire (article 558 du Code civil).<\/p><p>Le testament olographe est r\u00e9gi selon l'article 538 du Code civil. Le testateur doit r\u00e9diger ce type de testament de sa propre main, le dater et le signer. \u00c0 d\u00e9faut, les exigences de forme ne sont pas respect\u00e9es. Dans ce cas, le testament est invalide en raison d'un d\u00e9faut de forme. La signature doit \u00eatre manuscrite ; toute autre forme de signature n'est pas valable.<\/p><p>Le testament oral ne peut \u00eatre \u00e9tabli que dans des circonstances exceptionnelles, lorsque le testateur n'a pas la possibilit\u00e9 de faire un testament par un autre moyen. M\u00eame si les conditions pour un testament oral sont remplies, si le testateur peut faire un testament officiel ou olographe, le testament oral devient invalide. Si les circonstances exceptionnelles ayant conduit \u00e0 l'\u00e9tablissement du testament oral cessent, et que le testateur est toujours en vie un mois apr\u00e8s, le testament oral devient automatiquement nul sans d\u00e9cision judiciaire (article 541 du Code civil). Dans ce cas, le testament est consid\u00e9r\u00e9 comme n'ayant jamais exist\u00e9 r\u00e9troactivement.<\/p>\t\t\t\t\t\t<\/div>\n\t\t\t\t<\/div>\n\t\t\t\t<div class=\"elementor-element elementor-element-e8a6767 elementor-widget elementor-widget-spacer\" data-id=\"e8a6767\" data-element_type=\"widget\" data-widget_type=\"spacer.default\">\n\t\t\t\t<div class=\"elementor-widget-container\">\n\t\t\t\t\t<div class=\"elementor-spacer\">\n\t\t\t<div class=\"elementor-spacer-inner\"><\/div>\n\t\t<\/div>\n\t\t\t\t<\/div>\n\t\t\t\t<\/div>\n\t\t\t\t<div class=\"elementor-element elementor-element-7477755 elementor-widget elementor-widget-image\" data-id=\"7477755\" data-element_type=\"widget\" data-widget_type=\"image.default\">\n\t\t\t\t<div class=\"elementor-widget-container\">\n\t\t\t\t\t\t\t\t\t\t\t\t\t<img loading=\"lazy\" decoding=\"async\" width=\"390\" height=\"220\" src=\"https:\/\/kurcaloglu.com\/wp-content\/uploads\/2022\/10\/vasiyetname-390x220-1.webp\" class=\"attachment-large size-large wp-image-14398\" alt=\"\" srcset=\"https:\/\/kurcaloglu.com\/wp-content\/uploads\/2022\/10\/vasiyetname-390x220-1.webp 390w, https:\/\/kurcaloglu.com\/wp-content\/uploads\/2022\/10\/vasiyetname-390x220-1-300x169.webp 300w\" sizes=\"(max-width: 390px) 100vw, 390px\" \/>\t\t\t\t\t\t\t\t\t\t\t\t\t<\/div>\n\t\t\t\t<\/div>\n\t\t\t\t<div class=\"elementor-element elementor-element-632b3f4 elementor-widget elementor-widget-heading\" data-id=\"632b3f4\" data-element_type=\"widget\" data-widget_type=\"heading.default\">\n\t\t\t\t<div class=\"elementor-widget-container\">\n\t\t\t<h2 class=\"elementor-heading-title elementor-size-default\">Qui Peut Intenter une Action en Annulation du Testament ?<\/h2>\t\t<\/div>\n\t\t\t\t<\/div>\n\t\t\t\t<div class=\"elementor-element elementor-element-26503ce elementor-widget elementor-widget-text-editor\" data-id=\"26503ce\" data-element_type=\"widget\" data-widget_type=\"text-editor.default\">\n\t\t\t\t<div class=\"elementor-widget-container\">\n\t\t\t\t\t\t\t<p>L'action en annulation du testament ne peut \u00eatre intent\u00e9e que si le testateur est d\u00e9c\u00e9d\u00e9. Les h\u00e9ritiers ou les l\u00e9gataires qui ont un int\u00e9r\u00eat dans l'annulation du testament sont habilit\u00e9s \u00e0 intenter cette action.<\/p>\t\t\t\t\t\t<\/div>\n\t\t\t\t<\/div>\n\t\t\t\t<div class=\"elementor-element elementor-element-b56211f elementor-widget elementor-widget-spacer\" data-id=\"b56211f\" data-element_type=\"widget\" data-widget_type=\"spacer.default\">\n\t\t\t\t<div class=\"elementor-widget-container\">\n\t\t\t\t\t<div class=\"elementor-spacer\">\n\t\t\t<div class=\"elementor-spacer-inner\"><\/div>\n\t\t<\/div>\n\t\t\t\t<\/div>\n\t\t\t\t<\/div>\n\t\t\t\t<div class=\"elementor-element elementor-element-7710df3 elementor-widget elementor-widget-image\" data-id=\"7710df3\" data-element_type=\"widget\" data-widget_type=\"image.default\">\n\t\t\t\t<div class=\"elementor-widget-container\">\n\t\t\t\t\t\t\t\t\t\t\t\t\t<img loading=\"lazy\" decoding=\"async\" width=\"392\" height=\"237\" src=\"https:\/\/kurcaloglu.com\/wp-content\/uploads\/2022\/10\/vasiyetname-nedir-nasil-hazirlanir-vasiyetnamenin-bozulma-sartlari.jpg\" class=\"attachment-large size-large wp-image-14399\" alt=\"\" srcset=\"https:\/\/kurcaloglu.com\/wp-content\/uploads\/2022\/10\/vasiyetname-nedir-nasil-hazirlanir-vasiyetnamenin-bozulma-sartlari.jpg 392w, https:\/\/kurcaloglu.com\/wp-content\/uploads\/2022\/10\/vasiyetname-nedir-nasil-hazirlanir-vasiyetnamenin-bozulma-sartlari-300x181.jpg 300w\" sizes=\"(max-width: 392px) 100vw, 392px\" \/>\t\t\t\t\t\t\t\t\t\t\t\t\t<\/div>\n\t\t\t\t<\/div>\n\t\t\t\t<div class=\"elementor-element elementor-element-009543b elementor-widget elementor-widget-heading\" data-id=\"009543b\" data-element_type=\"widget\" data-widget_type=\"heading.default\">\n\t\t\t\t<div class=\"elementor-widget-container\">\n\t\t\t<h2 class=\"elementor-heading-title elementor-size-default translation-block\">O\u00f9 et Quand Intenter une Action en Annulation du Testament ?<\/h2>\t\t<\/div>\n\t\t\t\t<\/div>\n\t\t\t\t<div class=\"elementor-element elementor-element-44795ec elementor-widget elementor-widget-text-editor\" data-id=\"44795ec\" data-element_type=\"widget\" data-widget_type=\"text-editor.default\">\n\t\t\t\t<div class=\"elementor-widget-container\">\n\t\t\t\t\t\t\t<p>Selon l'article 559 du Code civil turc, les d\u00e9lais pour intenter une action en annulation sont les suivants : \"Le droit d'intenter une action en annulation se prescrit par un an \u00e0 compter du jour o\u00f9 le demandeur a eu connaissance du motif d'annulation et de son droit, et dans tous les cas par dix ans \u00e0 compter de la date d'ouverture du testament ou, pour les autres dispositions, de la date de transmission de l'h\u00e9ritage. En cas de mauvaise foi, ce d\u00e9lai est de vingt ans.\"<\/p><p>Ainsi, les h\u00e9ritiers et les l\u00e9gataires ayant un int\u00e9r\u00eat doivent intenter l'action en annulation dans un d\u00e9lai d'un an \u00e0 compter de la d\u00e9couverte du motif d'annulation, ou dans un d\u00e9lai de dix ans (vingt ans en cas de mauvaise foi) \u00e0 compter de la date d'ouverture du testament ou de la transmission de l'h\u00e9ritage.<\/p><p>Le tribunal comp\u00e9tent est le tribunal de grande instance du dernier domicile du testateur.<\/p>\t\t\t\t\t\t<\/div>\n\t\t\t\t<\/div>\n\t\t\t\t\t<\/div>\n\t\t<\/div>\n\t\t\t\t\t<\/div>\n\t\t<\/section>\n\t\t\t\t<section class=\"elementor-section elementor-top-section elementor-element elementor-element-b87b702 elementor-section-boxed elementor-section-height-default elementor-section-height-default\" data-id=\"b87b702\" data-element_type=\"section\">\n\t\t\t\t\t\t<div class=\"elementor-container elementor-column-gap-default\">\n\t\t\t\t\t<div class=\"elementor-column elementor-col-100 elementor-top-column elementor-element elementor-element-e92ab7d\" data-id=\"e92ab7d\" data-element_type=\"column\">\n\t\t\t<div class=\"elementor-widget-wrap\">\n\t\t\t\t\t\t\t<\/div>\n\t\t<\/div>\n\t\t\t\t\t<\/div>\n\t\t<\/section>\n\t\t\t\t<\/div>","protected":false},"excerpt":{"rendered":"<p>VAS\u0130YETNAMEN\u0130N \u0130PTAL\u0130 VAS\u0130YETNAMEN\u0130N \u0130PTAL\u0130 Vasiyetnamenin \u0130ptali Hukukumuzda, ki\u015finin vefat\u0131 veya gaipli\u011fi halinde, mal varl\u0131\u011f\u0131n\u0131n kimlere, nas\u0131l intikal edece\u011fi d\u00fczenlenmi\u015ftir. Miras b\u0131rakan, her zaman mal varl\u0131\u011f\u0131n\u0131n yasada belirlenen kurallara g\u00f6re payla\u015ft\u0131r\u0131lmas\u0131n\u0131 istemeyebilir. Bu halde, miras\u0131n\u0131n kimlere, hangi oranda payla\u015ft\u0131r\u0131laca\u011f\u0131n\u0131 kanunda \u00f6ng\u00f6r\u00fclen \u015fekil \u015fartlar\u0131na uyarak genellikle bir vasiyetname ile kendisi belirleyebilir. Miras b\u0131rakan\u0131n, belirlemi\u015f oldu\u011fu payla\u015ft\u0131rma kurallar\u0131,&#8230;<\/p>","protected":false},"author":1,"featured_media":0,"comment_status":"open","ping_status":"open","sticky":false,"template":"elementor_header_footer","format":"standard","meta":{"footnotes":""},"categories":[655,652],"tags":[786,770,776,785,775,784,788,780,781,787,782,783],"yoast_head":"<!-- This site is optimized with the Yoast SEO plugin v22.8 - https:\/\/yoast.com\/wordpress\/plugins\/seo\/ -->\n<title>VAS\u0130YETNAMEN\u0130N \u0130PTAL\u0130 - Kur&ccedil;alo\u011flu Hukuk &amp; Partners<\/title>\n<meta name=\"robots\" content=\"index, follow, max-snippet:-1, max-image-preview:large, max-video-preview:-1\" \/>\n<link rel=\"canonical\" href=\"https:\/\/kurcaloglu.com\/fr\/vasiyetnamenin-iptali\/\" \/>\n<meta property=\"og:locale\" content=\"fr_FR\" \/>\n<meta property=\"og:type\" content=\"article\" \/>\n<meta property=\"og:title\" content=\"VAS\u0130YETNAMEN\u0130N \u0130PTAL\u0130 - Kur&ccedil;alo\u011flu Hukuk &amp; Partners\" \/>\n<meta property=\"og:description\" content=\"VAS\u0130YETNAMEN\u0130N \u0130PTAL\u0130 VAS\u0130YETNAMEN\u0130N \u0130PTAL\u0130 Vasiyetnamenin \u0130ptali Hukukumuzda, ki\u015finin vefat\u0131 veya gaipli\u011fi halinde, mal varl\u0131\u011f\u0131n\u0131n kimlere, nas\u0131l intikal edece\u011fi d\u00fczenlenmi\u015ftir. Miras b\u0131rakan, her zaman mal varl\u0131\u011f\u0131n\u0131n yasada belirlenen kurallara g\u00f6re payla\u015ft\u0131r\u0131lmas\u0131n\u0131 istemeyebilir. Bu halde, miras\u0131n\u0131n kimlere, hangi oranda payla\u015ft\u0131r\u0131laca\u011f\u0131n\u0131 kanunda \u00f6ng\u00f6r\u00fclen \u015fekil \u015fartlar\u0131na uyarak genellikle bir vasiyetname ile kendisi belirleyebilir. Miras b\u0131rakan\u0131n, belirlemi\u015f oldu\u011fu payla\u015ft\u0131rma kurallar\u0131,...\" \/>\n<meta property=\"og:url\" content=\"https:\/\/kurcaloglu.com\/fr\/vasiyetnamenin-iptali\/\" \/>\n<meta property=\"og:site_name\" content=\"Kur&ccedil;alo\u011flu Hukuk &amp; Partners\" \/>\n<meta property=\"article:publisher\" content=\"https:\/\/www.facebook.com\/profile.php?id=100090344741598\" \/>\n<meta property=\"article:published_time\" content=\"2022-10-03T00:03:22+00:00\" \/>\n<meta property=\"article:modified_time\" content=\"2022-10-18T19:34:34+00:00\" \/>\n<meta property=\"og:image\" content=\"https:\/\/kurcaloglu.com\/wp-content\/uploads\/2022\/10\/Vasiyetnamenin-Tenfizi-Davasi-1024x682-1-768x512.jpg\" \/>\n<meta name=\"author\" content=\"admin\" \/>\n<meta name=\"twitter:card\" content=\"summary_large_image\" \/>\n<meta name=\"twitter:creator\" content=\"@KurcalogluHukuk\" \/>\n<meta name=\"twitter:site\" content=\"@KurcalogluHukuk\" \/>\n<meta name=\"twitter:label1\" content=\"\u00c9crit par\" \/>\n\t<meta name=\"twitter:data1\" content=\"admin\" \/>\n\t<meta name=\"twitter:label2\" content=\"Dur\u00e9e de lecture estim\u00e9e\" \/>\n\t<meta name=\"twitter:data2\" content=\"9 minutes\" \/>\n<script type=\"application\/ld+json\" class=\"yoast-schema-graph\">{\"@context\":\"https:\/\/schema.org\",\"@graph\":[{\"@type\":\"Article\",\"@id\":\"https:\/\/kurcaloglu.com\/vasiyetnamenin-iptali\/#article\",\"isPartOf\":{\"@id\":\"https:\/\/kurcaloglu.com\/vasiyetnamenin-iptali\/\"},\"author\":{\"name\":\"admin\",\"@id\":\"https:\/\/kurcaloglu.com\/#\/schema\/person\/1c68de35cc0dce6dbbe2360763923675\"},\"headline\":\"VAS\u0130YETNAMEN\u0130N \u0130PTAL\u0130\",\"datePublished\":\"2022-10-03T00:03:22+00:00\",\"dateModified\":\"2022-10-18T19:34:34+00:00\",\"mainEntityOfPage\":{\"@id\":\"https:\/\/kurcaloglu.com\/vasiyetnamenin-iptali\/\"},\"wordCount\":1668,\"commentCount\":0,\"publisher\":{\"@id\":\"https:\/\/kurcaloglu.com\/#organization\"},\"image\":{\"@id\":\"https:\/\/kurcaloglu.com\/vasiyetnamenin-iptali\/#primaryimage\"},\"thumbnailUrl\":\"https:\/\/kurcaloglu.com\/wp-content\/uploads\/2022\/10\/Vasiyetnamenin-Tenfizi-Davasi-1024x682-1-768x512.jpg\",\"keywords\":[\"Miras Avukat\u0131 \u0130stanbul\",\"Miras Hukuku\",\"Miras Hukuku Avukat\u0131\",\"Miras Hukuku \u0130stanbul\",\"Miras Hukuku T\u00fcrkiye\",\"Miras Hukuku Vasiyetnamenin \u0130ptali Davas\u0131\",\"Vasiyetnamenin iptal \u015eartlar\u0131 Nelerdir?\",\"Vasiyetnamenin \u0130ptali\",\"Vasiyetnamenin \u0130ptali Davas\u0131\",\"Vasiyetnamenin \u0130ptali Davas\u0131 istanbul\",\"Vasiyetnamenin \u0130ptali Davas\u0131 \u0130stanbul\",\"Vasiyetnamenin \u0130ptali Davas\u0131 T\u00fcrkiye\"],\"articleSection\":[\"Makaleler B\u00fct\u00fcn Kategoriler\",\"Makaleler Miras Hukuku\"],\"inLanguage\":\"fr-FR\",\"potentialAction\":[{\"@type\":\"CommentAction\",\"name\":\"Comment\",\"target\":[\"https:\/\/kurcaloglu.com\/vasiyetnamenin-iptali\/#respond\"]}]},{\"@type\":\"WebPage\",\"@id\":\"https:\/\/kurcaloglu.com\/vasiyetnamenin-iptali\/\",\"url\":\"https:\/\/kurcaloglu.com\/vasiyetnamenin-iptali\/\",\"name\":\"VAS\u0130YETNAMEN\u0130N \u0130PTAL\u0130 - Kur&ccedil;alo\u011flu Hukuk &amp; Partners\",\"isPartOf\":{\"@id\":\"https:\/\/kurcaloglu.com\/#website\"},\"primaryImageOfPage\":{\"@id\":\"https:\/\/kurcaloglu.com\/vasiyetnamenin-iptali\/#primaryimage\"},\"image\":{\"@id\":\"https:\/\/kurcaloglu.com\/vasiyetnamenin-iptali\/#primaryimage\"},\"thumbnailUrl\":\"https:\/\/kurcaloglu.com\/wp-content\/uploads\/2022\/10\/Vasiyetnamenin-Tenfizi-Davasi-1024x682-1-768x512.jpg\",\"datePublished\":\"2022-10-03T00:03:22+00:00\",\"dateModified\":\"2022-10-18T19:34:34+00:00\",\"breadcrumb\":{\"@id\":\"https:\/\/kurcaloglu.com\/vasiyetnamenin-iptali\/#breadcrumb\"},\"inLanguage\":\"fr-FR\",\"potentialAction\":[{\"@type\":\"ReadAction\",\"target\":[\"https:\/\/kurcaloglu.com\/vasiyetnamenin-iptali\/\"]}]},{\"@type\":\"ImageObject\",\"inLanguage\":\"fr-FR\",\"@id\":\"https:\/\/kurcaloglu.com\/vasiyetnamenin-iptali\/#primaryimage\",\"url\":\"https:\/\/kurcaloglu.com\/wp-content\/uploads\/2022\/10\/Vasiyetnamenin-Tenfizi-Davasi-1024x682-1-768x512.jpg\",\"contentUrl\":\"https:\/\/kurcaloglu.com\/wp-content\/uploads\/2022\/10\/Vasiyetnamenin-Tenfizi-Davasi-1024x682-1-768x512.jpg\"},{\"@type\":\"BreadcrumbList\",\"@id\":\"https:\/\/kurcaloglu.com\/vasiyetnamenin-iptali\/#breadcrumb\",\"itemListElement\":[{\"@type\":\"ListItem\",\"position\":1,\"name\":\"Anasayfa\",\"item\":\"https:\/\/kurcaloglu.com\/\"},{\"@type\":\"ListItem\",\"position\":2,\"name\":\"VAS\u0130YETNAMEN\u0130N \u0130PTAL\u0130\"}]},{\"@type\":\"WebSite\",\"@id\":\"https:\/\/kurcaloglu.com\/#website\",\"url\":\"https:\/\/kurcaloglu.com\/\",\"name\":\"Kur\u00e7alo\u011flu Hukuk & Partners\",\"description\":\"Ceza hukuku- \u0130cra iflas hukuku, Miras hukuku, Bo\u015fanma hukuk, \u0130\u015f hukuku\",\"publisher\":{\"@id\":\"https:\/\/kurcaloglu.com\/#organization\"},\"alternateName\":\"Kur\u00e7alo\u011flu Hukuk & Partners\",\"potentialAction\":[{\"@type\":\"SearchAction\",\"target\":{\"@type\":\"EntryPoint\",\"urlTemplate\":\"https:\/\/kurcaloglu.com\/?s={search_term_string}\"},\"query-input\":\"required name=search_term_string\"}],\"inLanguage\":\"fr-FR\"},{\"@type\":\"Organization\",\"@id\":\"https:\/\/kurcaloglu.com\/#organization\",\"name\":\"Kur\u00e7alo\u011flu Hukuk & Partners\",\"alternateName\":\"Kur\u00e7alo\u011flu Hukuk & Partners\",\"url\":\"https:\/\/kurcaloglu.com\/\",\"logo\":{\"@type\":\"ImageObject\",\"inLanguage\":\"fr-FR\",\"@id\":\"https:\/\/kurcaloglu.com\/#\/schema\/logo\/image\/\",\"url\":\"https:\/\/kurcaloglu.com\/wp-content\/uploads\/2022\/04\/cropped-cropped-cropped-Adsiz-tasarim-1-2-1.png\",\"contentUrl\":\"https:\/\/kurcaloglu.com\/wp-content\/uploads\/2022\/04\/cropped-cropped-cropped-Adsiz-tasarim-1-2-1.png\",\"width\":245,\"height\":65,\"caption\":\"Kur\u00e7alo\u011flu Hukuk & Partners\"},\"image\":{\"@id\":\"https:\/\/kurcaloglu.com\/#\/schema\/logo\/image\/\"},\"sameAs\":[\"https:\/\/www.facebook.com\/profile.php?id=100090344741598\",\"https:\/\/x.com\/KurcalogluHukuk\",\"https:\/\/www.facebook.com\/kurcalogluhukuk&partners\",\"https:\/\/www.instagram.com\/kurcalogluhukuk&Partners\/?hl=tr\"]},{\"@type\":\"Person\",\"@id\":\"https:\/\/kurcaloglu.com\/#\/schema\/person\/1c68de35cc0dce6dbbe2360763923675\",\"name\":\"admin\",\"image\":{\"@type\":\"ImageObject\",\"inLanguage\":\"fr-FR\",\"@id\":\"https:\/\/kurcaloglu.com\/#\/schema\/person\/image\/\",\"url\":\"https:\/\/secure.gravatar.com\/avatar\/22be8f8cfea2b6627b98e3bd7d7911a6?s=96&d=mm&r=g\",\"contentUrl\":\"https:\/\/secure.gravatar.com\/avatar\/22be8f8cfea2b6627b98e3bd7d7911a6?s=96&d=mm&r=g\",\"caption\":\"admin\"},\"sameAs\":[\"http:\/\/kurcaloglu.com\"],\"url\":\"https:\/\/kurcaloglu.com\/fr\/author\/admin\/\"}]}<\/script>\n<!-- \/ Yoast SEO plugin. -->","yoast_head_json":{"title":"VAS\u0130YETNAMEN\u0130N \u0130PTAL\u0130 - Kur&ccedil;alo\u011flu Hukuk &amp; Partners","robots":{"index":"index","follow":"follow","max-snippet":"max-snippet:-1","max-image-preview":"max-image-preview:large","max-video-preview":"max-video-preview:-1"},"canonical":"https:\/\/kurcaloglu.com\/fr\/vasiyetnamenin-iptali\/","og_locale":"fr_FR","og_type":"article","og_title":"VAS\u0130YETNAMEN\u0130N \u0130PTAL\u0130 - Kur&ccedil;alo\u011flu Hukuk &amp; Partners","og_description":"VAS\u0130YETNAMEN\u0130N \u0130PTAL\u0130 VAS\u0130YETNAMEN\u0130N \u0130PTAL\u0130 Vasiyetnamenin \u0130ptali Hukukumuzda, ki\u015finin vefat\u0131 veya gaipli\u011fi halinde, mal varl\u0131\u011f\u0131n\u0131n kimlere, nas\u0131l intikal edece\u011fi d\u00fczenlenmi\u015ftir. Miras b\u0131rakan, her zaman mal varl\u0131\u011f\u0131n\u0131n yasada belirlenen kurallara g\u00f6re payla\u015ft\u0131r\u0131lmas\u0131n\u0131 istemeyebilir. Bu halde, miras\u0131n\u0131n kimlere, hangi oranda payla\u015ft\u0131r\u0131laca\u011f\u0131n\u0131 kanunda \u00f6ng\u00f6r\u00fclen \u015fekil \u015fartlar\u0131na uyarak genellikle bir vasiyetname ile kendisi belirleyebilir. Miras b\u0131rakan\u0131n, belirlemi\u015f oldu\u011fu payla\u015ft\u0131rma kurallar\u0131,...","og_url":"https:\/\/kurcaloglu.com\/fr\/vasiyetnamenin-iptali\/","og_site_name":"Kur&ccedil;alo\u011flu Hukuk &amp; Partners","article_publisher":"https:\/\/www.facebook.com\/profile.php?id=100090344741598","article_published_time":"2022-10-03T00:03:22+00:00","article_modified_time":"2022-10-18T19:34:34+00:00","og_image":[{"url":"https:\/\/kurcaloglu.com\/wp-content\/uploads\/2022\/10\/Vasiyetnamenin-Tenfizi-Davasi-1024x682-1-768x512.jpg"}],"author":"admin","twitter_card":"summary_large_image","twitter_creator":"@KurcalogluHukuk","twitter_site":"@KurcalogluHukuk","twitter_misc":{"\u00c9crit par":"admin","Dur\u00e9e de lecture estim\u00e9e":"9 minutes"},"schema":{"@context":"https:\/\/schema.org","@graph":[{"@type":"Article","@id":"https:\/\/kurcaloglu.com\/vasiyetnamenin-iptali\/#article","isPartOf":{"@id":"https:\/\/kurcaloglu.com\/vasiyetnamenin-iptali\/"},"author":{"name":"admin","@id":"https:\/\/kurcaloglu.com\/#\/schema\/person\/1c68de35cc0dce6dbbe2360763923675"},"headline":"VAS\u0130YETNAMEN\u0130N \u0130PTAL\u0130","datePublished":"2022-10-03T00:03:22+00:00","dateModified":"2022-10-18T19:34:34+00:00","mainEntityOfPage":{"@id":"https:\/\/kurcaloglu.com\/vasiyetnamenin-iptali\/"},"wordCount":1668,"commentCount":0,"publisher":{"@id":"https:\/\/kurcaloglu.com\/#organization"},"image":{"@id":"https:\/\/kurcaloglu.com\/vasiyetnamenin-iptali\/#primaryimage"},"thumbnailUrl":"https:\/\/kurcaloglu.com\/wp-content\/uploads\/2022\/10\/Vasiyetnamenin-Tenfizi-Davasi-1024x682-1-768x512.jpg","keywords":["Miras Avukat\u0131 \u0130stanbul","Miras Hukuku","Miras Hukuku Avukat\u0131","Miras Hukuku \u0130stanbul","Miras Hukuku T\u00fcrkiye","Miras Hukuku Vasiyetnamenin \u0130ptali Davas\u0131","Vasiyetnamenin iptal \u015eartlar\u0131 Nelerdir?","Vasiyetnamenin \u0130ptali","Vasiyetnamenin \u0130ptali Davas\u0131","Vasiyetnamenin \u0130ptali Davas\u0131 istanbul","Vasiyetnamenin \u0130ptali Davas\u0131 \u0130stanbul","Vasiyetnamenin \u0130ptali Davas\u0131 T\u00fcrkiye"],"articleSection":["Makaleler B\u00fct\u00fcn Kategoriler","Makaleler Miras Hukuku"],"inLanguage":"fr-FR","potentialAction":[{"@type":"CommentAction","name":"Comment","target":["https:\/\/kurcaloglu.com\/vasiyetnamenin-iptali\/#respond"]}]},{"@type":"WebPage","@id":"https:\/\/kurcaloglu.com\/vasiyetnamenin-iptali\/","url":"https:\/\/kurcaloglu.com\/vasiyetnamenin-iptali\/","name":"VAS\u0130YETNAMEN\u0130N \u0130PTAL\u0130 - Kur&ccedil;alo\u011flu Hukuk &amp; Partners","isPartOf":{"@id":"https:\/\/kurcaloglu.com\/#website"},"primaryImageOfPage":{"@id":"https:\/\/kurcaloglu.com\/vasiyetnamenin-iptali\/#primaryimage"},"image":{"@id":"https:\/\/kurcaloglu.com\/vasiyetnamenin-iptali\/#primaryimage"},"thumbnailUrl":"https:\/\/kurcaloglu.com\/wp-content\/uploads\/2022\/10\/Vasiyetnamenin-Tenfizi-Davasi-1024x682-1-768x512.jpg","datePublished":"2022-10-03T00:03:22+00:00","dateModified":"2022-10-18T19:34:34+00:00","breadcrumb":{"@id":"https:\/\/kurcaloglu.com\/vasiyetnamenin-iptali\/#breadcrumb"},"inLanguage":"fr-FR","potentialAction":[{"@type":"ReadAction","target":["https:\/\/kurcaloglu.com\/vasiyetnamenin-iptali\/"]}]},{"@type":"ImageObject","inLanguage":"fr-FR","@id":"https:\/\/kurcaloglu.com\/vasiyetnamenin-iptali\/#primaryimage","url":"https:\/\/kurcaloglu.com\/wp-content\/uploads\/2022\/10\/Vasiyetnamenin-Tenfizi-Davasi-1024x682-1-768x512.jpg","contentUrl":"https:\/\/kurcaloglu.com\/wp-content\/uploads\/2022\/10\/Vasiyetnamenin-Tenfizi-Davasi-1024x682-1-768x512.jpg"},{"@type":"BreadcrumbList","@id":"https:\/\/kurcaloglu.com\/vasiyetnamenin-iptali\/#breadcrumb","itemListElement":[{"@type":"ListItem","position":1,"name":"Anasayfa","item":"https:\/\/kurcaloglu.com\/"},{"@type":"ListItem","position":2,"name":"VAS\u0130YETNAMEN\u0130N \u0130PTAL\u0130"}]},{"@type":"WebSite","@id":"https:\/\/kurcaloglu.com\/#website","url":"https:\/\/kurcaloglu.com\/","name":"Kur\u00e7alo\u011flu Hukuk & Partners","description":"Ceza hukuku- \u0130cra iflas hukuku, Miras hukuku, Bo\u015fanma hukuk, \u0130\u015f hukuku","publisher":{"@id":"https:\/\/kurcaloglu.com\/#organization"},"alternateName":"Kur\u00e7alo\u011flu Hukuk & Partners","potentialAction":[{"@type":"SearchAction","target":{"@type":"EntryPoint","urlTemplate":"https:\/\/kurcaloglu.com\/?s={search_term_string}"},"query-input":"required name=search_term_string"}],"inLanguage":"fr-FR"},{"@type":"Organization","@id":"https:\/\/kurcaloglu.com\/#organization","name":"Kur\u00e7alo\u011flu Hukuk & Partners","alternateName":"Kur\u00e7alo\u011flu Hukuk & Partners","url":"https:\/\/kurcaloglu.com\/","logo":{"@type":"ImageObject","inLanguage":"fr-FR","@id":"https:\/\/kurcaloglu.com\/#\/schema\/logo\/image\/","url":"https:\/\/kurcaloglu.com\/wp-content\/uploads\/2022\/04\/cropped-cropped-cropped-Adsiz-tasarim-1-2-1.png","contentUrl":"https:\/\/kurcaloglu.com\/wp-content\/uploads\/2022\/04\/cropped-cropped-cropped-Adsiz-tasarim-1-2-1.png","width":245,"height":65,"caption":"Kur\u00e7alo\u011flu Hukuk & Partners"},"image":{"@id":"https:\/\/kurcaloglu.com\/#\/schema\/logo\/image\/"},"sameAs":["https:\/\/www.facebook.com\/profile.php?id=100090344741598","https:\/\/x.com\/KurcalogluHukuk","https:\/\/www.facebook.com\/kurcalogluhukuk&partners","https:\/\/www.instagram.com\/kurcalogluhukuk&Partners\/?hl=tr"]},{"@type":"Person","@id":"https:\/\/kurcaloglu.com\/#\/schema\/person\/1c68de35cc0dce6dbbe2360763923675","name":"admin","image":{"@type":"ImageObject","inLanguage":"fr-FR","@id":"https:\/\/kurcaloglu.com\/#\/schema\/person\/image\/","url":"https:\/\/secure.gravatar.com\/avatar\/22be8f8cfea2b6627b98e3bd7d7911a6?s=96&d=mm&r=g","contentUrl":"https:\/\/secure.gravatar.com\/avatar\/22be8f8cfea2b6627b98e3bd7d7911a6?s=96&d=mm&r=g","caption":"admin"},"sameAs":["http:\/\/kurcaloglu.com"],"url":"https:\/\/kurcaloglu.com\/fr\/author\/admin\/"}]}},"_links":{"self":[{"href":"https:\/\/kurcaloglu.com\/fr\/wp-json\/wp\/v2\/posts\/14381"}],"collection":[{"href":"https:\/\/kurcaloglu.com\/fr\/wp-json\/wp\/v2\/posts"}],"about":[{"href":"https:\/\/kurcaloglu.com\/fr\/wp-json\/wp\/v2\/types\/post"}],"author":[{"embeddable":true,"href":"https:\/\/kurcaloglu.com\/fr\/wp-json\/wp\/v2\/users\/1"}],"replies":[{"embeddable":true,"href":"https:\/\/kurcaloglu.com\/fr\/wp-json\/wp\/v2\/comments?post=14381"}],"version-history":[{"count":17,"href":"https:\/\/kurcaloglu.com\/fr\/wp-json\/wp\/v2\/posts\/14381\/revisions"}],"predecessor-version":[{"id":14537,"href":"https:\/\/kurcaloglu.com\/fr\/wp-json\/wp\/v2\/posts\/14381\/revisions\/14537"}],"wp:attachment":[{"href":"https:\/\/kurcaloglu.com\/fr\/wp-json\/wp\/v2\/media?parent=14381"}],"wp:term":[{"taxonomy":"category","embeddable":true,"href":"https:\/\/kurcaloglu.com\/fr\/wp-json\/wp\/v2\/categories?post=14381"},{"taxonomy":"post_tag","embeddable":true,"href":"https:\/\/kurcaloglu.com\/fr\/wp-json\/wp\/v2\/tags?post=14381"}],"curies":[{"name":"wp","href":"https:\/\/api.w.org\/{rel}","templated":true}]}}