{"id":14615,"date":"2022-10-06T03:19:41","date_gmt":"2022-10-06T00:19:41","guid":{"rendered":"https:\/\/kurcaloglu.com\/?p=14615"},"modified":"2022-10-06T03:29:24","modified_gmt":"2022-10-06T00:29:24","slug":"yargitay-3-cd-e-2019-11091-k-2019-13732","status":"publish","type":"post","link":"https:\/\/kurcaloglu.com\/fr\/yargitay-3-cd-e-2019-11091-k-2019-13732\/","title":{"rendered":"Yarg\u0131tay 3.CD., E. 2019\/11091, K. 2019\/13732"},"content":{"rendered":"<div data-elementor-type=\"wp-post\" data-elementor-id=\"14615\" class=\"elementor elementor-14615\">\n\t\t\t\t\t\t<section class=\"elementor-section elementor-top-section elementor-element elementor-element-7b9fee1 elementor-section-boxed elementor-section-height-default elementor-section-height-default\" data-id=\"7b9fee1\" data-element_type=\"section\">\n\t\t\t\t\t\t<div class=\"elementor-container elementor-column-gap-default\">\n\t\t\t\t\t<div class=\"elementor-column elementor-col-100 elementor-top-column elementor-element elementor-element-900e121\" data-id=\"900e121\" data-element_type=\"column\">\n\t\t\t<div class=\"elementor-widget-wrap elementor-element-populated\">\n\t\t\t\t\t\t<div class=\"elementor-element elementor-element-0c8defc elementor-widget elementor-widget-spacer\" data-id=\"0c8defc\" data-element_type=\"widget\" data-widget_type=\"spacer.default\">\n\t\t\t\t<div class=\"elementor-widget-container\">\n\t\t\t\t\t<div class=\"elementor-spacer\">\n\t\t\t<div class=\"elementor-spacer-inner\"><\/div>\n\t\t<\/div>\n\t\t\t\t<\/div>\n\t\t\t\t<\/div>\n\t\t\t\t\t<\/div>\n\t\t<\/div>\n\t\t\t\t\t<\/div>\n\t\t<\/section>\n\t\t\t\t<section class=\"elementor-section elementor-top-section elementor-element elementor-element-188bb90 elementor-section-boxed elementor-section-height-default elementor-section-height-default\" data-id=\"188bb90\" data-element_type=\"section\" data-settings=\"{&quot;background_background&quot;:&quot;classic&quot;}\">\n\t\t\t\t\t\t<div class=\"elementor-container elementor-column-gap-default\">\n\t\t\t\t\t<div class=\"elementor-column elementor-col-100 elementor-top-column elementor-element elementor-element-dc31b79\" data-id=\"dc31b79\" data-element_type=\"column\">\n\t\t\t<div class=\"elementor-widget-wrap elementor-element-populated\">\n\t\t\t\t\t\t<div class=\"elementor-element elementor-element-7ee31c6 elementor-widget elementor-widget-image\" data-id=\"7ee31c6\" data-element_type=\"widget\" data-widget_type=\"image.default\">\n\t\t\t\t<div class=\"elementor-widget-container\">\n\t\t\t\t\t\t\t\t\t\t\t\t\t<img fetchpriority=\"high\" decoding=\"async\" width=\"300\" height=\"300\" src=\"https:\/\/kurcaloglu.com\/wp-content\/uploads\/2022\/10\/Yargitay_logo.png\" class=\"attachment-large size-large wp-image-14410\" alt=\"\" srcset=\"https:\/\/kurcaloglu.com\/wp-content\/uploads\/2022\/10\/Yargitay_logo.png 300w, https:\/\/kurcaloglu.com\/wp-content\/uploads\/2022\/10\/Yargitay_logo-150x150.png 150w\" sizes=\"(max-width: 300px) 100vw, 300px\" \/>\t\t\t\t\t\t\t\t\t\t\t\t\t<\/div>\n\t\t\t\t<\/div>\n\t\t\t\t<div class=\"elementor-element elementor-element-ceb729e elementor-widget elementor-widget-heading\" data-id=\"ceb729e\" data-element_type=\"widget\" data-widget_type=\"heading.default\">\n\t\t\t\t<div class=\"elementor-widget-container\">\n\t\t\t<h2 class=\"elementor-heading-title elementor-size-default\">Yarg\u0131tay 13. CD. E. 2019\/11091, K. 2019\/13732 Karar Tarihi: 03.10.2019<\/h2>\t\t<\/div>\n\t\t\t\t<\/div>\n\t\t\t\t<div class=\"elementor-element elementor-element-7116fc4 elementor-widget elementor-widget-spacer\" data-id=\"7116fc4\" data-element_type=\"widget\" data-widget_type=\"spacer.default\">\n\t\t\t\t<div class=\"elementor-widget-container\">\n\t\t\t\t\t<div class=\"elementor-spacer\">\n\t\t\t<div class=\"elementor-spacer-inner\"><\/div>\n\t\t<\/div>\n\t\t\t\t<\/div>\n\t\t\t\t<\/div>\n\t\t\t\t<div class=\"elementor-element elementor-element-0e3b904 elementor-widget elementor-widget-heading\" data-id=\"0e3b904\" data-element_type=\"widget\" data-widget_type=\"heading.default\">\n\t\t\t\t<div class=\"elementor-widget-container\">\n\t\t\t<h3 class=\"elementor-heading-title elementor-size-default\">H\u0131rs\u0131zl\u0131k Su\u00e7unda; <br>de\u011fer azl\u0131\u011f\u0131na kriterlerine g\u00f6re, <br>su\u00e7 tarihindeki br\u00fct asgari \u00fccretin <br>onda birine (1\/10) kadar olan de\u011fer \"az\" kabul edilerek,<br>Cezada \u0130ndirim Yap\u0131lmas\u0131 Veya Ceza Verilmemesi Gerekmektedir.<\/h3>\t\t<\/div>\n\t\t\t\t<\/div>\n\t\t\t\t<div class=\"elementor-element elementor-element-ecd1cd2 elementor-widget elementor-widget-spacer\" data-id=\"ecd1cd2\" data-element_type=\"widget\" data-widget_type=\"spacer.default\">\n\t\t\t\t<div class=\"elementor-widget-container\">\n\t\t\t\t\t<div class=\"elementor-spacer\">\n\t\t\t<div class=\"elementor-spacer-inner\"><\/div>\n\t\t<\/div>\n\t\t\t\t<\/div>\n\t\t\t\t<\/div>\n\t\t\t\t<div class=\"elementor-element elementor-element-3c3d271 elementor-widget elementor-widget-heading\" data-id=\"3c3d271\" data-element_type=\"widget\" data-widget_type=\"heading.default\">\n\t\t\t\t<div class=\"elementor-widget-container\">\n\t\t\t<h3 class=\"elementor-heading-title elementor-size-default\">YARGITAY KARARI\n<\/h3>\t\t<\/div>\n\t\t\t\t<\/div>\n\t\t\t\t<div class=\"elementor-element elementor-element-f91b31d elementor-widget elementor-widget-spacer\" data-id=\"f91b31d\" data-element_type=\"widget\" data-widget_type=\"spacer.default\">\n\t\t\t\t<div class=\"elementor-widget-container\">\n\t\t\t\t\t<div class=\"elementor-spacer\">\n\t\t\t<div class=\"elementor-spacer-inner\"><\/div>\n\t\t<\/div>\n\t\t\t\t<\/div>\n\t\t\t\t<\/div>\n\t\t\t\t<div class=\"elementor-element elementor-element-0e5def2 elementor-widget elementor-widget-text-editor\" data-id=\"0e5def2\" data-element_type=\"widget\" data-widget_type=\"text-editor.default\">\n\t\t\t\t<div class=\"elementor-widget-container\">\n\t\t\t\t\t\t\t<p>T.C YARGITAY<br \/>13.Ceza Dairesi<br \/>Esas: 2019\/ 11091<br \/>Karar: 2019 \/ 13732<br \/>Karar Tarihi: 03.10.2019<\/p>\t\t\t\t\t\t<\/div>\n\t\t\t\t<\/div>\n\t\t\t\t<div class=\"elementor-element elementor-element-26c82c9 elementor-widget elementor-widget-text-editor\" data-id=\"26c82c9\" data-element_type=\"widget\" data-widget_type=\"text-editor.default\">\n\t\t\t\t<div class=\"elementor-widget-container\">\n\t\t\t\t\t\t\t<p>KANUN YARARINA BOZMA<br \/><br \/>Nitelikli h\u0131rs\u0131zl\u0131k su\u00e7undan san\u0131k &#8230;&#8217;n\u0131n, 5237 say\u0131l\u0131 T\u00fcrk Ceza Kanunu\u2019nun 142\/2-h maddesi uyar\u0131nca 4 y\u0131l 2 ay hapis cezas\u0131 ile cezaland\u0131r\u0131lmas\u0131na dair Alanya 4. Asliye Ceza Mahkemesinin 25\/09\/2018 tarihli ve 2018\/352 esas, 2018\/514 say\u0131l\u0131 karar\u0131na kar\u015f\u0131, Adalet Bakanl\u0131\u011f\u0131&#8217;n\u0131n 04\/09\/2019 g\u00fcn ve 94660652-105-07-11140-2019-Kyb say\u0131l\u0131 yaz\u0131s\u0131 ile Yarg\u0131tay Cumhuriyet Ba\u015fsavc\u0131l\u0131\u011f\u0131&#8217;n\u0131n 09\/09\/2019 g\u00fcn ve 2019\/86022 say\u0131l\u0131 ihbarnamesiyle Dairemize g\u00f6nderildi\u011fi,<br \/><br \/>MEZKUR \u0130HBARNAMEDE;<br \/><br \/>Dosya kapsam\u0131na g\u00f6re, Yarg\u0131tay 13. Ceza Dairesinin 2018\/14894 esas, 2019\/10584 say\u0131l\u0131 karar\u0131nda &#8221;..Su\u00e7a konu \u015fort ve g\u00f6mle\u011fin de\u011ferinin tespit edilerek, sonucuna g\u00f6re su\u00e7 tarihindeki <b>br\u00fct<\/b>\u00a0<b>asgari<\/b>\u00a0<b>\u00fccretin<\/b>\u00a0<b>onda<\/b>\u00a0<b>biri<\/b>nden az oldu\u011funun anla\u015f\u0131lmas\u0131 kar\u015f\u0131s\u0131nda, san\u0131k hakk\u0131nda de\u011fer azl\u0131\u011f\u0131 nedeniyle 5237 say\u0131l\u0131 TCK\u2019n\u0131n 145. maddesinin uygulanmas\u0131 gerekip gerekmeyece\u011finin g\u00f6zetilmemesi&#8230;&#8221; \u015feklinde belirtti\u011fi \u00fczere, san\u0131\u011f\u0131n m\u00fc\u015ftekinin i\u015fyerinde sehpan\u0131n \u00fczerinde bulunan Samsung GT-S5830i marka ve modelli telefonu \u00e7ald\u0131\u011f\u0131 somut olayda, san\u0131k m\u00fcdafiinin kanun yarar\u0131na bozma dilek\u00e7esi ekinde sunmu\u015f oldu\u011fu internet sitesi \u00e7\u0131kt\u0131lar\u0131ndan h\u0131rs\u0131zlanan mal\u0131n de\u011ferinin 2019 y\u0131l\u0131 itibariyle 80-100 T\u00fcrk liras\u0131 aras\u0131nda oldu\u011funun anla\u015f\u0131lmas\u0131 kar\u015f\u0131s\u0131nda; su\u00e7 tarihi itibariyle h\u0131rs\u0131zlanan mal\u0131n de\u011ferinin ne oldu\u011fu tespit edilerek, san\u0131k hakk\u0131nda 5237 say\u0131l\u0131 Kanun&#8217;un 145. maddesi uyar\u0131nca cezadan indirim yap\u0131lmas\u0131 veya ceza verilmekten vazge\u00e7ilmesi hususlar\u0131n\u0131n tart\u0131\u015f\u0131lmamas\u0131nda isabet g\u00f6r\u00fclmedi\u011finden an\u0131lan karar\u0131n bozulmas\u0131 gerekti\u011finin ihbar olundu\u011fu anla\u015f\u0131lm\u0131\u015ft\u0131r.<br \/><br \/>GERE\u011e\u0130 G\u00d6R\u00dc\u015e\u00dcL\u00dcP D\u00dc\u015e\u00dcN\u00dcLD\u00dc:<br \/><br \/>Ma\u011fdurun h\u0131rs\u0131zl\u0131k su\u00e7una konu olan Samsung mini S4 marka cep telefonunun olay tarindeki ikinci el de\u011feri tespit edilip sonucuna g\u00f6re; h\u0131rs\u0131zl\u0131k konusunu olu\u015fturan mal\u0131n de\u011ferinin az oldu\u011funun tespiti halinde san\u0131k hakk\u0131nda su\u00e7un i\u015fleni\u015f \u015fekli ve \u00f6zellikleri itibariyle ceza vermekten vazge\u00e7ilemeyecek ise de, h\u0131rs\u0131zl\u0131k konusunu olu\u015fturan mal\u0131n de\u011ferinin az olmas\u0131 nedeniyle, TCK&#8217;n\u0131n 145. maddesi gere\u011fince san\u0131\u011fa verilen cezadan belirlenecek oranda indirim yap\u0131lmas\u0131 gerekti\u011fi g\u00f6zetilmeyerek yanl\u0131\u015f ve yetersiz gerek\u00e7e ile yaz\u0131l\u0131 \u015fekilde h\u00fck\u00fcm kurulmas\u0131 nedeniyle kanun yarar\u0131na bozma istemine dayanan Yarg\u0131tay Cumhuriyet Ba\u015fsavc\u0131l\u0131\u011f\u0131&#8217;n\u0131n ihbar yaz\u0131s\u0131 incelenen dosya i\u00e7eri\u011fine g\u00f6re yerinde g\u00f6r\u00fclm\u00fc\u015f oldu\u011fundan KABUL\u00dc ile h\u0131rs\u0131zl\u0131k su\u00e7undan san\u0131k &#8230; hakk\u0131nda Alanya 4. Asliye Ceza Mahkemesinin 25\/09\/2018 tarihli ve 2018\/352 esas, 2018\/514 say\u0131l\u0131 karar\u0131n\u0131n, 5271 say\u0131l\u0131 CMK&#8217;n\u0131n 309. maddesinin 4. f\u0131kras\u0131n\u0131n (b) bendi gere\u011fince BOZULMASINA, m\u00fcteakip i\u015flemlerin mahallinde yerine getirilmesine, dosyan\u0131n mahalline g\u00f6nderilmek \u00fczere Yarg\u0131tay Cumhuriyet Ba\u015fsavc\u0131l\u0131\u011f\u0131na \u0130ADES\u0130NE, 03\/10\/2019 tarihinde oy birli\u011fiyle karar verildi.<\/p>\t\t\t\t\t\t<\/div>\n\t\t\t\t<\/div>\n\t\t\t\t\t<\/div>\n\t\t<\/div>\n\t\t\t\t\t<\/div>\n\t\t<\/section>\n\t\t\t\t<section class=\"elementor-section elementor-top-section elementor-element elementor-element-169fdb6 elementor-section-boxed elementor-section-height-default elementor-section-height-default\" data-id=\"169fdb6\" data-element_type=\"section\">\n\t\t\t\t\t\t<div class=\"elementor-container elementor-column-gap-default\">\n\t\t\t\t\t<div class=\"elementor-column elementor-col-100 elementor-top-column elementor-element elementor-element-2e493c6\" data-id=\"2e493c6\" data-element_type=\"column\">\n\t\t\t<div class=\"elementor-widget-wrap\">\n\t\t\t\t\t\t\t<\/div>\n\t\t<\/div>\n\t\t\t\t\t<\/div>\n\t\t<\/section>\n\t\t\t\t<\/div>","protected":false},"excerpt":{"rendered":"<p>Yarg\u0131tay 13. CD. E. 2019\/11091, K. 2019\/13732 Karar Tarihi: 03.10.2019 H\u0131rs\u0131zl\u0131k Su\u00e7unda; de\u011fer azl\u0131\u011f\u0131na kriterlerine g\u00f6re, su\u00e7 tarihindeki br\u00fct asgari \u00fccretin onda birine (1\/10) kadar olan de\u011fer &#8220;az&#8221; kabul edilerek,Cezada \u0130ndirim Yap\u0131lmas\u0131 Veya Ceza Verilmemesi Gerekmektedir. YARGITAY KARARI T.C YARGITAY13.Ceza DairesiEsas: 2019\/ 11091Karar: 2019 \/ 13732Karar Tarihi: 03.10.2019 KANUN YARARINA BOZMA Nitelikli h\u0131rs\u0131zl\u0131k su\u00e7undan san\u0131k&#8230;<\/p>","protected":false},"author":2,"featured_media":0,"comment_status":"open","ping_status":"open","sticky":false,"template":"elementor_header_footer","format":"standard","meta":{"footnotes":""},"categories":[871,638],"tags":[878,876,877,873,872],"yoast_head":"<!-- This site is optimized with the Yoast SEO plugin v22.8 - https:\/\/yoast.com\/wordpress\/plugins\/seo\/ -->\n<title>Yarg\u0131tay 3.CD., E. 2019\/11091, K. 2019\/13732 - Kur&ccedil;alo\u011flu Hukuk &amp; Partners<\/title>\n<meta name=\"robots\" content=\"index, follow, max-snippet:-1, max-image-preview:large, max-video-preview:-1\" \/>\n<link rel=\"canonical\" href=\"https:\/\/kurcaloglu.com\/fr\/yargitay-3-cd-e-2019-11091-k-2019-13732\/\" \/>\n<meta property=\"og:locale\" content=\"fr_FR\" \/>\n<meta property=\"og:type\" content=\"article\" \/>\n<meta property=\"og:title\" content=\"Yarg\u0131tay 3.CD., E. 2019\/11091, K. 2019\/13732 - Kur&ccedil;alo\u011flu Hukuk &amp; Partners\" \/>\n<meta property=\"og:description\" content=\"Yarg\u0131tay 13. CD. E. 2019\/11091, K. 2019\/13732 Karar Tarihi: 03.10.2019 H\u0131rs\u0131zl\u0131k Su\u00e7unda; de\u011fer azl\u0131\u011f\u0131na kriterlerine g\u00f6re, su\u00e7 tarihindeki br\u00fct asgari \u00fccretin onda birine (1\/10) kadar olan de\u011fer &#8220;az&#8221; kabul edilerek,Cezada \u0130ndirim Yap\u0131lmas\u0131 Veya Ceza Verilmemesi Gerekmektedir. YARGITAY KARARI T.C YARGITAY13.Ceza DairesiEsas: 2019\/ 11091Karar: 2019 \/ 13732Karar Tarihi: 03.10.2019 KANUN YARARINA BOZMA Nitelikli h\u0131rs\u0131zl\u0131k su\u00e7undan san\u0131k...\" \/>\n<meta property=\"og:url\" content=\"https:\/\/kurcaloglu.com\/fr\/yargitay-3-cd-e-2019-11091-k-2019-13732\/\" \/>\n<meta property=\"og:site_name\" content=\"Kur&ccedil;alo\u011flu Hukuk &amp; Partners\" \/>\n<meta property=\"article:publisher\" content=\"https:\/\/www.facebook.com\/profile.php?id=100090344741598\" \/>\n<meta property=\"article:published_time\" content=\"2022-10-06T00:19:41+00:00\" \/>\n<meta property=\"article:modified_time\" content=\"2022-10-06T00:29:24+00:00\" \/>\n<meta property=\"og:image\" content=\"https:\/\/kurcaloglu.com\/wp-content\/uploads\/2022\/10\/Yargitay_logo.png\" \/>\n<meta name=\"author\" content=\"Av. Burak Kur\u00e7alo\u011flu\" \/>\n<meta name=\"twitter:card\" content=\"summary_large_image\" \/>\n<meta name=\"twitter:creator\" content=\"@KurcalogluHukuk\" \/>\n<meta name=\"twitter:site\" content=\"@KurcalogluHukuk\" \/>\n<meta name=\"twitter:label1\" content=\"\u00c9crit par\" \/>\n\t<meta name=\"twitter:data1\" content=\"Av. Burak Kur\u00e7alo\u011flu\" \/>\n\t<meta name=\"twitter:label2\" content=\"Dur\u00e9e de lecture estim\u00e9e\" \/>\n\t<meta name=\"twitter:data2\" content=\"3 minutes\" \/>\n<script type=\"application\/ld+json\" class=\"yoast-schema-graph\">{\"@context\":\"https:\/\/schema.org\",\"@graph\":[{\"@type\":\"Article\",\"@id\":\"https:\/\/kurcaloglu.com\/yargitay-3-cd-e-2019-11091-k-2019-13732\/#article\",\"isPartOf\":{\"@id\":\"https:\/\/kurcaloglu.com\/yargitay-3-cd-e-2019-11091-k-2019-13732\/\"},\"author\":{\"name\":\"Av. Burak Kur\u00e7alo\u011flu\",\"@id\":\"https:\/\/kurcaloglu.com\/#\/schema\/person\/ddf08f3097e8bd7d3be1a8c42e2b7d4d\"},\"headline\":\"Yarg\u0131tay 3.CD., E. 2019\/11091, K. 2019\/13732\",\"datePublished\":\"2022-10-06T00:19:41+00:00\",\"dateModified\":\"2022-10-06T00:29:24+00:00\",\"mainEntityOfPage\":{\"@id\":\"https:\/\/kurcaloglu.com\/yargitay-3-cd-e-2019-11091-k-2019-13732\/\"},\"wordCount\":545,\"commentCount\":0,\"publisher\":{\"@id\":\"https:\/\/kurcaloglu.com\/#organization\"},\"image\":{\"@id\":\"https:\/\/kurcaloglu.com\/yargitay-3-cd-e-2019-11091-k-2019-13732\/#primaryimage\"},\"thumbnailUrl\":\"https:\/\/kurcaloglu.com\/wp-content\/uploads\/2022\/10\/Yargitay_logo.png\",\"keywords\":[\"H\u0131rs\u0131zl\u0131k Su\u00e7unda De\u011fer Azl\u0131\u011f\u0131\",\"H\u0131rs\u0131zl\u0131k Su\u00e7unda; Cezada \u0130ndirim Yap\u0131lmas\u0131 Veya Ceza Verilmemesi Gerektiren hal\",\"H\u0131rs\u0131zl\u0131k Su\u00e7unda; Cezada \u0130ndirim Yap\u0131lmas\u0131 Veya Ceza Verilmemesi Gerektiren haller\",\"H\u0131rs\u0131zl\u0131k Su\u00e7unda; de\u011fer azl\u0131\u011f\u0131na kriterlerine g\u00f6re\",\"Yarg\u0131tay 3.CD. E. 2019\/11091 K. 2019\/13732\"],\"articleSection\":[\"Yarg\u0131tay B\u00fct\u00fcn Kategoriler\",\"Yarg\u0131tay Ceza Hukuku\"],\"inLanguage\":\"fr-FR\",\"potentialAction\":[{\"@type\":\"CommentAction\",\"name\":\"Comment\",\"target\":[\"https:\/\/kurcaloglu.com\/yargitay-3-cd-e-2019-11091-k-2019-13732\/#respond\"]}]},{\"@type\":\"WebPage\",\"@id\":\"https:\/\/kurcaloglu.com\/yargitay-3-cd-e-2019-11091-k-2019-13732\/\",\"url\":\"https:\/\/kurcaloglu.com\/yargitay-3-cd-e-2019-11091-k-2019-13732\/\",\"name\":\"Yarg\u0131tay 3.CD., E. 2019\/11091, K. 2019\/13732 - Kur&ccedil;alo\u011flu Hukuk &amp; Partners\",\"isPartOf\":{\"@id\":\"https:\/\/kurcaloglu.com\/#website\"},\"primaryImageOfPage\":{\"@id\":\"https:\/\/kurcaloglu.com\/yargitay-3-cd-e-2019-11091-k-2019-13732\/#primaryimage\"},\"image\":{\"@id\":\"https:\/\/kurcaloglu.com\/yargitay-3-cd-e-2019-11091-k-2019-13732\/#primaryimage\"},\"thumbnailUrl\":\"https:\/\/kurcaloglu.com\/wp-content\/uploads\/2022\/10\/Yargitay_logo.png\",\"datePublished\":\"2022-10-06T00:19:41+00:00\",\"dateModified\":\"2022-10-06T00:29:24+00:00\",\"breadcrumb\":{\"@id\":\"https:\/\/kurcaloglu.com\/yargitay-3-cd-e-2019-11091-k-2019-13732\/#breadcrumb\"},\"inLanguage\":\"fr-FR\",\"potentialAction\":[{\"@type\":\"ReadAction\",\"target\":[\"https:\/\/kurcaloglu.com\/yargitay-3-cd-e-2019-11091-k-2019-13732\/\"]}]},{\"@type\":\"ImageObject\",\"inLanguage\":\"fr-FR\",\"@id\":\"https:\/\/kurcaloglu.com\/yargitay-3-cd-e-2019-11091-k-2019-13732\/#primaryimage\",\"url\":\"https:\/\/kurcaloglu.com\/wp-content\/uploads\/2022\/10\/Yargitay_logo.png\",\"contentUrl\":\"https:\/\/kurcaloglu.com\/wp-content\/uploads\/2022\/10\/Yargitay_logo.png\"},{\"@type\":\"BreadcrumbList\",\"@id\":\"https:\/\/kurcaloglu.com\/yargitay-3-cd-e-2019-11091-k-2019-13732\/#breadcrumb\",\"itemListElement\":[{\"@type\":\"ListItem\",\"position\":1,\"name\":\"Anasayfa\",\"item\":\"https:\/\/kurcaloglu.com\/\"},{\"@type\":\"ListItem\",\"position\":2,\"name\":\"Yarg\u0131tay 3.CD., E. 2019\/11091, K. 2019\/13732\"}]},{\"@type\":\"WebSite\",\"@id\":\"https:\/\/kurcaloglu.com\/#website\",\"url\":\"https:\/\/kurcaloglu.com\/\",\"name\":\"Kur\u00e7alo\u011flu Hukuk & Partners\",\"description\":\"Ceza hukuku- \u0130cra iflas hukuku, Miras hukuku, Bo\u015fanma hukuk, \u0130\u015f hukuku\",\"publisher\":{\"@id\":\"https:\/\/kurcaloglu.com\/#organization\"},\"alternateName\":\"Kur\u00e7alo\u011flu Hukuk & Partners\",\"potentialAction\":[{\"@type\":\"SearchAction\",\"target\":{\"@type\":\"EntryPoint\",\"urlTemplate\":\"https:\/\/kurcaloglu.com\/?s={search_term_string}\"},\"query-input\":\"required name=search_term_string\"}],\"inLanguage\":\"fr-FR\"},{\"@type\":\"Organization\",\"@id\":\"https:\/\/kurcaloglu.com\/#organization\",\"name\":\"Kur\u00e7alo\u011flu Hukuk & Partners\",\"alternateName\":\"Kur\u00e7alo\u011flu Hukuk & Partners\",\"url\":\"https:\/\/kurcaloglu.com\/\",\"logo\":{\"@type\":\"ImageObject\",\"inLanguage\":\"fr-FR\",\"@id\":\"https:\/\/kurcaloglu.com\/#\/schema\/logo\/image\/\",\"url\":\"https:\/\/kurcaloglu.com\/wp-content\/uploads\/2022\/04\/cropped-cropped-cropped-Adsiz-tasarim-1-2-1.png\",\"contentUrl\":\"https:\/\/kurcaloglu.com\/wp-content\/uploads\/2022\/04\/cropped-cropped-cropped-Adsiz-tasarim-1-2-1.png\",\"width\":245,\"height\":65,\"caption\":\"Kur\u00e7alo\u011flu Hukuk & Partners\"},\"image\":{\"@id\":\"https:\/\/kurcaloglu.com\/#\/schema\/logo\/image\/\"},\"sameAs\":[\"https:\/\/www.facebook.com\/profile.php?id=100090344741598\",\"https:\/\/x.com\/KurcalogluHukuk\",\"https:\/\/www.facebook.com\/kurcalogluhukuk&partners\",\"https:\/\/www.instagram.com\/kurcalogluhukuk&Partners\/?hl=tr\"]},{\"@type\":\"Person\",\"@id\":\"https:\/\/kurcaloglu.com\/#\/schema\/person\/ddf08f3097e8bd7d3be1a8c42e2b7d4d\",\"name\":\"Av. Burak Kur\u00e7alo\u011flu\",\"image\":{\"@type\":\"ImageObject\",\"inLanguage\":\"fr-FR\",\"@id\":\"https:\/\/kurcaloglu.com\/#\/schema\/person\/image\/\",\"url\":\"https:\/\/secure.gravatar.com\/avatar\/4309b5148d08c537eb76f3942b5a6258?s=96&d=mm&r=g\",\"contentUrl\":\"https:\/\/secure.gravatar.com\/avatar\/4309b5148d08c537eb76f3942b5a6258?s=96&d=mm&r=g\",\"caption\":\"Av. Burak Kur\u00e7alo\u011flu\"},\"url\":\"https:\/\/kurcaloglu.com\/fr\/author\/av-burak-kurcaloglu\/\"}]}<\/script>\n<!-- \/ Yoast SEO plugin. -->","yoast_head_json":{"title":"Yarg\u0131tay 3.CD., E. 2019\/11091, K. 2019\/13732 - Kur&ccedil;alo\u011flu Hukuk &amp; Partners","robots":{"index":"index","follow":"follow","max-snippet":"max-snippet:-1","max-image-preview":"max-image-preview:large","max-video-preview":"max-video-preview:-1"},"canonical":"https:\/\/kurcaloglu.com\/fr\/yargitay-3-cd-e-2019-11091-k-2019-13732\/","og_locale":"fr_FR","og_type":"article","og_title":"Yarg\u0131tay 3.CD., E. 2019\/11091, K. 2019\/13732 - Kur&ccedil;alo\u011flu Hukuk &amp; Partners","og_description":"Yarg\u0131tay 13. CD. E. 2019\/11091, K. 2019\/13732 Karar Tarihi: 03.10.2019 H\u0131rs\u0131zl\u0131k Su\u00e7unda; de\u011fer azl\u0131\u011f\u0131na kriterlerine g\u00f6re, su\u00e7 tarihindeki br\u00fct asgari \u00fccretin onda birine (1\/10) kadar olan de\u011fer &#8220;az&#8221; kabul edilerek,Cezada \u0130ndirim Yap\u0131lmas\u0131 Veya Ceza Verilmemesi Gerekmektedir. YARGITAY KARARI T.C YARGITAY13.Ceza DairesiEsas: 2019\/ 11091Karar: 2019 \/ 13732Karar Tarihi: 03.10.2019 KANUN YARARINA BOZMA Nitelikli h\u0131rs\u0131zl\u0131k su\u00e7undan san\u0131k...","og_url":"https:\/\/kurcaloglu.com\/fr\/yargitay-3-cd-e-2019-11091-k-2019-13732\/","og_site_name":"Kur&ccedil;alo\u011flu Hukuk &amp; Partners","article_publisher":"https:\/\/www.facebook.com\/profile.php?id=100090344741598","article_published_time":"2022-10-06T00:19:41+00:00","article_modified_time":"2022-10-06T00:29:24+00:00","og_image":[{"url":"https:\/\/kurcaloglu.com\/wp-content\/uploads\/2022\/10\/Yargitay_logo.png"}],"author":"Av. Burak Kur\u00e7alo\u011flu","twitter_card":"summary_large_image","twitter_creator":"@KurcalogluHukuk","twitter_site":"@KurcalogluHukuk","twitter_misc":{"\u00c9crit par":"Av. Burak Kur\u00e7alo\u011flu","Dur\u00e9e de lecture estim\u00e9e":"3 minutes"},"schema":{"@context":"https:\/\/schema.org","@graph":[{"@type":"Article","@id":"https:\/\/kurcaloglu.com\/yargitay-3-cd-e-2019-11091-k-2019-13732\/#article","isPartOf":{"@id":"https:\/\/kurcaloglu.com\/yargitay-3-cd-e-2019-11091-k-2019-13732\/"},"author":{"name":"Av. Burak Kur\u00e7alo\u011flu","@id":"https:\/\/kurcaloglu.com\/#\/schema\/person\/ddf08f3097e8bd7d3be1a8c42e2b7d4d"},"headline":"Yarg\u0131tay 3.CD., E. 2019\/11091, K. 2019\/13732","datePublished":"2022-10-06T00:19:41+00:00","dateModified":"2022-10-06T00:29:24+00:00","mainEntityOfPage":{"@id":"https:\/\/kurcaloglu.com\/yargitay-3-cd-e-2019-11091-k-2019-13732\/"},"wordCount":545,"commentCount":0,"publisher":{"@id":"https:\/\/kurcaloglu.com\/#organization"},"image":{"@id":"https:\/\/kurcaloglu.com\/yargitay-3-cd-e-2019-11091-k-2019-13732\/#primaryimage"},"thumbnailUrl":"https:\/\/kurcaloglu.com\/wp-content\/uploads\/2022\/10\/Yargitay_logo.png","keywords":["H\u0131rs\u0131zl\u0131k Su\u00e7unda De\u011fer Azl\u0131\u011f\u0131","H\u0131rs\u0131zl\u0131k Su\u00e7unda; Cezada \u0130ndirim Yap\u0131lmas\u0131 Veya Ceza Verilmemesi Gerektiren hal","H\u0131rs\u0131zl\u0131k Su\u00e7unda; Cezada \u0130ndirim Yap\u0131lmas\u0131 Veya Ceza Verilmemesi Gerektiren haller","H\u0131rs\u0131zl\u0131k Su\u00e7unda; de\u011fer azl\u0131\u011f\u0131na kriterlerine g\u00f6re","Yarg\u0131tay 3.CD. E. 2019\/11091 K. 2019\/13732"],"articleSection":["Yarg\u0131tay B\u00fct\u00fcn Kategoriler","Yarg\u0131tay Ceza Hukuku"],"inLanguage":"fr-FR","potentialAction":[{"@type":"CommentAction","name":"Comment","target":["https:\/\/kurcaloglu.com\/yargitay-3-cd-e-2019-11091-k-2019-13732\/#respond"]}]},{"@type":"WebPage","@id":"https:\/\/kurcaloglu.com\/yargitay-3-cd-e-2019-11091-k-2019-13732\/","url":"https:\/\/kurcaloglu.com\/yargitay-3-cd-e-2019-11091-k-2019-13732\/","name":"Yarg\u0131tay 3.CD., E. 2019\/11091, K. 2019\/13732 - Kur&ccedil;alo\u011flu Hukuk &amp; Partners","isPartOf":{"@id":"https:\/\/kurcaloglu.com\/#website"},"primaryImageOfPage":{"@id":"https:\/\/kurcaloglu.com\/yargitay-3-cd-e-2019-11091-k-2019-13732\/#primaryimage"},"image":{"@id":"https:\/\/kurcaloglu.com\/yargitay-3-cd-e-2019-11091-k-2019-13732\/#primaryimage"},"thumbnailUrl":"https:\/\/kurcaloglu.com\/wp-content\/uploads\/2022\/10\/Yargitay_logo.png","datePublished":"2022-10-06T00:19:41+00:00","dateModified":"2022-10-06T00:29:24+00:00","breadcrumb":{"@id":"https:\/\/kurcaloglu.com\/yargitay-3-cd-e-2019-11091-k-2019-13732\/#breadcrumb"},"inLanguage":"fr-FR","potentialAction":[{"@type":"ReadAction","target":["https:\/\/kurcaloglu.com\/yargitay-3-cd-e-2019-11091-k-2019-13732\/"]}]},{"@type":"ImageObject","inLanguage":"fr-FR","@id":"https:\/\/kurcaloglu.com\/yargitay-3-cd-e-2019-11091-k-2019-13732\/#primaryimage","url":"https:\/\/kurcaloglu.com\/wp-content\/uploads\/2022\/10\/Yargitay_logo.png","contentUrl":"https:\/\/kurcaloglu.com\/wp-content\/uploads\/2022\/10\/Yargitay_logo.png"},{"@type":"BreadcrumbList","@id":"https:\/\/kurcaloglu.com\/yargitay-3-cd-e-2019-11091-k-2019-13732\/#breadcrumb","itemListElement":[{"@type":"ListItem","position":1,"name":"Anasayfa","item":"https:\/\/kurcaloglu.com\/"},{"@type":"ListItem","position":2,"name":"Yarg\u0131tay 3.CD., E. 2019\/11091, K. 2019\/13732"}]},{"@type":"WebSite","@id":"https:\/\/kurcaloglu.com\/#website","url":"https:\/\/kurcaloglu.com\/","name":"Kur\u00e7alo\u011flu Hukuk & Partners","description":"Ceza hukuku- \u0130cra iflas hukuku, Miras hukuku, Bo\u015fanma hukuk, \u0130\u015f hukuku","publisher":{"@id":"https:\/\/kurcaloglu.com\/#organization"},"alternateName":"Kur\u00e7alo\u011flu Hukuk & Partners","potentialAction":[{"@type":"SearchAction","target":{"@type":"EntryPoint","urlTemplate":"https:\/\/kurcaloglu.com\/?s={search_term_string}"},"query-input":"required name=search_term_string"}],"inLanguage":"fr-FR"},{"@type":"Organization","@id":"https:\/\/kurcaloglu.com\/#organization","name":"Kur\u00e7alo\u011flu Hukuk & Partners","alternateName":"Kur\u00e7alo\u011flu Hukuk & Partners","url":"https:\/\/kurcaloglu.com\/","logo":{"@type":"ImageObject","inLanguage":"fr-FR","@id":"https:\/\/kurcaloglu.com\/#\/schema\/logo\/image\/","url":"https:\/\/kurcaloglu.com\/wp-content\/uploads\/2022\/04\/cropped-cropped-cropped-Adsiz-tasarim-1-2-1.png","contentUrl":"https:\/\/kurcaloglu.com\/wp-content\/uploads\/2022\/04\/cropped-cropped-cropped-Adsiz-tasarim-1-2-1.png","width":245,"height":65,"caption":"Kur\u00e7alo\u011flu Hukuk & Partners"},"image":{"@id":"https:\/\/kurcaloglu.com\/#\/schema\/logo\/image\/"},"sameAs":["https:\/\/www.facebook.com\/profile.php?id=100090344741598","https:\/\/x.com\/KurcalogluHukuk","https:\/\/www.facebook.com\/kurcalogluhukuk&partners","https:\/\/www.instagram.com\/kurcalogluhukuk&Partners\/?hl=tr"]},{"@type":"Person","@id":"https:\/\/kurcaloglu.com\/#\/schema\/person\/ddf08f3097e8bd7d3be1a8c42e2b7d4d","name":"Av. Burak Kur\u00e7alo\u011flu","image":{"@type":"ImageObject","inLanguage":"fr-FR","@id":"https:\/\/kurcaloglu.com\/#\/schema\/person\/image\/","url":"https:\/\/secure.gravatar.com\/avatar\/4309b5148d08c537eb76f3942b5a6258?s=96&d=mm&r=g","contentUrl":"https:\/\/secure.gravatar.com\/avatar\/4309b5148d08c537eb76f3942b5a6258?s=96&d=mm&r=g","caption":"Av. Burak Kur\u00e7alo\u011flu"},"url":"https:\/\/kurcaloglu.com\/fr\/author\/av-burak-kurcaloglu\/"}]}},"_links":{"self":[{"href":"https:\/\/kurcaloglu.com\/fr\/wp-json\/wp\/v2\/posts\/14615"}],"collection":[{"href":"https:\/\/kurcaloglu.com\/fr\/wp-json\/wp\/v2\/posts"}],"about":[{"href":"https:\/\/kurcaloglu.com\/fr\/wp-json\/wp\/v2\/types\/post"}],"author":[{"embeddable":true,"href":"https:\/\/kurcaloglu.com\/fr\/wp-json\/wp\/v2\/users\/2"}],"replies":[{"embeddable":true,"href":"https:\/\/kurcaloglu.com\/fr\/wp-json\/wp\/v2\/comments?post=14615"}],"version-history":[{"count":16,"href":"https:\/\/kurcaloglu.com\/fr\/wp-json\/wp\/v2\/posts\/14615\/revisions"}],"predecessor-version":[{"id":14631,"href":"https:\/\/kurcaloglu.com\/fr\/wp-json\/wp\/v2\/posts\/14615\/revisions\/14631"}],"wp:attachment":[{"href":"https:\/\/kurcaloglu.com\/fr\/wp-json\/wp\/v2\/media?parent=14615"}],"wp:term":[{"taxonomy":"category","embeddable":true,"href":"https:\/\/kurcaloglu.com\/fr\/wp-json\/wp\/v2\/categories?post=14615"},{"taxonomy":"post_tag","embeddable":true,"href":"https:\/\/kurcaloglu.com\/fr\/wp-json\/wp\/v2\/tags?post=14615"}],"curies":[{"name":"wp","href":"https:\/\/api.w.org\/{rel}","templated":true}]}}