{"id":14687,"date":"2022-10-07T18:05:10","date_gmt":"2022-10-07T15:05:10","guid":{"rendered":"https:\/\/kurcaloglu.com\/?p=14687"},"modified":"2024-08-16T15:58:47","modified_gmt":"2024-08-16T12:58:47","slug":"sirketlerde-ortakliktan-cikma-ve-cikarilma","status":"publish","type":"post","link":"https:\/\/kurcaloglu.com\/fr\/sirketlerde-ortakliktan-cikma-ve-cikarilma\/","title":{"rendered":"Sortie et Exclusion des Partenariats dans les Soci\u00e9t\u00e9s"},"content":{"rendered":"<div data-elementor-type=\"wp-post\" data-elementor-id=\"14687\" class=\"elementor elementor-14687\">\n\t\t\t\t\t\t<section class=\"elementor-section elementor-top-section elementor-element elementor-element-58a4044 elementor-section-boxed elementor-section-height-default elementor-section-height-default\" data-id=\"58a4044\" data-element_type=\"section\">\n\t\t\t\t\t\t<div class=\"elementor-container elementor-column-gap-default\">\n\t\t\t\t\t<div class=\"elementor-column elementor-col-100 elementor-top-column elementor-element elementor-element-17cda26\" data-id=\"17cda26\" data-element_type=\"column\">\n\t\t\t<div class=\"elementor-widget-wrap elementor-element-populated\">\n\t\t\t\t\t\t<div class=\"elementor-element elementor-element-2d6ab8c elementor-widget elementor-widget-spacer\" data-id=\"2d6ab8c\" data-element_type=\"widget\" data-widget_type=\"spacer.default\">\n\t\t\t\t<div class=\"elementor-widget-container\">\n\t\t\t\t\t<div class=\"elementor-spacer\">\n\t\t\t<div class=\"elementor-spacer-inner\"><\/div>\n\t\t<\/div>\n\t\t\t\t<\/div>\n\t\t\t\t<\/div>\n\t\t\t\t\t<\/div>\n\t\t<\/div>\n\t\t\t\t\t<\/div>\n\t\t<\/section>\n\t\t\t\t<section class=\"elementor-section elementor-top-section elementor-element elementor-element-07384b9 elementor-section-boxed elementor-section-height-default elementor-section-height-default\" data-id=\"07384b9\" data-element_type=\"section\">\n\t\t\t\t\t\t<div class=\"elementor-container elementor-column-gap-default\">\n\t\t\t\t\t<div class=\"elementor-column elementor-col-100 elementor-top-column elementor-element elementor-element-d9e0912\" data-id=\"d9e0912\" data-element_type=\"column\">\n\t\t\t<div class=\"elementor-widget-wrap elementor-element-populated\">\n\t\t\t\t\t\t<div class=\"elementor-element elementor-element-9f19f05 elementor-widget elementor-widget-spacer\" data-id=\"9f19f05\" data-element_type=\"widget\" data-widget_type=\"spacer.default\">\n\t\t\t\t<div class=\"elementor-widget-container\">\n\t\t\t\t\t<div class=\"elementor-spacer\">\n\t\t\t<div class=\"elementor-spacer-inner\"><\/div>\n\t\t<\/div>\n\t\t\t\t<\/div>\n\t\t\t\t<\/div>\n\t\t\t\t\t<\/div>\n\t\t<\/div>\n\t\t\t\t\t<\/div>\n\t\t<\/section>\n\t\t\t\t<section class=\"elementor-section elementor-top-section elementor-element elementor-element-f473a19 elementor-section-boxed elementor-section-height-default elementor-section-height-default\" data-id=\"f473a19\" data-element_type=\"section\" data-settings=\"{&quot;background_background&quot;:&quot;classic&quot;}\">\n\t\t\t\t\t\t<div class=\"elementor-container elementor-column-gap-default\">\n\t\t\t\t\t<div class=\"elementor-column elementor-col-100 elementor-top-column elementor-element elementor-element-abba64e\" data-id=\"abba64e\" data-element_type=\"column\">\n\t\t\t<div class=\"elementor-widget-wrap elementor-element-populated\">\n\t\t\t\t\t\t<div class=\"elementor-element elementor-element-439db80 elementor-widget elementor-widget-heading\" data-id=\"439db80\" data-element_type=\"widget\" data-widget_type=\"heading.default\">\n\t\t\t\t<div class=\"elementor-widget-container\">\n\t\t\t<h1 class=\"elementor-heading-title elementor-size-default\"><a href=\"https:\/\/kurcaloglu.com\/fr\/\"><b>Sortie et Exclusion des Partenariats dans les Soci\u00e9t\u00e9s<\/b><\/a><\/h1>\t\t<\/div>\n\t\t\t\t<\/div>\n\t\t\t\t<div class=\"elementor-element elementor-element-c0ed83e elementor-widget elementor-widget-image\" data-id=\"c0ed83e\" data-element_type=\"widget\" data-widget_type=\"image.default\">\n\t\t\t\t<div class=\"elementor-widget-container\">\n\t\t\t\t\t\t\t\t\t\t\t\t\t<img fetchpriority=\"high\" decoding=\"async\" width=\"768\" height=\"512\" src=\"https:\/\/kurcaloglu.com\/wp-content\/uploads\/2022\/10\/Sirket-avukat-768x512.jpg\" class=\"attachment-medium_large size-medium_large wp-image-14692\" alt=\"\" srcset=\"https:\/\/kurcaloglu.com\/wp-content\/uploads\/2022\/10\/Sirket-avukat-768x512.jpg 768w, https:\/\/kurcaloglu.com\/wp-content\/uploads\/2022\/10\/Sirket-avukat-300x200.jpg 300w, https:\/\/kurcaloglu.com\/wp-content\/uploads\/2022\/10\/Sirket-avukat.jpg 1024w\" sizes=\"(max-width: 768px) 100vw, 768px\" \/>\t\t\t\t\t\t\t\t\t\t\t\t\t<\/div>\n\t\t\t\t<\/div>\n\t\t\t\t<div class=\"elementor-element elementor-element-193b8fa elementor-widget elementor-widget-heading\" data-id=\"193b8fa\" data-element_type=\"widget\" data-widget_type=\"heading.default\">\n\t\t\t\t<div class=\"elementor-widget-container\">\n\t\t\t<h2 class=\"elementor-heading-title elementor-size-default\"><b>Sortie et Exclusion des Partenariats dans les Soci\u00e9t\u00e9s<\/b><\/h2>\t\t<\/div>\n\t\t\t\t<\/div>\n\t\t\t\t<div class=\"elementor-element elementor-element-ca97850 elementor-widget elementor-widget-text-editor\" data-id=\"ca97850\" data-element_type=\"widget\" data-widget_type=\"text-editor.default\">\n\t\t\t\t<div class=\"elementor-widget-container\">\n\t\t\t\t\t\t\t<p>\u00a0 \u00a0 \u00a0 \u00a0 \u00a0 \u00a0 \u00a0 \u00a0 \u00a0 \u00a0 Lorsqu'il s'agit de types de soci\u00e9t\u00e9s, il est n\u00e9cessaire de mentionner diff\u00e9rentes structures. En plus des soci\u00e9t\u00e9s \u00e0 responsabilit\u00e9 limit\u00e9e, il existe des soci\u00e9t\u00e9s en nom collectif, des soci\u00e9t\u00e9s en commandite, des coop\u00e9ratives, des consortiums et des entreprises individuelles. En Turquie, les soci\u00e9t\u00e9s \u00e0 responsabilit\u00e9 limit\u00e9e sont les plus courantes.<\/p><p class=\" translation-block\">Lorsqu'il s'agit de types de soci\u00e9t\u00e9s, il est n\u00e9cessaire de mentionner diff\u00e9rentes structures. En plus des soci\u00e9t\u00e9s \u00e0 responsabilit\u00e9 limit\u00e9e, il existe des soci\u00e9t\u00e9s en nom collectif, des soci\u00e9t\u00e9s en commandite, des coop\u00e9ratives, des consortiums et des entreprises individuelles. En Turquie, les soci\u00e9t\u00e9s \u00e0 responsabilit\u00e9 limit\u00e9e sont les plus courantes. Les soci\u00e9t\u00e9s \u00e0 responsabilit\u00e9 limit\u00e9e sont pr\u00e9f\u00e9r\u00e9es en raison de leurs aspects attractifs pour la formation de partenariats. La constitution d'une soci\u00e9t\u00e9 \u00e0 responsabilit\u00e9 limit\u00e9e est simple, et ces soci\u00e9t\u00e9s ne sont responsables envers les cr\u00e9anciers que dans la limite de leurs actifs. La loi turque sur le commerce (TTK) n\u00b0 6102 contient plusieurs dispositions concernant la sortie et l'exclusion des partenaires dans une soci\u00e9t\u00e9 \u00e0 responsabilit\u00e9 limit\u00e9e. Certaines de ces dispositions sont sp\u00e9cifiquement pr\u00e9vues pour les soci\u00e9t\u00e9s \u00e0 responsabilit\u00e9 limit\u00e9e, tandis que d'autres font partie des r\u00e8gles g\u00e9n\u00e9rales applicables \u00e0 toutes les soci\u00e9t\u00e9s commerciales. La sortie des partenaires dans les soci\u00e9t\u00e9s \u00e0 responsabilit\u00e9 limit\u00e9e est r\u00e9gie par l'article 638 du TTK.<\/p><p>\u00a0 \u00a0 \u00a0 \u00a0 \u00a0 \u00a0 \u00a0 \u00a0 \u00a0 \u00a0 \u00a0 \u00a0La sortie peut \u00eatre d\u00e9finie comme la cessation volontaire de la relation juridique entre un partenaire et la soci\u00e9t\u00e9. Pour qu'un partenaire puisse quitter la soci\u00e9t\u00e9, le droit de sortie doit \u00eatre accord\u00e9 dans le contrat de soci\u00e9t\u00e9 ou des motifs valables doivent exister. Si l'un de ces motifs est r\u00e9alis\u00e9 et qu'un partenaire intente une action en justice \u00e0 cette fin, tout autre partenaire ayant des motifs similaires peut \u00e9galement rejoindre cette action.<\/p>\t\t\t\t\t\t<\/div>\n\t\t\t\t<\/div>\n\t\t\t\t<div class=\"elementor-element elementor-element-2d6ad44 elementor-widget elementor-widget-image\" data-id=\"2d6ad44\" data-element_type=\"widget\" data-widget_type=\"image.default\">\n\t\t\t\t<div class=\"elementor-widget-container\">\n\t\t\t\t\t\t\t\t\t\t\t\t\t<img decoding=\"async\" width=\"800\" height=\"445\" src=\"https:\/\/kurcaloglu.com\/wp-content\/uploads\/2022\/10\/yabanci-ortakli-sirket-kurulusu.jpg\" class=\"attachment-large size-large wp-image-14746\" alt=\"\" srcset=\"https:\/\/kurcaloglu.com\/wp-content\/uploads\/2022\/10\/yabanci-ortakli-sirket-kurulusu.jpg 800w, https:\/\/kurcaloglu.com\/wp-content\/uploads\/2022\/10\/yabanci-ortakli-sirket-kurulusu-300x167.jpg 300w, https:\/\/kurcaloglu.com\/wp-content\/uploads\/2022\/10\/yabanci-ortakli-sirket-kurulusu-768x427.jpg 768w\" sizes=\"(max-width: 800px) 100vw, 800px\" \/>\t\t\t\t\t\t\t\t\t\t\t\t\t<\/div>\n\t\t\t\t<\/div>\n\t\t\t\t<div class=\"elementor-element elementor-element-b341463 elementor-widget elementor-widget-heading\" data-id=\"b341463\" data-element_type=\"widget\" data-widget_type=\"heading.default\">\n\t\t\t\t<div class=\"elementor-widget-container\">\n\t\t\t<h2 class=\"elementor-heading-title elementor-size-default\">Dispositions du Contrat de Soci\u00e9t\u00e9<\/h2>\t\t<\/div>\n\t\t\t\t<\/div>\n\t\t\t\t<div class=\"elementor-element elementor-element-406e6b0 elementor-widget elementor-widget-text-editor\" data-id=\"406e6b0\" data-element_type=\"widget\" data-widget_type=\"text-editor.default\">\n\t\t\t\t<div class=\"elementor-widget-container\">\n\t\t\t\t\t\t\t<p class=\" translation-block\">Le droit de sortie bas\u00e9 sur le contrat de soci\u00e9t\u00e9 est pr\u00e9vu par l'article 638\/1 du TTK. Le contrat de soci\u00e9t\u00e9 peut accorder aux partenaires le droit de quitter la soci\u00e9t\u00e9. En r\u00e8gle g\u00e9n\u00e9rale, la d\u00e9claration de sortie n'est soumise \u00e0 aucune formalit\u00e9. Le droit de sortie pr\u00e9vu dans le contrat de soci\u00e9t\u00e9 peut \u00eatre ult\u00e9rieurement retir\u00e9, mais cela n\u00e9cessite l'unanimit\u00e9 des partenaires. Le simple fait de pr\u00e9voir la sortie dans le contrat ne suffit pas; les conditions de cette disposition sont \u00e9galement importantes. La sortie peut \u00eatre subordonn\u00e9e \u00e0 des conditions sp\u00e9cifiques, des d\u00e9lais ou d'autres exigences. Dans ce cas, il faut v\u00e9rifier si ces conditions sont remplies. Pour d\u00e9terminer et suivre le processus, il est essentiel de consulter un avocat expert en droit des soci\u00e9t\u00e9s et en proc\u00e9dure de sortie.<\/p><p>\u00a0 \u00a0 \u00a0 \u00a0 \u00a0 \u00a0 \u00a0 \u00a0 \u00a0 \u00a0 \u00a0 Le contrat de soci\u00e9t\u00e9 peut accorder \u00e0 certains partenaires le droit de sortir tout en interdisant ce droit \u00e0 d'autres. Cependant, l'article 358 du TTK stipule le principe de traitement \u00e9gal. Selon ce principe, les actionnaires doivent \u00eatre trait\u00e9s de mani\u00e8re \u00e9gale dans des conditions similaires. Une telle disposition serait consid\u00e9r\u00e9e comme contraire au principe de traitement \u00e9gal et ne serait donc pas valide.<\/p>\t\t\t\t\t\t<\/div>\n\t\t\t\t<\/div>\n\t\t\t\t<div class=\"elementor-element elementor-element-da2c8a4 elementor-widget elementor-widget-heading\" data-id=\"da2c8a4\" data-element_type=\"widget\" data-widget_type=\"heading.default\">\n\t\t\t\t<div class=\"elementor-widget-container\">\n\t\t\t<h5 class=\"elementor-heading-title elementor-size-default\">Les raisons suivantes peuvent justifier la sortie dans le cadre du contrat de soci\u00e9t\u00e9 selon le TTK:\n\n<\/h5>\t\t<\/div>\n\t\t\t\t<\/div>\n\t\t\t\t<div class=\"elementor-element elementor-element-841449b elementor-widget elementor-widget-text-editor\" data-id=\"841449b\" data-element_type=\"widget\" data-widget_type=\"text-editor.default\">\n\t\t\t\t<div class=\"elementor-widget-container\">\n\t\t\t\t\t\t\t<ol><li class=\" translation-block\"><strong>Restructuration <\/strong>: Les soci\u00e9t\u00e9s participant \u00e0 une fusion peuvent offrir aux partenaires le droit de sortir avant la fusion selon l'article 141 du TTK.<\/li><li class=\" translation-block\"><strong>Scission <\/strong>: En cas de scission de la soci\u00e9t\u00e9, un partenaire peut utiliser son droit de sortie, sous r\u00e9serve des conditions pr\u00e9vues par le contrat ou par accord.<\/li><li class=\" translation-block\"><strong>Changement de type :<\/strong> La conversion d'une soci\u00e9t\u00e9 en un autre type de soci\u00e9t\u00e9 est r\u00e9gie par les articles 180 \u00e0 190 du TTK, permettant aux partenaires de sortir selon l'accord ou les conditions du contrat.<\/li><\/ol>\t\t\t\t\t\t<\/div>\n\t\t\t\t<\/div>\n\t\t\t\t<div class=\"elementor-element elementor-element-517ddf5 elementor-widget elementor-widget-image\" data-id=\"517ddf5\" data-element_type=\"widget\" data-widget_type=\"image.default\">\n\t\t\t\t<div class=\"elementor-widget-container\">\n\t\t\t\t\t\t\t\t\t\t\t\t\t<img decoding=\"async\" width=\"810\" height=\"458\" src=\"https:\/\/kurcaloglu.com\/wp-content\/uploads\/2022\/10\/3286212_810x458.jpg\" class=\"attachment-large size-large wp-image-14745\" alt=\"\" srcset=\"https:\/\/kurcaloglu.com\/wp-content\/uploads\/2022\/10\/3286212_810x458.jpg 810w, https:\/\/kurcaloglu.com\/wp-content\/uploads\/2022\/10\/3286212_810x458-300x170.jpg 300w, https:\/\/kurcaloglu.com\/wp-content\/uploads\/2022\/10\/3286212_810x458-768x434.jpg 768w\" sizes=\"(max-width: 810px) 100vw, 810px\" \/>\t\t\t\t\t\t\t\t\t\t\t\t\t<\/div>\n\t\t\t\t<\/div>\n\t\t\t\t<div class=\"elementor-element elementor-element-08f5bb7 elementor-widget elementor-widget-heading\" data-id=\"08f5bb7\" data-element_type=\"widget\" data-widget_type=\"heading.default\">\n\t\t\t\t<div class=\"elementor-widget-container\">\n\t\t\t<h3 class=\"elementor-heading-title elementor-size-default\">Exclusion pour Motif L\u00e9gitime &amp; Exclusion par D\u00e9cision Judiciaire<\/h3>\t\t<\/div>\n\t\t\t\t<\/div>\n\t\t\t\t<div class=\"elementor-element elementor-element-7ed1e73 elementor-widget elementor-widget-text-editor\" data-id=\"7ed1e73\" data-element_type=\"widget\" data-widget_type=\"text-editor.default\">\n\t\t\t\t<div class=\"elementor-widget-container\">\n\t\t\t\t\t\t\t<p>\u00a0 \u00a0 \u00a0 \u00a0 \u00a0 \u00a0 \u00a0 \u00a0 \u00a0 \u00a0 \u00a0 \u00a0Pour qu'un partenaire puisse \u00eatre exclu d'une soci\u00e9t\u00e9 \u00e0 responsabilit\u00e9 limit\u00e9e pour motif l\u00e9gitime, la poursuite de la relation de partenariat doit \u00eatre impossible. Les motifs l\u00e9gitimes peuvent d\u00e9couler de la relation professionnelle entre les partenaires ou de probl\u00e8mes personnels. Il suffit que cette situation rende impossible la poursuite de la relation de partenariat.<\/p><p>\u00a0 \u00a0 \u00a0 \u00a0 \u00a0 \u00a0 \u00a0 \u00a0 \u00a0 \u00a0 \u00a0 \u00a0Bien que la loi ne fournisse pas une d\u00e9finition claire des motifs l\u00e9gitimes, diverses dispositions de la loi indiquent des exemples de tels motifs:<\/p><p>\u00a0<\/p><ul><li>Trahison dans la gestion ou la comptabilit\u00e9 de la soci\u00e9t\u00e9.<\/li><li>\u00a0<\/li><li>Manquement aux devoirs et obligations fondamentales.<\/li><li>\u00a0<\/li><li>Mauvaise utilisation de la raison sociale ou des biens de la soci\u00e9t\u00e9 \u00e0 des fins personnelles.\u00a0<\/li><li>\u00a0<\/li><li>Incapacit\u00e9 d'un partenaire \u00e0 remplir ses fonctions en raison d'une maladie persistante ou d'une autre cause.<\/li><li>\u00a0<\/li><\/ul><p>\u00a0 \u00a0 \u00a0 \u00a0 \u00a0 \u00a0 \u00a0 \u00a0 \u00a0 \u00a0 Selon l'article 641\/I du TTK, un partenaire qui quitte la soci\u00e9t\u00e9 a le droit de recevoir une compensation correspondant \u00e0 la valeur r\u00e9elle de sa part de capital. Les articles 641 et 642 du TTK fournissent des dispositions d\u00e9taill\u00e9es sur la compensation de sortie, indiquant que la valeur r\u00e9elle de la part du partenaire doit \u00eatre pay\u00e9e, et cette valeur est distincte de la valeur nominale.<\/p><ul style=\"color: #4a4e57; font-family: Arial, Helvetica, sans-serif; font-weight: 400; text-align: justify;\"><li style=\"text-align: justify;\">\u00a0<\/li><\/ul>\t\t\t\t\t\t<\/div>\n\t\t\t\t<\/div>\n\t\t\t\t<div class=\"elementor-element elementor-element-8afaf98 elementor-widget elementor-widget-spacer\" data-id=\"8afaf98\" data-element_type=\"widget\" data-widget_type=\"spacer.default\">\n\t\t\t\t<div class=\"elementor-widget-container\">\n\t\t\t\t\t<div class=\"elementor-spacer\">\n\t\t\t<div class=\"elementor-spacer-inner\"><\/div>\n\t\t<\/div>\n\t\t\t\t<\/div>\n\t\t\t\t<\/div>\n\t\t\t\t<div class=\"elementor-element elementor-element-411868b elementor-widget elementor-widget-image\" data-id=\"411868b\" data-element_type=\"widget\" data-widget_type=\"image.default\">\n\t\t\t\t<div class=\"elementor-widget-container\">\n\t\t\t\t\t\t\t\t\t\t\t\t\t<img loading=\"lazy\" decoding=\"async\" width=\"600\" height=\"400\" src=\"https:\/\/kurcaloglu.com\/wp-content\/uploads\/2022\/09\/56a9ec0d6ce43633a465f1fa.jpeg\" class=\"attachment-large size-large wp-image-13462\" alt=\"\" srcset=\"https:\/\/kurcaloglu.com\/wp-content\/uploads\/2022\/09\/56a9ec0d6ce43633a465f1fa.jpeg 600w, https:\/\/kurcaloglu.com\/wp-content\/uploads\/2022\/09\/56a9ec0d6ce43633a465f1fa-300x200.jpeg 300w\" sizes=\"(max-width: 600px) 100vw, 600px\" \/>\t\t\t\t\t\t\t\t\t\t\t\t\t<\/div>\n\t\t\t\t<\/div>\n\t\t\t\t<div class=\"elementor-element elementor-element-1556378 elementor-widget elementor-widget-heading\" data-id=\"1556378\" data-element_type=\"widget\" data-widget_type=\"heading.default\">\n\t\t\t\t<div class=\"elementor-widget-container\">\n\t\t\t<h3 class=\"elementor-heading-title elementor-size-default\">Compensation de Sortie\n<\/h3>\t\t<\/div>\n\t\t\t\t<\/div>\n\t\t\t\t<div class=\"elementor-element elementor-element-d8e8518 elementor-widget elementor-widget-text-editor\" data-id=\"d8e8518\" data-element_type=\"widget\" data-widget_type=\"text-editor.default\">\n\t\t\t\t<div class=\"elementor-widget-container\">\n\t\t\t\t\t\t\t<p>\u00a0 \u00a0 \u00a0 \u00a0 \u00a0 \u00a0 \u00a0 \u00a0 \u00a0Selon l'article 641\/I du TTK, un partenaire qui quitte la soci\u00e9t\u00e9 a le droit de recevoir une compensation correspondant \u00e0 la valeur r\u00e9elle de sa part de capital.<\/p><p>\u00a0 \u00a0 \u00a0 \u00a0 \u00a0 \u00a0 \u00a0 \u00a0 \u00a0 \u00a0Les articles 641 et 642 du TTK fournissent des dispositions d\u00e9taill\u00e9es sur la compensation de sortie, indiquant que la valeur r\u00e9elle de la part du partenaire doit \u00eatre pay\u00e9e, et cette valeur est distincte de la valeur nominale.<\/p>\t\t\t\t\t\t<\/div>\n\t\t\t\t<\/div>\n\t\t\t\t<div class=\"elementor-element elementor-element-dffb3e2 elementor-widget elementor-widget-heading\" data-id=\"dffb3e2\" data-element_type=\"widget\" data-widget_type=\"heading.default\">\n\t\t\t\t<div class=\"elementor-widget-container\">\n\t\t\t<h3 class=\"elementor-heading-title elementor-size-default\">Recours Judiciaire pour Annulation\n<\/h3>\t\t<\/div>\n\t\t\t\t<\/div>\n\t\t\t\t<div class=\"elementor-element elementor-element-e364874 elementor-widget elementor-widget-text-editor\" data-id=\"e364874\" data-element_type=\"widget\" data-widget_type=\"text-editor.default\">\n\t\t\t\t<div class=\"elementor-widget-container\">\n\t\t\t\t\t\t\t<p class=\" translation-block\">Conform\u00e9ment \u00e0 l'article 640\/II du TTK, un partenaire qui fait l'objet d'une d\u00e9cision d'exclusion peut intenter une action en annulation de cette d\u00e9cision. Les conditions pour l'annulation des d\u00e9cisions de l'assembl\u00e9e g\u00e9n\u00e9rale dans les soci\u00e9t\u00e9s anonymes s'appliquent \u00e9galement aux soci\u00e9t\u00e9s \u00e0 responsabilit\u00e9 limit\u00e9e.<\/p><p>\u00a0 \u00a0 \u00a0 \u00a0 \u00a0 \u00a0 \u00a0 \u00a0 \u00a0.<\/p><p style=\"font-weight: 400;\">\u00a0<\/p>\t\t\t\t\t\t<\/div>\n\t\t\t\t<\/div>\n\t\t\t\t<div class=\"elementor-element elementor-element-069ff9f elementor-widget elementor-widget-heading\" data-id=\"069ff9f\" data-element_type=\"widget\" data-widget_type=\"heading.default\">\n\t\t\t\t<div class=\"elementor-widget-container\">\n\t\t\t<h3 class=\"elementor-heading-title elementor-size-default\">Tribunal Comp\u00e9tent\n<\/h3>\t\t<\/div>\n\t\t\t\t<\/div>\n\t\t\t\t<div class=\"elementor-element elementor-element-356487d elementor-widget elementor-widget-text-editor\" data-id=\"356487d\" data-element_type=\"widget\" data-widget_type=\"text-editor.default\">\n\t\t\t\t<div class=\"elementor-widget-container\">\n\t\t\t\t\t\t\t<p>\u00a0 \u00a0 \u00a0 \u00a0 \u00a0 \u00a0 \u00a0 \u00a0 \u00a0 \u00a0 Selon l'article 5 du TTK, le tribunal comp\u00e9tent pour les actions de sortie est le tribunal de commerce de premi\u00e8re instance.<\/p><p>\u00a0 \u00a0 \u00a0 \u00a0 \u00a0 \u00a0 \u00a0 \u00a0 \u00a0 \u00a0 Si aucun tribunal de commerce n'existe, le tribunal civil de premi\u00e8re instance du lieu o\u00f9 se trouve la soci\u00e9t\u00e9 sera comp\u00e9tent.<\/p>\t\t\t\t\t\t<\/div>\n\t\t\t\t<\/div>\n\t\t\t\t<div class=\"elementor-element elementor-element-aef9d09 elementor-widget elementor-widget-spacer\" data-id=\"aef9d09\" data-element_type=\"widget\" data-widget_type=\"spacer.default\">\n\t\t\t\t<div class=\"elementor-widget-container\">\n\t\t\t\t\t<div class=\"elementor-spacer\">\n\t\t\t<div class=\"elementor-spacer-inner\"><\/div>\n\t\t<\/div>\n\t\t\t\t<\/div>\n\t\t\t\t<\/div>\n\t\t\t\t<div class=\"elementor-element elementor-element-23cf48f elementor-widget elementor-widget-heading\" data-id=\"23cf48f\" data-element_type=\"widget\" data-widget_type=\"heading.default\">\n\t\t\t\t<div class=\"elementor-widget-container\">\n\t\t\t<h3 class=\"elementor-heading-title elementor-size-default\">.<\/h3>\t\t<\/div>\n\t\t\t\t<\/div>\n\t\t\t\t<div class=\"elementor-element elementor-element-8d1f697 elementor-widget elementor-widget-text-editor\" data-id=\"8d1f697\" data-element_type=\"widget\" data-widget_type=\"text-editor.default\">\n\t\t\t\t<div class=\"elementor-widget-container\">\n\t\t\t\t\t\t\t<p>.<\/p><p>.<\/p>\t\t\t\t\t\t<\/div>\n\t\t\t\t<\/div>\n\t\t\t\t<div class=\"elementor-element elementor-element-1f5f75f elementor-widget elementor-widget-heading\" data-id=\"1f5f75f\" data-element_type=\"widget\" data-widget_type=\"heading.default\">\n\t\t\t\t<div class=\"elementor-widget-container\">\n\t\t\t<h3 class=\"elementor-heading-title elementor-size-default\">Mod\u00e8le de Demande de Sortie<\/h3>\t\t<\/div>\n\t\t\t\t<\/div>\n\t\t\t\t<div class=\"elementor-element elementor-element-b9447cd elementor-widget elementor-widget-text-editor\" data-id=\"b9447cd\" data-element_type=\"widget\" data-widget_type=\"text-editor.default\">\n\t\t\t\t<div class=\"elementor-widget-container\">\n\t\t\t\t\t\t\t<p><b>\u0130stanbul N\u00f6bet\u00e7i<\/b><b>\u00a0Asliye Ticaret Mahkemesi\u2019ne<\/b><\/p><p><b><u>DAVACI\u00a0 \u00a0 \u00a0 \u00a0 \u00a0 \u00a0 \u00a0 \u00a0 \u00a0 \u00a0 \u00a0 \u00a0 \u00a0:<\/u> \u2026\u2026\u2026\u2026\u2026\u2026\u2026\u2026\u2026..<\/b><\/p><p><b><u>VEK\u0130L\u0130\u00a0 \u00a0 \u00a0 \u00a0 \u00a0 \u00a0 \u00a0 \u00a0 \u00a0 \u00a0 \u00a0 \u00a0 \u00a0 \u00a0:<\/u><\/b>\u00a0Av. Burak KUR\u00c7ALO\u011eLU<\/p><p><b style=\"text-decoration-line: underline;\">DAVALI\u00a0 \u00a0 \u00a0 \u00a0 \u00a0 \u00a0 \u00a0 \u00a0 \u00a0 \u00a0 \u00a0 \u00a0 \u00a0:<\/b>\u00a0\u2026\u2026\u2026\u2026\u2026.\u00a0 \u2026\u2026\u2026\u2026\u2026. .\u0130th. \u0130hr. San. ve Tic. Ltd. \u015eti.- \u00a0 \u2026\u2026<\/p><p><u><b>KONU\u00a0 \u00a0 \u00a0 \u00a0 \u00a0 \u00a0 \u00a0 \u00a0 \u00a0 \u00a0 \u00a0 \u00a0 \u00a0 \u00a0 \u00a0:<\/b>\u00a0<\/u>M\u00fcvekkilimizin, \u015firket ortakl\u0131\u011f\u0131ndan \u00e7\u0131kar\u0131lma istemimizden ibarettir.<\/p><p><b><u>A\u00c7IKLAMALAR\u00a0 \u00a0 \u00a0 :<\/u><\/b>\u00a0M\u00fcvekkilimiz, 13.07.2009 tarihinden bu yana \u2026\u2026\u2026\u2026\u2026\u2026\u2026..\u0130th. \u0130hr. San. ve Tic.Ltd.\u015eti.\u2019nin orta\u011f\u0131d\u0131r. M\u00fcvekkilimiz, ortakl\u0131\u011f\u0131n ba\u015flad\u0131\u011f\u0131 tarihten bug\u00fcne kadar \u015firketin i\u015f ve i\u015fleyi\u015fiyle ilgili di\u011fer ortaktan bilgi alamad\u0131\u011f\u0131 gibi ,kar da\u011f\u0131t\u0131m\u0131 yap\u0131lmamaktad\u0131r. Bu nedenle M\u00fcvekkil, T.T.K. gere\u011fince hakl\u0131 sebeplerle \u015firketin ortakl\u0131\u011f\u0131ndan ayr\u0131lmak istemektedir.<\/p><p>Daval\u0131 \u015firket, faaliyet konusundan uzakla\u015fm\u0131\u015f, s\u00fcrekli zarar etmi\u015f, malvarl\u0131\u011f\u0131 israf edilmi\u015f, hakk\u0131nda icra takipleri a\u00e7\u0131lm\u0131\u015ft\u0131r. Ayr\u0131ca; bahse konu \u015firketin ticaret sicilde kay\u0131tl\u0131 adresinde olmad\u0131\u011f\u0131na m\u00fc\u015fahade edilmi\u015ftir. Limited \u015firketin ortakl\u0131k mevcudu kalmam\u0131\u015f, \u015firket otakl\u0131\u011f\u0131ndan ayr\u0131lmak isteyen m\u00fcvekkilimiz di\u011fer orta\u011fa bir t\u00fcrl\u00fc ula\u015famamaktad\u0131r.<\/p><p>Ortaklar aras\u0131ndaki g\u00fcven ili\u015fkisi sona ermi\u015f, di\u011fer ortak kendi kusurundan kaynakl\u0131 \u015firketin kurulu\u015f gayesinin ger\u00e7ekle\u015fmesinde hukuki ve ekonomik imkans\u0131zl\u0131k meydana gelmi\u015ftir. \u015eirket devaml\u0131 olarak zarar etmi\u015f ve kar sa\u011flayamamakta, \u015firket y\u00f6netiminde yolsuzluklar yap\u0131ld\u0131\u011f\u0131 kanaatimiz olu\u015fmu\u015f, \u015firket m\u00fcd\u00fcr\u00fc olan di\u011fer ortak \u015firketi iyi idare edememi\u015ftir. Ayr\u0131ca basiretli tacirden de s\u00f6z edilemez olmu\u015ftur.<\/p><p><i>\u201c<\/i><i>TTK\u2019n\u0131n 638\u2019inci maddesinin ikinci f\u0131kras\u0131nda \u201cHer ortak, hakl\u0131 sebeplerin varl\u0131\u011f\u0131nda \u015firketten \u00e7\u0131kmas\u0131na karar verilmesi i\u00e7in dava a\u00e7abilir.\u201d\u202f<\/i><i>\u201d\u00a0<\/i>\u015eeklindedir. TTK m. 245\u2019te, \u201cbir orta\u011f\u0131n \u015firketin y\u00f6netim i\u015flerinde veya hesaplar\u0131n\u0131n \u00e7\u0131kar\u0131lmas\u0131nda \u015firkete ihanet etmi\u015f olmas\u0131\u201d veya \u201cbir orta\u011f\u0131n kendisine d\u00fc\u015fen asli g\u00f6revleri ve bor\u00e7lar\u0131 yerine getirmemesi\u201d ve bunlara benzer haller hakl\u0131 sebep olarak nitelendirilmi\u015ftir.<\/p><p>Yukar\u0131da ki a\u00e7\u0131klamalar\u0131m\u0131z \u0131\u015f\u0131\u011f\u0131nda T\u00fcrk Ticaret Kanunu h\u00fck\u00fcmleri uyar\u0131nca m\u00fcvekkilin hakl\u0131 sebeplerle \u015firket ortakl\u0131\u011f\u0131ndan \u00e7\u0131kar\u0131lmas\u0131na karar verilmesi i\u00e7in mahkemenize ba\u015fvurmak zorunlulu\u011fu do\u011fmu\u015ftur.<\/p><p><b>HUKUK\u0130 NEDENLER:<\/b>TTK. BK. vs ilgili mevzuat<\/p><p><b><u>DEL\u0130LLER\u00a0 \u00a0 \u00a0 \u00a0 \u00a0 \u00a0 \u00a0 \u00a0 \u00a0 \u00a0 :<\/u><\/b>\u00a0Tescil belgeleri, ke\u015fif, ticaret sicil kay\u0131tlan, Ticari defterler,, Tan\u0131k, vs her t\u00fcrl\u00fc delil<\/p><p><b><u>\u0130STEM VE SONU\u00c7 :<\/u>\u00a0<\/b>Yukar\u0131da\u00a0a\u00e7\u0131klam\u0131\u015f\u00a0oldu\u011fumuz\u00a0nedenlerle; \u00f6ncelikle T\u00fcrk Ticaret Kanunu h\u00fck\u00fcmleri uyar\u0131nca m\u00fcvekkilin hakl\u0131 sebeplerle \u015firket ortakl\u0131\u011f\u0131ndan \u00e7\u0131kar\u0131lmas\u0131na karar verilmesi, yarg\u0131lama giderleri ile vekalet \u00fccretinin daval\u0131lar \u00fczerinde b\u0131rak\u0131lmas\u0131na karar verilmesi sayg\u0131lar\u0131m\u0131zla bilvekale arz ve talep olunur. 07.09.2022<\/p><p>\u00a0<\/p><p>\u00a0 \u00a0 \u00a0 \u00a0 \u00a0 \u00a0 \u00a0 \u00a0 \u00a0 \u00a0 \u00a0 \u00a0 \u00a0 \u00a0 \u00a0 \u00a0 \u00a0 \u00a0 \u00a0 \u00a0 \u00a0 \u00a0 \u00a0 \u00a0 \u00a0 \u00a0 \u00a0 \u00a0 \u00a0 \u00a0 \u00a0 \u00a0 \u00a0 \u00a0 \u00a0 \u00a0 \u00a0 \u00a0 \u00a0 \u00a0 \u00a0 \u00a0 \u00a0 \u00a0 \u00a0 \u00a0 \u00a0 \u00a0 \u00a0 \u00a0 \u00a0 \u00a0 \u00a0 \u00a0 \u00a0 \u00a0 \u00a0 \u00a0 \u00a0 \u00a0 \u00a0 \u00a0 \u00a0 \u00a0 \u00a0 \u00a0 \u00a0 \u00a0 \u00a0 \u00a0 \u00a0 \u00a0 \u00a0 \u00a0 \u00a0 \u00a0 \u00a0 \u00a0 \u00a0 \u00a0 \u00a0 \u00a0 \u00a0 \u00a0 \u00a0 \u00a0 \u00a0 \u00a0 \u00a0 \u00a0 \u00a0 \u00a0 \u00a0 \u00a0 \u00a0 \u00a0 \u00a0 \u00a0 \u00a0 \u00a0 \u00a0 \u00a0 \u00a0 \u00a0 \u00a0 \u00a0 \u00a0 \u00a0 \u00a0 \u00a0 \u00a0 \u00a0 \u00a0 \u00a0 \u00a0 \u00a0 \u00a0 \u00a0 \u00a0 \u00a0 \u00a0 \u00a0 \u00a0 \u00a0 \u00a0 \u00a0 \u00a0 \u00a0 \u00a0 \u00a0 \u00a0 \u00a0 \u00a0 \u00a0 \u00a0 \u00a0 \u00a0 \u00a0 \u00a0 \u00a0 \u00a0 \u00a0 \u00a0 \u00a0 \u00a0 \u00a0Davac\u0131 Vekili<\/p><p>\u00a0 \u00a0 \u00a0 \u00a0 \u00a0 \u00a0 \u00a0 \u00a0 \u00a0 \u00a0 \u00a0 \u00a0 \u00a0 \u00a0 \u00a0 \u00a0 \u00a0 \u00a0 \u00a0 \u00a0 \u00a0 \u00a0 \u00a0 \u00a0 \u00a0 \u00a0 \u00a0 \u00a0 \u00a0 \u00a0 \u00a0 \u00a0 \u00a0 \u00a0 \u00a0 \u00a0 \u00a0 \u00a0 \u00a0 \u00a0 \u00a0 \u00a0 \u00a0 \u00a0 \u00a0 \u00a0 \u00a0 \u00a0 \u00a0 \u00a0 \u00a0 \u00a0 \u00a0 \u00a0 \u00a0 \u00a0 \u00a0 \u00a0 \u00a0 \u00a0 \u00a0 \u00a0 \u00a0 \u00a0 \u00a0 \u00a0 \u00a0 \u00a0 \u00a0 \u00a0 \u00a0 \u00a0 \u00a0 \u00a0 \u00a0 \u00a0 \u00a0 \u00a0 \u00a0 \u00a0 \u00a0 \u00a0 \u00a0 \u00a0 \u00a0 \u00a0 \u00a0 \u00a0 \u00a0 \u00a0 \u00a0 \u00a0 \u00a0 \u00a0 \u00a0 \u00a0 \u00a0 \u00a0 \u00a0 \u00a0 \u00a0 \u00a0 \u00a0 \u00a0 \u00a0 \u00a0 \u00a0 \u00a0 \u00a0 \u00a0 \u00a0 \u00a0 \u00a0 \u00a0 \u00a0 \u00a0 \u00a0 \u00a0 \u00a0 \u00a0 \u00a0 \u00a0 \u00a0 \u00a0 \u00a0 \u00a0 \u00a0 \u00a0 \u00a0 \u00a0 \u00a0 \u00a0 \u00a0 \u00a0 \u00a0 \u00a0 \u00a0 \u00a0 \u00a0Av. Burak KUR\u00c7ALO\u011eLU<\/p><p><b>EKLER:<\/b><\/p><p>Vekaletname Onaylanm\u0131\u015f Sureti<\/p><p>Ticaret Sicil Gazetesi<\/p>\t\t\t\t\t\t<\/div>\n\t\t\t\t<\/div>\n\t\t\t\t<div class=\"elementor-element elementor-element-5baf9e9 elementor-widget elementor-widget-spacer\" data-id=\"5baf9e9\" data-element_type=\"widget\" data-widget_type=\"spacer.default\">\n\t\t\t\t<div class=\"elementor-widget-container\">\n\t\t\t\t\t<div class=\"elementor-spacer\">\n\t\t\t<div class=\"elementor-spacer-inner\"><\/div>\n\t\t<\/div>\n\t\t\t\t<\/div>\n\t\t\t\t<\/div>\n\t\t\t\t<div class=\"elementor-element elementor-element-7d56ff0 elementor-widget elementor-widget-heading\" data-id=\"7d56ff0\" data-element_type=\"widget\" data-widget_type=\"heading.default\">\n\t\t\t\t<div class=\"elementor-widget-container\">\n\t\t\t<h3 class=\"elementor-heading-title elementor-size-default\">\u0130lgili Yarg\u0131tay Kararlar\u0131:<\/h3>\t\t<\/div>\n\t\t\t\t<\/div>\n\t\t\t\t<div class=\"elementor-element elementor-element-033683d elementor-widget elementor-widget-text-editor\" data-id=\"033683d\" data-element_type=\"widget\" data-widget_type=\"text-editor.default\">\n\t\t\t\t<div class=\"elementor-widget-container\">\n\t\t\t\t\t\t\t<h5>Yarg\u0131tay 11. Hukuk Dairesi, E. 2016\/13522, K. 2018\/4501, T. 18.6.2018<\/h5><h5>Yarg\u0131tay 11. Hukuk Dairesi,\u00a0 E.2019\/3224, K. 2020\/2963, T. 17.06.2020<\/h5><h5>Yarg\u0131tay 11. Hukuk Dairesi,\u00a0 E.2018\/2348, K. 2019\/4042, T. 22.05.2019<\/h5><h5>Yarg\u0131tay 11. Hukuk Dairesi,\u00a0 E.2018\/3970, K. 2019\/5566, T. 18.09.2019<\/h5><h5>Yarg\u0131tay 11. Hukuk Dairesi,\u00a0 E.2016\/8050, K. 2018\/1208, T. 19.2.2018<\/h5>\t\t\t\t\t\t<\/div>\n\t\t\t\t<\/div>\n\t\t\t\t\t<\/div>\n\t\t<\/div>\n\t\t\t\t\t<\/div>\n\t\t<\/section>\n\t\t\t\t<section class=\"elementor-section elementor-top-section elementor-element elementor-element-238cfcf elementor-section-boxed elementor-section-height-default elementor-section-height-default\" data-id=\"238cfcf\" data-element_type=\"section\">\n\t\t\t\t\t\t<div class=\"elementor-container elementor-column-gap-default\">\n\t\t\t\t\t<div class=\"elementor-column elementor-col-100 elementor-top-column elementor-element elementor-element-2920c74\" data-id=\"2920c74\" data-element_type=\"column\">\n\t\t\t<div class=\"elementor-widget-wrap\">\n\t\t\t\t\t\t\t<\/div>\n\t\t<\/div>\n\t\t\t\t\t<\/div>\n\t\t<\/section>\n\t\t\t\t<\/div>","protected":false},"excerpt":{"rendered":"<p>\u015eirketlerde Ortakl\u0131ktan \u00c7\u0131kma ve \u00c7\u0131kar\u0131lma \u015eirketlerde Ortakl\u0131ktan \u00c7\u0131kma ve \u00c7\u0131kar\u0131lma &nbsp; &nbsp; &nbsp; &nbsp; &nbsp; &nbsp; &nbsp; &nbsp; &nbsp; &nbsp; \u015eirket t\u00fcrleri mevzu bahis oldu\u011fu zaman farkl\u0131 \u015firketlerden bahsetmek gerekmektedir. Limited, kollektif, komandit \u015firketlerin yan\u0131 s\u0131ra kooperatif \u015firketi, konsorsiyum ortakl\u0131klar\u0131 ve \u015fah\u0131s \u015firketleri de bulunur. T\u00fcrkiye\u2019de en s\u0131k kar\u015f\u0131la\u015f\u0131lan ve kullan\u0131lan&nbsp; \u015firket t\u00fcr\u00fc limited \u015firketlerdir&#8230;.<\/p>","protected":false},"author":2,"featured_media":0,"comment_status":"open","ping_status":"open","sticky":false,"template":"elementor_header_footer","format":"standard","meta":{"footnotes":""},"categories":[655,653],"tags":[895,899,896,897,898,894,893],"yoast_head":"<!-- This site is optimized with the Yoast SEO plugin v22.8 - https:\/\/yoast.com\/wordpress\/plugins\/seo\/ -->\n<title>\u015eirketlerde Ortakl\u0131ktan \u00c7\u0131kma ve \u00c7\u0131kar\u0131lma - Kur&ccedil;alo\u011flu Hukuk &amp; Partners<\/title>\n<meta name=\"description\" content=\"\u015eirketlerde ortakl\u0131ktan \u00e7\u0131kma ve \u00e7\u0131kar\u0131lma, orta\u011f\u0131n iradi olarak ortakl\u0131kla aras\u0131ndaki hukuki ili\u015fkiyi sona erdirmesi olarak tan\u0131mlanmaktad\u0131r.\" \/>\n<meta name=\"robots\" content=\"index, follow, max-snippet:-1, max-image-preview:large, max-video-preview:-1\" \/>\n<link rel=\"canonical\" href=\"https:\/\/kurcaloglu.com\/fr\/sirketlerde-ortakliktan-cikma-ve-cikarilma\/\" \/>\n<meta property=\"og:locale\" content=\"fr_FR\" \/>\n<meta property=\"og:type\" content=\"article\" \/>\n<meta property=\"og:title\" content=\"\u015eirketlerde Ortakl\u0131ktan \u00c7\u0131kma ve \u00c7\u0131kar\u0131lma - Kur&ccedil;alo\u011flu Hukuk &amp; Partners\" \/>\n<meta property=\"og:description\" content=\"\u015eirketlerde ortakl\u0131ktan \u00e7\u0131kma ve \u00e7\u0131kar\u0131lma, orta\u011f\u0131n iradi olarak ortakl\u0131kla aras\u0131ndaki hukuki ili\u015fkiyi sona erdirmesi olarak tan\u0131mlanmaktad\u0131r.\" \/>\n<meta property=\"og:url\" content=\"https:\/\/kurcaloglu.com\/fr\/sirketlerde-ortakliktan-cikma-ve-cikarilma\/\" \/>\n<meta property=\"og:site_name\" content=\"Kur&ccedil;alo\u011flu Hukuk &amp; Partners\" \/>\n<meta property=\"article:publisher\" content=\"https:\/\/www.facebook.com\/profile.php?id=100090344741598\" \/>\n<meta property=\"article:published_time\" content=\"2022-10-07T15:05:10+00:00\" \/>\n<meta property=\"article:modified_time\" content=\"2024-08-16T12:58:47+00:00\" \/>\n<meta property=\"og:image\" content=\"https:\/\/kurcaloglu.com\/wp-content\/uploads\/2022\/10\/Sirket-avukat-768x512.jpg\" \/>\n<meta name=\"author\" content=\"Av. Burak Kur\u00e7alo\u011flu\" \/>\n<meta name=\"twitter:card\" content=\"summary_large_image\" \/>\n<meta name=\"twitter:creator\" content=\"@KurcalogluHukuk\" \/>\n<meta name=\"twitter:site\" content=\"@KurcalogluHukuk\" \/>\n<meta name=\"twitter:label1\" content=\"\u00c9crit par\" \/>\n\t<meta name=\"twitter:data1\" content=\"Av. Burak Kur\u00e7alo\u011flu\" \/>\n\t<meta name=\"twitter:label2\" content=\"Dur\u00e9e de lecture estim\u00e9e\" \/>\n\t<meta name=\"twitter:data2\" content=\"13 minutes\" \/>\n<script type=\"application\/ld+json\" class=\"yoast-schema-graph\">{\"@context\":\"https:\/\/schema.org\",\"@graph\":[{\"@type\":\"Article\",\"@id\":\"https:\/\/kurcaloglu.com\/sirketlerde-ortakliktan-cikma-ve-cikarilma\/#article\",\"isPartOf\":{\"@id\":\"https:\/\/kurcaloglu.com\/sirketlerde-ortakliktan-cikma-ve-cikarilma\/\"},\"author\":{\"name\":\"Av. Burak Kur\u00e7alo\u011flu\",\"@id\":\"https:\/\/kurcaloglu.com\/#\/schema\/person\/ddf08f3097e8bd7d3be1a8c42e2b7d4d\"},\"headline\":\"\u015eirketlerde Ortakl\u0131ktan \u00c7\u0131kma ve \u00c7\u0131kar\u0131lma\",\"datePublished\":\"2022-10-07T15:05:10+00:00\",\"dateModified\":\"2024-08-16T12:58:47+00:00\",\"mainEntityOfPage\":{\"@id\":\"https:\/\/kurcaloglu.com\/sirketlerde-ortakliktan-cikma-ve-cikarilma\/\"},\"wordCount\":3267,\"commentCount\":0,\"publisher\":{\"@id\":\"https:\/\/kurcaloglu.com\/#organization\"},\"image\":{\"@id\":\"https:\/\/kurcaloglu.com\/sirketlerde-ortakliktan-cikma-ve-cikarilma\/#primaryimage\"},\"thumbnailUrl\":\"https:\/\/kurcaloglu.com\/wp-content\/uploads\/2022\/10\/Sirket-avukat-768x512.jpg\",\"keywords\":[\"Limited \u015eirketlerde Orta\u011f\u0131n Ortakl\u0131ktan \u00c7\u0131kmas\u0131 ve \u00c7\u0131kar\u0131lmas\u0131\",\"Limited \u015eirketlerde Ortakl\u0131ktan \u00c7\u0131kma Davas\u0131\",\"Limited \u015eirketlerde \u015eirket Ortakl\u0131\u011f\u0131ndan \u00c7\u0131kma\",\"Limited \u015eirkette Ortakl\u0131ktan \u00c7\u0131kma Davas\u0131\",\"Ortakl\u0131ktan \u00c7\u0131kma Davas\u0131\",\"Ortakl\u0131ktan \u00c7\u0131kma ve \u00c7\u0131kar\u0131lma\",\"\u015eirketlerde Ortakl\u0131ktan \u00c7\u0131kma ve \u00c7\u0131kar\u0131lma\"],\"articleSection\":[\"Makaleler B\u00fct\u00fcn Kategoriler\",\"Makaleler \u015eirketler ve Ticaret Hukuku\"],\"inLanguage\":\"fr-FR\",\"potentialAction\":[{\"@type\":\"CommentAction\",\"name\":\"Comment\",\"target\":[\"https:\/\/kurcaloglu.com\/sirketlerde-ortakliktan-cikma-ve-cikarilma\/#respond\"]}]},{\"@type\":\"WebPage\",\"@id\":\"https:\/\/kurcaloglu.com\/sirketlerde-ortakliktan-cikma-ve-cikarilma\/\",\"url\":\"https:\/\/kurcaloglu.com\/sirketlerde-ortakliktan-cikma-ve-cikarilma\/\",\"name\":\"\u015eirketlerde Ortakl\u0131ktan \u00c7\u0131kma ve \u00c7\u0131kar\u0131lma - Kur&ccedil;alo\u011flu Hukuk &amp; Partners\",\"isPartOf\":{\"@id\":\"https:\/\/kurcaloglu.com\/#website\"},\"primaryImageOfPage\":{\"@id\":\"https:\/\/kurcaloglu.com\/sirketlerde-ortakliktan-cikma-ve-cikarilma\/#primaryimage\"},\"image\":{\"@id\":\"https:\/\/kurcaloglu.com\/sirketlerde-ortakliktan-cikma-ve-cikarilma\/#primaryimage\"},\"thumbnailUrl\":\"https:\/\/kurcaloglu.com\/wp-content\/uploads\/2022\/10\/Sirket-avukat-768x512.jpg\",\"datePublished\":\"2022-10-07T15:05:10+00:00\",\"dateModified\":\"2024-08-16T12:58:47+00:00\",\"description\":\"\u015eirketlerde ortakl\u0131ktan \u00e7\u0131kma ve \u00e7\u0131kar\u0131lma, orta\u011f\u0131n iradi olarak ortakl\u0131kla aras\u0131ndaki hukuki ili\u015fkiyi sona erdirmesi olarak tan\u0131mlanmaktad\u0131r.\",\"breadcrumb\":{\"@id\":\"https:\/\/kurcaloglu.com\/sirketlerde-ortakliktan-cikma-ve-cikarilma\/#breadcrumb\"},\"inLanguage\":\"fr-FR\",\"potentialAction\":[{\"@type\":\"ReadAction\",\"target\":[\"https:\/\/kurcaloglu.com\/sirketlerde-ortakliktan-cikma-ve-cikarilma\/\"]}]},{\"@type\":\"ImageObject\",\"inLanguage\":\"fr-FR\",\"@id\":\"https:\/\/kurcaloglu.com\/sirketlerde-ortakliktan-cikma-ve-cikarilma\/#primaryimage\",\"url\":\"https:\/\/kurcaloglu.com\/wp-content\/uploads\/2022\/10\/Sirket-avukat-768x512.jpg\",\"contentUrl\":\"https:\/\/kurcaloglu.com\/wp-content\/uploads\/2022\/10\/Sirket-avukat-768x512.jpg\"},{\"@type\":\"BreadcrumbList\",\"@id\":\"https:\/\/kurcaloglu.com\/sirketlerde-ortakliktan-cikma-ve-cikarilma\/#breadcrumb\",\"itemListElement\":[{\"@type\":\"ListItem\",\"position\":1,\"name\":\"Anasayfa\",\"item\":\"https:\/\/kurcaloglu.com\/\"},{\"@type\":\"ListItem\",\"position\":2,\"name\":\"\u015eirketlerde Ortakl\u0131ktan \u00c7\u0131kma ve \u00c7\u0131kar\u0131lma\"}]},{\"@type\":\"WebSite\",\"@id\":\"https:\/\/kurcaloglu.com\/#website\",\"url\":\"https:\/\/kurcaloglu.com\/\",\"name\":\"Kur\u00e7alo\u011flu Hukuk & Partners\",\"description\":\"Ceza hukuku- \u0130cra iflas hukuku, Miras hukuku, Bo\u015fanma hukuk, \u0130\u015f hukuku\",\"publisher\":{\"@id\":\"https:\/\/kurcaloglu.com\/#organization\"},\"alternateName\":\"Kur\u00e7alo\u011flu Hukuk & Partners\",\"potentialAction\":[{\"@type\":\"SearchAction\",\"target\":{\"@type\":\"EntryPoint\",\"urlTemplate\":\"https:\/\/kurcaloglu.com\/?s={search_term_string}\"},\"query-input\":\"required name=search_term_string\"}],\"inLanguage\":\"fr-FR\"},{\"@type\":\"Organization\",\"@id\":\"https:\/\/kurcaloglu.com\/#organization\",\"name\":\"Kur\u00e7alo\u011flu Hukuk & Partners\",\"alternateName\":\"Kur\u00e7alo\u011flu Hukuk & Partners\",\"url\":\"https:\/\/kurcaloglu.com\/\",\"logo\":{\"@type\":\"ImageObject\",\"inLanguage\":\"fr-FR\",\"@id\":\"https:\/\/kurcaloglu.com\/#\/schema\/logo\/image\/\",\"url\":\"https:\/\/kurcaloglu.com\/wp-content\/uploads\/2022\/04\/cropped-cropped-cropped-Adsiz-tasarim-1-2-1.png\",\"contentUrl\":\"https:\/\/kurcaloglu.com\/wp-content\/uploads\/2022\/04\/cropped-cropped-cropped-Adsiz-tasarim-1-2-1.png\",\"width\":245,\"height\":65,\"caption\":\"Kur\u00e7alo\u011flu Hukuk & Partners\"},\"image\":{\"@id\":\"https:\/\/kurcaloglu.com\/#\/schema\/logo\/image\/\"},\"sameAs\":[\"https:\/\/www.facebook.com\/profile.php?id=100090344741598\",\"https:\/\/x.com\/KurcalogluHukuk\",\"https:\/\/www.facebook.com\/kurcalogluhukuk&partners\",\"https:\/\/www.instagram.com\/kurcalogluhukuk&Partners\/?hl=tr\"]},{\"@type\":\"Person\",\"@id\":\"https:\/\/kurcaloglu.com\/#\/schema\/person\/ddf08f3097e8bd7d3be1a8c42e2b7d4d\",\"name\":\"Av. Burak Kur\u00e7alo\u011flu\",\"image\":{\"@type\":\"ImageObject\",\"inLanguage\":\"fr-FR\",\"@id\":\"https:\/\/kurcaloglu.com\/#\/schema\/person\/image\/\",\"url\":\"https:\/\/secure.gravatar.com\/avatar\/4309b5148d08c537eb76f3942b5a6258?s=96&d=mm&r=g\",\"contentUrl\":\"https:\/\/secure.gravatar.com\/avatar\/4309b5148d08c537eb76f3942b5a6258?s=96&d=mm&r=g\",\"caption\":\"Av. Burak Kur\u00e7alo\u011flu\"},\"url\":\"https:\/\/kurcaloglu.com\/fr\/author\/av-burak-kurcaloglu\/\"}]}<\/script>\n<!-- \/ Yoast SEO plugin. -->","yoast_head_json":{"title":"\u015eirketlerde Ortakl\u0131ktan \u00c7\u0131kma ve \u00c7\u0131kar\u0131lma - Kur&ccedil;alo\u011flu Hukuk &amp; Partners","description":"\u015eirketlerde ortakl\u0131ktan \u00e7\u0131kma ve \u00e7\u0131kar\u0131lma, orta\u011f\u0131n iradi olarak ortakl\u0131kla aras\u0131ndaki hukuki ili\u015fkiyi sona erdirmesi olarak tan\u0131mlanmaktad\u0131r.","robots":{"index":"index","follow":"follow","max-snippet":"max-snippet:-1","max-image-preview":"max-image-preview:large","max-video-preview":"max-video-preview:-1"},"canonical":"https:\/\/kurcaloglu.com\/fr\/sirketlerde-ortakliktan-cikma-ve-cikarilma\/","og_locale":"fr_FR","og_type":"article","og_title":"\u015eirketlerde Ortakl\u0131ktan \u00c7\u0131kma ve \u00c7\u0131kar\u0131lma - Kur&ccedil;alo\u011flu Hukuk &amp; Partners","og_description":"\u015eirketlerde ortakl\u0131ktan \u00e7\u0131kma ve \u00e7\u0131kar\u0131lma, orta\u011f\u0131n iradi olarak ortakl\u0131kla aras\u0131ndaki hukuki ili\u015fkiyi sona erdirmesi olarak tan\u0131mlanmaktad\u0131r.","og_url":"https:\/\/kurcaloglu.com\/fr\/sirketlerde-ortakliktan-cikma-ve-cikarilma\/","og_site_name":"Kur&ccedil;alo\u011flu Hukuk &amp; Partners","article_publisher":"https:\/\/www.facebook.com\/profile.php?id=100090344741598","article_published_time":"2022-10-07T15:05:10+00:00","article_modified_time":"2024-08-16T12:58:47+00:00","og_image":[{"url":"https:\/\/kurcaloglu.com\/wp-content\/uploads\/2022\/10\/Sirket-avukat-768x512.jpg"}],"author":"Av. Burak Kur\u00e7alo\u011flu","twitter_card":"summary_large_image","twitter_creator":"@KurcalogluHukuk","twitter_site":"@KurcalogluHukuk","twitter_misc":{"\u00c9crit par":"Av. Burak Kur\u00e7alo\u011flu","Dur\u00e9e de lecture estim\u00e9e":"13 minutes"},"schema":{"@context":"https:\/\/schema.org","@graph":[{"@type":"Article","@id":"https:\/\/kurcaloglu.com\/sirketlerde-ortakliktan-cikma-ve-cikarilma\/#article","isPartOf":{"@id":"https:\/\/kurcaloglu.com\/sirketlerde-ortakliktan-cikma-ve-cikarilma\/"},"author":{"name":"Av. Burak Kur\u00e7alo\u011flu","@id":"https:\/\/kurcaloglu.com\/#\/schema\/person\/ddf08f3097e8bd7d3be1a8c42e2b7d4d"},"headline":"\u015eirketlerde Ortakl\u0131ktan \u00c7\u0131kma ve \u00c7\u0131kar\u0131lma","datePublished":"2022-10-07T15:05:10+00:00","dateModified":"2024-08-16T12:58:47+00:00","mainEntityOfPage":{"@id":"https:\/\/kurcaloglu.com\/sirketlerde-ortakliktan-cikma-ve-cikarilma\/"},"wordCount":3267,"commentCount":0,"publisher":{"@id":"https:\/\/kurcaloglu.com\/#organization"},"image":{"@id":"https:\/\/kurcaloglu.com\/sirketlerde-ortakliktan-cikma-ve-cikarilma\/#primaryimage"},"thumbnailUrl":"https:\/\/kurcaloglu.com\/wp-content\/uploads\/2022\/10\/Sirket-avukat-768x512.jpg","keywords":["Limited \u015eirketlerde Orta\u011f\u0131n Ortakl\u0131ktan \u00c7\u0131kmas\u0131 ve \u00c7\u0131kar\u0131lmas\u0131","Limited \u015eirketlerde Ortakl\u0131ktan \u00c7\u0131kma Davas\u0131","Limited \u015eirketlerde \u015eirket Ortakl\u0131\u011f\u0131ndan \u00c7\u0131kma","Limited \u015eirkette Ortakl\u0131ktan \u00c7\u0131kma Davas\u0131","Ortakl\u0131ktan \u00c7\u0131kma Davas\u0131","Ortakl\u0131ktan \u00c7\u0131kma ve \u00c7\u0131kar\u0131lma","\u015eirketlerde Ortakl\u0131ktan \u00c7\u0131kma ve \u00c7\u0131kar\u0131lma"],"articleSection":["Makaleler B\u00fct\u00fcn Kategoriler","Makaleler \u015eirketler ve Ticaret Hukuku"],"inLanguage":"fr-FR","potentialAction":[{"@type":"CommentAction","name":"Comment","target":["https:\/\/kurcaloglu.com\/sirketlerde-ortakliktan-cikma-ve-cikarilma\/#respond"]}]},{"@type":"WebPage","@id":"https:\/\/kurcaloglu.com\/sirketlerde-ortakliktan-cikma-ve-cikarilma\/","url":"https:\/\/kurcaloglu.com\/sirketlerde-ortakliktan-cikma-ve-cikarilma\/","name":"\u015eirketlerde Ortakl\u0131ktan \u00c7\u0131kma ve \u00c7\u0131kar\u0131lma - Kur&ccedil;alo\u011flu Hukuk &amp; Partners","isPartOf":{"@id":"https:\/\/kurcaloglu.com\/#website"},"primaryImageOfPage":{"@id":"https:\/\/kurcaloglu.com\/sirketlerde-ortakliktan-cikma-ve-cikarilma\/#primaryimage"},"image":{"@id":"https:\/\/kurcaloglu.com\/sirketlerde-ortakliktan-cikma-ve-cikarilma\/#primaryimage"},"thumbnailUrl":"https:\/\/kurcaloglu.com\/wp-content\/uploads\/2022\/10\/Sirket-avukat-768x512.jpg","datePublished":"2022-10-07T15:05:10+00:00","dateModified":"2024-08-16T12:58:47+00:00","description":"\u015eirketlerde ortakl\u0131ktan \u00e7\u0131kma ve \u00e7\u0131kar\u0131lma, orta\u011f\u0131n iradi olarak ortakl\u0131kla aras\u0131ndaki hukuki ili\u015fkiyi sona erdirmesi olarak tan\u0131mlanmaktad\u0131r.","breadcrumb":{"@id":"https:\/\/kurcaloglu.com\/sirketlerde-ortakliktan-cikma-ve-cikarilma\/#breadcrumb"},"inLanguage":"fr-FR","potentialAction":[{"@type":"ReadAction","target":["https:\/\/kurcaloglu.com\/sirketlerde-ortakliktan-cikma-ve-cikarilma\/"]}]},{"@type":"ImageObject","inLanguage":"fr-FR","@id":"https:\/\/kurcaloglu.com\/sirketlerde-ortakliktan-cikma-ve-cikarilma\/#primaryimage","url":"https:\/\/kurcaloglu.com\/wp-content\/uploads\/2022\/10\/Sirket-avukat-768x512.jpg","contentUrl":"https:\/\/kurcaloglu.com\/wp-content\/uploads\/2022\/10\/Sirket-avukat-768x512.jpg"},{"@type":"BreadcrumbList","@id":"https:\/\/kurcaloglu.com\/sirketlerde-ortakliktan-cikma-ve-cikarilma\/#breadcrumb","itemListElement":[{"@type":"ListItem","position":1,"name":"Anasayfa","item":"https:\/\/kurcaloglu.com\/"},{"@type":"ListItem","position":2,"name":"\u015eirketlerde Ortakl\u0131ktan \u00c7\u0131kma ve \u00c7\u0131kar\u0131lma"}]},{"@type":"WebSite","@id":"https:\/\/kurcaloglu.com\/#website","url":"https:\/\/kurcaloglu.com\/","name":"Kur\u00e7alo\u011flu Hukuk & Partners","description":"Ceza hukuku- \u0130cra iflas hukuku, Miras hukuku, Bo\u015fanma hukuk, \u0130\u015f hukuku","publisher":{"@id":"https:\/\/kurcaloglu.com\/#organization"},"alternateName":"Kur\u00e7alo\u011flu Hukuk & Partners","potentialAction":[{"@type":"SearchAction","target":{"@type":"EntryPoint","urlTemplate":"https:\/\/kurcaloglu.com\/?s={search_term_string}"},"query-input":"required name=search_term_string"}],"inLanguage":"fr-FR"},{"@type":"Organization","@id":"https:\/\/kurcaloglu.com\/#organization","name":"Kur\u00e7alo\u011flu Hukuk & Partners","alternateName":"Kur\u00e7alo\u011flu Hukuk & Partners","url":"https:\/\/kurcaloglu.com\/","logo":{"@type":"ImageObject","inLanguage":"fr-FR","@id":"https:\/\/kurcaloglu.com\/#\/schema\/logo\/image\/","url":"https:\/\/kurcaloglu.com\/wp-content\/uploads\/2022\/04\/cropped-cropped-cropped-Adsiz-tasarim-1-2-1.png","contentUrl":"https:\/\/kurcaloglu.com\/wp-content\/uploads\/2022\/04\/cropped-cropped-cropped-Adsiz-tasarim-1-2-1.png","width":245,"height":65,"caption":"Kur\u00e7alo\u011flu Hukuk & Partners"},"image":{"@id":"https:\/\/kurcaloglu.com\/#\/schema\/logo\/image\/"},"sameAs":["https:\/\/www.facebook.com\/profile.php?id=100090344741598","https:\/\/x.com\/KurcalogluHukuk","https:\/\/www.facebook.com\/kurcalogluhukuk&partners","https:\/\/www.instagram.com\/kurcalogluhukuk&Partners\/?hl=tr"]},{"@type":"Person","@id":"https:\/\/kurcaloglu.com\/#\/schema\/person\/ddf08f3097e8bd7d3be1a8c42e2b7d4d","name":"Av. Burak Kur\u00e7alo\u011flu","image":{"@type":"ImageObject","inLanguage":"fr-FR","@id":"https:\/\/kurcaloglu.com\/#\/schema\/person\/image\/","url":"https:\/\/secure.gravatar.com\/avatar\/4309b5148d08c537eb76f3942b5a6258?s=96&d=mm&r=g","contentUrl":"https:\/\/secure.gravatar.com\/avatar\/4309b5148d08c537eb76f3942b5a6258?s=96&d=mm&r=g","caption":"Av. Burak Kur\u00e7alo\u011flu"},"url":"https:\/\/kurcaloglu.com\/fr\/author\/av-burak-kurcaloglu\/"}]}},"_links":{"self":[{"href":"https:\/\/kurcaloglu.com\/fr\/wp-json\/wp\/v2\/posts\/14687"}],"collection":[{"href":"https:\/\/kurcaloglu.com\/fr\/wp-json\/wp\/v2\/posts"}],"about":[{"href":"https:\/\/kurcaloglu.com\/fr\/wp-json\/wp\/v2\/types\/post"}],"author":[{"embeddable":true,"href":"https:\/\/kurcaloglu.com\/fr\/wp-json\/wp\/v2\/users\/2"}],"replies":[{"embeddable":true,"href":"https:\/\/kurcaloglu.com\/fr\/wp-json\/wp\/v2\/comments?post=14687"}],"version-history":[{"count":90,"href":"https:\/\/kurcaloglu.com\/fr\/wp-json\/wp\/v2\/posts\/14687\/revisions"}],"predecessor-version":[{"id":15742,"href":"https:\/\/kurcaloglu.com\/fr\/wp-json\/wp\/v2\/posts\/14687\/revisions\/15742"}],"wp:attachment":[{"href":"https:\/\/kurcaloglu.com\/fr\/wp-json\/wp\/v2\/media?parent=14687"}],"wp:term":[{"taxonomy":"category","embeddable":true,"href":"https:\/\/kurcaloglu.com\/fr\/wp-json\/wp\/v2\/categories?post=14687"},{"taxonomy":"post_tag","embeddable":true,"href":"https:\/\/kurcaloglu.com\/fr\/wp-json\/wp\/v2\/tags?post=14687"}],"curies":[{"name":"wp","href":"https:\/\/api.w.org\/{rel}","templated":true}]}}