{"id":15090,"date":"2023-03-14T04:46:25","date_gmt":"2023-03-14T01:46:25","guid":{"rendered":"https:\/\/kurcaloglu.com\/?p=15090"},"modified":"2023-03-14T04:46:30","modified_gmt":"2023-03-14T01:46:30","slug":"yargitay-h-g-k-e-2006-2-558k-2006-568","status":"publish","type":"post","link":"https:\/\/kurcaloglu.com\/fr\/yargitay-h-g-k-e-2006-2-558k-2006-568\/","title":{"rendered":"Yarg\u0131tay H.G.K., E.2006\/2-558,K.2006\/568;"},"content":{"rendered":"<div data-elementor-type=\"wp-post\" data-elementor-id=\"15090\" class=\"elementor elementor-15090\">\n\t\t\t\t\t\t<section class=\"elementor-section elementor-top-section elementor-element elementor-element-2bf22bd elementor-section-boxed elementor-section-height-default elementor-section-height-default\" data-id=\"2bf22bd\" data-element_type=\"section\" data-settings=\"{&quot;background_background&quot;:&quot;classic&quot;}\">\n\t\t\t\t\t\t<div class=\"elementor-container elementor-column-gap-default\">\n\t\t\t\t\t<div class=\"elementor-column elementor-col-100 elementor-top-column elementor-element elementor-element-cbb619e\" data-id=\"cbb619e\" data-element_type=\"column\">\n\t\t\t<div class=\"elementor-widget-wrap elementor-element-populated\">\n\t\t\t\t\t\t<div class=\"elementor-element elementor-element-6ddc3a1 elementor-widget elementor-widget-image\" data-id=\"6ddc3a1\" data-element_type=\"widget\" data-widget_type=\"image.default\">\n\t\t\t\t<div class=\"elementor-widget-container\">\n\t\t\t\t\t\t\t\t\t\t\t\t\t<img fetchpriority=\"high\" decoding=\"async\" width=\"300\" height=\"300\" src=\"https:\/\/kurcaloglu.com\/wp-content\/uploads\/2022\/10\/Yargitay_logo.png\" class=\"attachment-large size-large wp-image-14410\" alt=\"\" srcset=\"https:\/\/kurcaloglu.com\/wp-content\/uploads\/2022\/10\/Yargitay_logo.png 300w, https:\/\/kurcaloglu.com\/wp-content\/uploads\/2022\/10\/Yargitay_logo-150x150.png 150w\" sizes=\"(max-width: 300px) 100vw, 300px\" \/>\t\t\t\t\t\t\t\t\t\t\t\t\t<\/div>\n\t\t\t\t<\/div>\n\t\t\t\t<div class=\"elementor-element elementor-element-22ab9c8 elementor-widget elementor-widget-spacer\" data-id=\"22ab9c8\" data-element_type=\"widget\" data-widget_type=\"spacer.default\">\n\t\t\t\t<div class=\"elementor-widget-container\">\n\t\t\t\t\t<div class=\"elementor-spacer\">\n\t\t\t<div class=\"elementor-spacer-inner\"><\/div>\n\t\t<\/div>\n\t\t\t\t<\/div>\n\t\t\t\t<\/div>\n\t\t\t\t<div class=\"elementor-element elementor-element-2516bd9 elementor-widget elementor-widget-heading\" data-id=\"2516bd9\" data-element_type=\"widget\" data-widget_type=\"heading.default\">\n\t\t\t\t<div class=\"elementor-widget-container\">\n\t\t\t<h1 class=\"elementor-heading-title elementor-size-default\"><b>Yarg\u0131tay H.G.K., E.2006\/2-558,K.2006\/568;<\/b><\/h1>\t\t<\/div>\n\t\t\t\t<\/div>\n\t\t\t\t<div class=\"elementor-element elementor-element-ff22d03 elementor-widget elementor-widget-spacer\" data-id=\"ff22d03\" data-element_type=\"widget\" data-widget_type=\"spacer.default\">\n\t\t\t\t<div class=\"elementor-widget-container\">\n\t\t\t\t\t<div class=\"elementor-spacer\">\n\t\t\t<div class=\"elementor-spacer-inner\"><\/div>\n\t\t<\/div>\n\t\t\t\t<\/div>\n\t\t\t\t<\/div>\n\t\t\t\t<div class=\"elementor-element elementor-element-40573b3 elementor-widget elementor-widget-heading\" data-id=\"40573b3\" data-element_type=\"widget\" data-widget_type=\"heading.default\">\n\t\t\t\t<div class=\"elementor-widget-container\">\n\t\t\t<h1 class=\"elementor-heading-title elementor-size-default\"><b>\u0130mam Nikah\u0131 \u0130le Evli Kad\u0131n E\u015f;<br>\nMaddi - Manevi Tazminat Talepli\nAile Mahkemesinde Dava A\u00e7amaz. <br><br>\nTalep Edilen Maddi\u2013Manevi tazminat\u0131n\nHaks\u0131z Fiil Nedeni \u0130le \u0130\u015flenmi\u015f Oldu\u011fundan,<br><br>\nG\u00f6revli Mahkeme GENEL HUKUK MAHKEMELER\u0130D\u0130R<\/b><\/h1>\t\t<\/div>\n\t\t\t\t<\/div>\n\t\t\t\t<div class=\"elementor-element elementor-element-2536971 elementor-widget elementor-widget-spacer\" data-id=\"2536971\" data-element_type=\"widget\" data-widget_type=\"spacer.default\">\n\t\t\t\t<div class=\"elementor-widget-container\">\n\t\t\t\t\t<div class=\"elementor-spacer\">\n\t\t\t<div class=\"elementor-spacer-inner\"><\/div>\n\t\t<\/div>\n\t\t\t\t<\/div>\n\t\t\t\t<\/div>\n\t\t\t\t<div class=\"elementor-element elementor-element-100b38b elementor-widget elementor-widget-heading\" data-id=\"100b38b\" data-element_type=\"widget\" data-widget_type=\"heading.default\">\n\t\t\t\t<div class=\"elementor-widget-container\">\n\t\t\t<h3 class=\"elementor-heading-title elementor-size-default\">Yarg\u0131tay Hukuk Genel Kurulu<br><br> Esas No:  2006\/2-558<br><br> Karar No: 2006\/568<br><br> Karar Tarihi: 20.09.2006<\/h3>\t\t<\/div>\n\t\t\t\t<\/div>\n\t\t\t\t<div class=\"elementor-element elementor-element-b72ef85 elementor-widget elementor-widget-text-editor\" data-id=\"b72ef85\" data-element_type=\"widget\" data-widget_type=\"text-editor.default\">\n\t\t\t\t<div class=\"elementor-widget-container\">\n\t\t\t\t\t\t\t<p>\u2022 MANEV\u0130 TAZM\u0130NAT ( \u0130mam Nikah\u0131 \u0130le Evlenen Kad\u0131n\u0131n Talebi Haks\u0131z Fiilden Kaynaklanmakta Olup BK. Md. 49&#8217;a G\u00f6re \u0130stenildi\u011fi &#8211; \u00c7ocuk \u0130\u00e7in A\u00e7\u0131lan \u0130\u015ftirak Nafakas\u0131 Davas\u0131yla Birlikte Aile Mahkemesinde De\u011fil Genel Hukuk Mahkemesinde G\u00f6r\u00fclece\u011fi )<\/p><p>\u2022 \u0130MAM N\u0130KAHI \u0130LE EVLENEN KADININ MANEV\u0130 TAZM\u0130NAT TALEB\u0130 ( \u00c7ocuk \u0130\u00e7in A\u00e7\u0131lan \u0130\u015ftirak Nafakas\u0131 Davas\u0131yla Birlikte Aile Mahkemesinde De\u011fil Genel Hukuk Mahkemesinde G\u00f6r\u00fclece\u011fi &#8211; Talep Haks\u0131z Fiilden Kaynaklanmakta Olup BK. Md. 49&#8217;a G\u00f6re \u0130stenildi\u011fi )<\/p><p>\u2022 G\u00d6REV ( \u0130mam Nikah\u0131 \u0130le Evlenen Kad\u0131n\u0131n Manevi Tazminat Talebi Haks\u0131z Fiilden Kaynaklanmakta Olup BK. Md. 49&#8217;a G\u00f6re \u0130stenildi\u011fi &#8211; \u00c7ocuk \u0130\u00e7in A\u00e7\u0131lan \u0130\u015ftirak Nafakas\u0131 Davas\u0131yla Birlikte Aile Mahkemesinde De\u011fil Genel Hukuk Mahkemesinde G\u00f6r\u00fclece\u011fi )<\/p><p>\u2022 EVL\u0130L\u0130K DI\u015eI \u00c7OCUK \u0130\u00c7\u0130N A\u00c7ILAN \u0130\u015eT\u0130RAK NAFAKASI DAVASINDA MANEV\u0130 TAZM\u0130NAT DA \u0130STEN\u0130LMES\u0130 ( \u0130mam Nikah\u0131 \u0130le Evlenen Kad\u0131n\u0131n Talebi Haks\u0131z Fiilden Kaynaklanmakta Olup BK. Md. 49&#8217;a G\u00f6re \u0130stenildi\u011fi &#8211; Aile Mahkemesinde De\u011fil Genel Hukuk Mahkemesinde G\u00f6r\u00fclece\u011fi )<\/p>\t\t\t\t\t\t<\/div>\n\t\t\t\t<\/div>\n\t\t\t\t<div class=\"elementor-element elementor-element-1443ee3 elementor-widget elementor-widget-heading\" data-id=\"1443ee3\" data-element_type=\"widget\" data-widget_type=\"heading.default\">\n\t\t\t\t<div class=\"elementor-widget-container\">\n\t\t\t<h4 class=\"elementor-heading-title elementor-size-default\">818\/m. 49<br>\n1086\/m. 7<br><br><br>\n\u00d6ZET : <\/h4>\t\t<\/div>\n\t\t\t\t<\/div>\n\t\t\t\t<div class=\"elementor-element elementor-element-6e84d0e elementor-widget elementor-widget-text-editor\" data-id=\"6e84d0e\" data-element_type=\"widget\" data-widget_type=\"text-editor.default\">\n\t\t\t\t<div class=\"elementor-widget-container\">\n\t\t\t\t\t\t\t<p>Davac\u0131 vekili, daval\u0131n\u0131n bundan 5 y\u0131l \u00f6nce evli ve d\u00f6rt \u00e7ocuklu oldu\u011funu s\u00f6ylemeden davac\u0131 ile imam nikah\u0131yla evlendi\u011fini, 2001 y\u0131l\u0131nda bir \u00e7ocuklar\u0131 oldu\u011funu, daval\u0131n\u0131n davac\u0131y\u0131 y\u0131llarca kand\u0131rd\u0131\u011f\u0131n\u0131, davac\u0131n\u0131n ailesi ve arkada\u015flar\u0131n\u0131n yan\u0131nda k\u00fc\u00e7\u00fck d\u00fc\u015ft\u00fc\u011f\u00fcn\u00fc ve sosyal \u00e7\u00f6k\u00fcnt\u00fcye u\u011frad\u0131\u011f\u0131n\u0131, \u00e7ocuk sahibi olmas\u0131 nedeniyle de evlenme \u015fans\u0131n\u0131n azald\u0131\u011f\u0131n\u0131 bu nedenle manevi maddi tazminat ve m\u00fc\u015fterek \u00e7ocuk i\u00e7in nafaka talep ve dava etmi\u015ftir.<\/p><p>G\u00f6rev kurallar\u0131 kamu d\u00fczenine ili\u015fkin olup, yarg\u0131laman\u0131n her a\u015famas\u0131nda kendili\u011finden ( resen ) dikkate al\u0131nmas\u0131 gerekir. Mahkemenin kendi karar\u0131nda da belirtildi\u011fi gibi manevi tazminat talebi haks\u0131z fiilden kaynaklanmakta olup Bor\u00e7lar Kanunu 49. maddeye g\u00f6re istenilmi\u015ftir.<\/p><p>O halde manevi tazminat talebi hakk\u0131nda karar verecek mahkeme, Aile Mahkemesi de\u011fil genel hukuk mahkemeleridir.<\/p>\t\t\t\t\t\t<\/div>\n\t\t\t\t<\/div>\n\t\t\t\t<div class=\"elementor-element elementor-element-3ddeb14 elementor-widget elementor-widget-heading\" data-id=\"3ddeb14\" data-element_type=\"widget\" data-widget_type=\"heading.default\">\n\t\t\t\t<div class=\"elementor-widget-container\">\n\t\t\t<h4 class=\"elementor-heading-title elementor-size-default\">DAVA :<\/h4>\t\t<\/div>\n\t\t\t\t<\/div>\n\t\t\t\t<div class=\"elementor-element elementor-element-4028d05 elementor-widget elementor-widget-text-editor\" data-id=\"4028d05\" data-element_type=\"widget\" data-widget_type=\"text-editor.default\">\n\t\t\t\t<div class=\"elementor-widget-container\">\n\t\t\t\t\t\t\t<p>Taraflar aras\u0131ndaki &#8220;bo\u015fanma ve i\u015ftirak nafakas\u0131&#8221; davas\u0131ndan dolay\u0131 yap\u0131lan yarg\u0131lama sonunda; K\u00fc\u00e7\u00fck\u00e7ekmece 1.Aile Mahkemesince davan\u0131n k\u0131smen kabul\u00fcne dair verilen 03.05.2005 g\u00fcn ve 2003\/398 E- 654 K.say\u0131l\u0131 karar\u0131n incelenmesi daval\u0131 vekili taraf\u0131ndan istenilmesi \u00fczerine, Yarg\u0131tay 2.Hukuk Dairesinin 28.11.2005 g\u00fcn ve 2005\/14182-16353 say\u0131l\u0131 ilam\u0131 ile;<\/p><p>( &#8230; Dosyadaki yaz\u0131lara karar\u0131n dayand\u0131\u011f\u0131 delilerle kanuna uygun sebeplere ve \u00f6zellikle delilerin takdirinde bir yanl\u0131\u015fl\u0131k g\u00f6r\u00fclmemesine g\u00f6re daval\u0131n\u0131n a\u015fa\u011f\u0131daki bent kapsam\u0131 d\u0131\u015f\u0131nda kalan temyiz itirazlar\u0131 yersizdir. Dava, 22.7.2003 tarihinde a\u00e7\u0131lm\u0131\u015ft\u0131r. T\u00fcrk Medeni Kanununun y\u00fcr\u00fcrl\u00fc\u011fe girmesinden \u00f6nce a\u00e7\u0131lm\u0131\u015f olan babal\u0131k davalar\u0131, bu kanun h\u00fck\u00fcmlerine g\u00f6re karara ba\u011flanacakt\u0131r. ( 4722 s. K.nun md.10 ) T\u00fcrk Medeni Kanunu d\u00fczenlemelerinde manevi tazminat d\u00fczenlenmemi\u015ftir. Bu y\u00f6n g\u00f6zetilmeden manevi tazminat talebinin reddi yerine yaz\u0131l\u0131 \u015fekilde kabul\u00fc bozmay\u0131 erektirmi\u015ftir&#8230; ),<\/p><p>Gerek\u00e7esiyle bozularak dosya yerine geri \u00e7evrilmekle, yeniden yap\u0131lan yarg\u0131lama sonunda, mahkemece \u00f6nceki kararda direnilmi\u015ftir.<\/p><p>Hukuk Genel Kurulunca incelenerek direnme karar\u0131n\u0131n s\u00fcresinde temyiz edildi\u011fi anla\u015f\u0131ld\u0131ktan ve dosyadaki ka\u011f\u0131tlar okunduktan sonra gere\u011fi g\u00f6r\u00fc\u015f\u00fcld\u00fc:<\/p>\t\t\t\t\t\t<\/div>\n\t\t\t\t<\/div>\n\t\t\t\t<div class=\"elementor-element elementor-element-4f3ec56 elementor-widget elementor-widget-heading\" data-id=\"4f3ec56\" data-element_type=\"widget\" data-widget_type=\"heading.default\">\n\t\t\t\t<div class=\"elementor-widget-container\">\n\t\t\t<h4 class=\"elementor-heading-title elementor-size-default\">KARAR :<\/h4>\t\t<\/div>\n\t\t\t\t<\/div>\n\t\t\t\t<div class=\"elementor-element elementor-element-695fe1a elementor-widget elementor-widget-text-editor\" data-id=\"695fe1a\" data-element_type=\"widget\" data-widget_type=\"text-editor.default\">\n\t\t\t\t<div class=\"elementor-widget-container\">\n\t\t\t\t\t\t\t<p>Dava, maddi-manevi tazminat ve i\u015ftirak nafakas\u0131 istemine ili\u015fkindir.<\/p><p>Davac\u0131 vekili, daval\u0131n\u0131n bundan 5 y\u0131l \u00f6nce evli ve d\u00f6rt \u00e7ocuklu oldu\u011funu s\u00f6ylemeden davac\u0131 ile imam nikah\u0131yla evlendi\u011fini, 2001 y\u0131l\u0131nda bir \u00e7ocuklar\u0131 oldu\u011funu, daval\u0131n\u0131n davac\u0131y\u0131 y\u0131llarca kand\u0131rd\u0131\u011f\u0131n\u0131, davac\u0131n\u0131n ailesi ve arkada\u015flar\u0131n\u0131n yan\u0131nda k\u00fc\u00e7\u00fck d\u00fc\u015ft\u00fc\u011f\u00fcn\u00fc ve sosyal \u00e7\u00f6k\u00fcnt\u00fcye u\u011frad\u0131\u011f\u0131n\u0131, \u00e7ocuk sahibi olmas\u0131 nedeniyle de evlenme \u015fans\u0131n\u0131n azald\u0131\u011f\u0131n\u0131 bu nedenle 5.000.000.000 TL.manevi, TMK.nun 304. maddesi uyar\u0131nca 300.000.000 TL.maddi tazminat ve m\u00fc\u015fterek \u00e7ocuk i\u00e7in 300.000.000 TL. nafakan\u0131n daval\u0131dan al\u0131narak davac\u0131ya verilmesini talep ve dava etmi\u015ftir.<\/p><p>Yerel mahkemenin, davac\u0131 kad\u0131n\u0131n istedi\u011fi manevi tazminat, taraflar aras\u0131nda evlilik birli\u011fi bulunmad\u0131\u011f\u0131ndan, haks\u0131z fiil nedeni ile manevi tazminat istemi olup, genel Hukuk Mahkemelerinin g\u00f6revi i\u00e7erisinde ise de, mahkememiz Asliye Mahkemesi seviyesinde oldu\u011fu gibi, i\u015ftirak nafakas\u0131 y\u00f6n\u00fcnden mahkememiz yetkili oldu\u011fundan, manevi tazminat istemi hususunda dosyan\u0131n tefriki ve g\u00f6revsizlik karar\u0131 ile dosyan\u0131n genel hukuk mahkemesine g\u00f6nderilmesi usul ekonomisine uygun g\u00f6r\u00fclmedi\u011fi gerek\u00e7esi ile manevi tazminat ve i\u015ftirak nafakas\u0131 y\u00f6n\u00fcnden davan\u0131n k\u0131smen kabul\u00fcne, maddi tazminat talebi davac\u0131 vekili taraf\u0131ndan atiye terk edildi\u011finden, bu tazminat y\u00f6n\u00fcnden karar verilmesine yer olmad\u0131\u011f\u0131na y\u00f6nelik h\u00fck\u00fcm \u00d6zel Dairece yukar\u0131daki gerek\u00e7eyle manevi tazminat talebi y\u00f6n\u00fcnden bozulmu\u015f, yerel mahkemece \u00f6nceki kararda direnilmi\u015ftir.<\/p><p>G\u00f6rev kurallar\u0131 kamu d\u00fczenine ili\u015fkin olup, yarg\u0131laman\u0131n her a\u015famas\u0131nda kendili\u011finden ( resen ) dikkate al\u0131nmas\u0131 gerekir. Mahkemenin kendi karar\u0131nda da belirtildi\u011fi gibi manevi tazminat talebi haks\u0131z fiilden kaynaklanmakta olup Bor\u00e7lar Kanunu 49. maddeye g\u00f6re istenilmi\u015ftir. Davac\u0131n\u0131n i\u015ftirak nafakas\u0131 talebi kesinle\u015fmi\u015ftir.<\/p><p>O halde manevi tazminat talebi hakk\u0131nda karar verecek mahkeme, Aile Mahkemesi de\u011fil genel hukuk mahkemeleridir. Bu nedenle i\u015fin esas\u0131na y\u00f6nelik inceleme yap\u0131lmam\u0131\u015ft\u0131r.<\/p><p>Yerel mahkemenin direnme karar\u0131n\u0131n a\u00e7\u0131klanan bu gerek\u00e7e ile Bozulmas\u0131 gerekir.<\/p>\t\t\t\t\t\t<\/div>\n\t\t\t\t<\/div>\n\t\t\t\t<div class=\"elementor-element elementor-element-09befc6 elementor-widget elementor-widget-heading\" data-id=\"09befc6\" data-element_type=\"widget\" data-widget_type=\"heading.default\">\n\t\t\t\t<div class=\"elementor-widget-container\">\n\t\t\t<h4 class=\"elementor-heading-title elementor-size-default\">SONU\u00c7 : <\/h4>\t\t<\/div>\n\t\t\t\t<\/div>\n\t\t\t\t<div class=\"elementor-element elementor-element-3b7eb5e elementor-widget elementor-widget-text-editor\" data-id=\"3b7eb5e\" data-element_type=\"widget\" data-widget_type=\"text-editor.default\">\n\t\t\t\t<div class=\"elementor-widget-container\">\n\t\t\t\t\t\t\t<p>Daval\u0131 vekilinin temyiz itirazlar\u0131 yukar\u0131da a\u00e7\u0131klanan nedenlerle yerinde g\u00f6r\u00fcld\u00fc\u011f\u00fcnden direnme karar\u0131n\u0131n bu gerek\u00e7elerle HUMK.nun 429. maddesi gere\u011fince G\u00d6REV Y\u00d6N\u00dcNDEN BOZULMASINA, bozma nedenine g\u00f6re \u015fimdilik sair temyiz itirazlar\u0131n\u0131n incelenmesine gerek olmad\u0131\u011f\u0131na, 20.09.2006 g\u00fcn\u00fcnde, oy\u00e7oklu\u011fuyla karar verildi.<\/p>\t\t\t\t\t\t<\/div>\n\t\t\t\t<\/div>\n\t\t\t\t\t<\/div>\n\t\t<\/div>\n\t\t\t\t\t<\/div>\n\t\t<\/section>\n\t\t\t\t<section class=\"elementor-section elementor-top-section elementor-element elementor-element-a9ae411 elementor-section-boxed elementor-section-height-default elementor-section-height-default\" data-id=\"a9ae411\" data-element_type=\"section\">\n\t\t\t\t\t\t<div class=\"elementor-container elementor-column-gap-default\">\n\t\t\t\t\t<div class=\"elementor-column elementor-col-100 elementor-top-column elementor-element elementor-element-d364753\" data-id=\"d364753\" data-element_type=\"column\">\n\t\t\t<div class=\"elementor-widget-wrap\">\n\t\t\t\t\t\t\t<\/div>\n\t\t<\/div>\n\t\t\t\t\t<\/div>\n\t\t<\/section>\n\t\t\t\t<\/div>","protected":false},"excerpt":{"rendered":"<p>Yarg\u0131tay H.G.K., E.2006\/2-558,K.2006\/568;<br \/>\n\u0130mam Nikah\u0131 \u0130le Evli Kad\u0131n E\u015f;<\/p>\n<p>Maddi &#8211; Manevi Tazminat Talepli<br \/>\nAile Mahkemesinde Dava A\u00e7amaz. <\/p>","protected":false},"author":1,"featured_media":0,"comment_status":"open","ping_status":"open","sticky":false,"template":"","format":"standard","meta":{"footnotes":""},"categories":[645,871],"tags":[946,943,945,944,942],"yoast_head":"<!-- This site is optimized with the Yoast SEO plugin v22.8 - https:\/\/yoast.com\/wordpress\/plugins\/seo\/ -->\n<title>Yarg\u0131tay H.G.K., E.2006\/2-558,K.2006\/568; - Kur&ccedil;alo\u011flu Hukuk &amp; Partners<\/title>\n<meta name=\"description\" content=\"\u0130mam Nikah\u0131 \u0130le Evli Kad\u0131n E\u015f;Maddi - Manevi Tazminat TalepliAile Mahkemesinde Dava A\u00e7amaz. Talep Edilen Maddi\u2013Manevi tazminat\u0131nHaks\u0131z Fiil Nedeni \u0130le \u0130\u015flenmi\u015f Oldu\u011fundan,G\u00f6revli Mahkeme GENEL HUKUK MAHKEMELER\u0130D\u0130R\" \/>\n<meta name=\"robots\" content=\"index, follow, max-snippet:-1, max-image-preview:large, max-video-preview:-1\" \/>\n<link rel=\"canonical\" href=\"https:\/\/kurcaloglu.com\/fr\/yargitay-h-g-k-e-2006-2-558k-2006-568\/\" \/>\n<meta property=\"og:locale\" content=\"fr_FR\" \/>\n<meta property=\"og:type\" content=\"article\" \/>\n<meta property=\"og:title\" content=\"Yarg\u0131tay H.G.K., E.2006\/2-558,K.2006\/568; - Kur&ccedil;alo\u011flu Hukuk &amp; Partners\" \/>\n<meta property=\"og:description\" content=\"\u0130mam Nikah\u0131 \u0130le Evli Kad\u0131n E\u015f;Maddi - Manevi Tazminat TalepliAile Mahkemesinde Dava A\u00e7amaz. Talep Edilen Maddi\u2013Manevi tazminat\u0131nHaks\u0131z Fiil Nedeni \u0130le \u0130\u015flenmi\u015f Oldu\u011fundan,G\u00f6revli Mahkeme GENEL HUKUK MAHKEMELER\u0130D\u0130R\" \/>\n<meta property=\"og:url\" content=\"https:\/\/kurcaloglu.com\/fr\/yargitay-h-g-k-e-2006-2-558k-2006-568\/\" \/>\n<meta property=\"og:site_name\" content=\"Kur&ccedil;alo\u011flu Hukuk &amp; Partners\" \/>\n<meta property=\"article:publisher\" content=\"https:\/\/www.facebook.com\/profile.php?id=100090344741598\" \/>\n<meta property=\"article:published_time\" content=\"2023-03-14T01:46:25+00:00\" \/>\n<meta property=\"article:modified_time\" content=\"2023-03-14T01:46:30+00:00\" \/>\n<meta property=\"og:image\" content=\"https:\/\/kurcaloglu.com\/wp-content\/uploads\/2022\/10\/Yargitay_logo.png\" \/>\n<meta name=\"author\" content=\"admin\" \/>\n<meta name=\"twitter:card\" content=\"summary_large_image\" \/>\n<meta name=\"twitter:creator\" content=\"@KurcalogluHukuk\" \/>\n<meta name=\"twitter:site\" content=\"@KurcalogluHukuk\" \/>\n<meta name=\"twitter:label1\" content=\"\u00c9crit par\" \/>\n\t<meta name=\"twitter:data1\" content=\"admin\" \/>\n\t<meta name=\"twitter:label2\" content=\"Dur\u00e9e de lecture estim\u00e9e\" \/>\n\t<meta name=\"twitter:data2\" content=\"5 minutes\" \/>\n<script type=\"application\/ld+json\" class=\"yoast-schema-graph\">{\"@context\":\"https:\/\/schema.org\",\"@graph\":[{\"@type\":\"Article\",\"@id\":\"https:\/\/kurcaloglu.com\/yargitay-h-g-k-e-2006-2-558k-2006-568\/#article\",\"isPartOf\":{\"@id\":\"https:\/\/kurcaloglu.com\/yargitay-h-g-k-e-2006-2-558k-2006-568\/\"},\"author\":{\"name\":\"admin\",\"@id\":\"https:\/\/kurcaloglu.com\/#\/schema\/person\/1c68de35cc0dce6dbbe2360763923675\"},\"headline\":\"Yarg\u0131tay H.G.K., E.2006\/2-558,K.2006\/568;\",\"datePublished\":\"2023-03-14T01:46:25+00:00\",\"dateModified\":\"2023-03-14T01:46:30+00:00\",\"mainEntityOfPage\":{\"@id\":\"https:\/\/kurcaloglu.com\/yargitay-h-g-k-e-2006-2-558k-2006-568\/\"},\"wordCount\":1037,\"commentCount\":0,\"publisher\":{\"@id\":\"https:\/\/kurcaloglu.com\/#organization\"},\"image\":{\"@id\":\"https:\/\/kurcaloglu.com\/yargitay-h-g-k-e-2006-2-558k-2006-568\/#primaryimage\"},\"thumbnailUrl\":\"https:\/\/kurcaloglu.com\/wp-content\/uploads\/2022\/10\/Yargitay_logo.png\",\"keywords\":[\"Dini Nikahl\u0131 E\u015f Tazminat\",\"\u0130mam Nikah\u0131 \u0130le Evlenen Kad\u0131n\u0131n Manevi Tazminat Hakk\u0131\",\"\u0130mam Nikahl\u0131 E\u015f Tazminat Talep Edemez\",\"\u0130mam Nikahl\u0131 Kad\u0131n E\u015f\",\"Yarg\u0131tay H.G.K E.2006\/2-558K.2006\/568\"],\"articleSection\":[\"Yarg\u0131tay Aile ve Bo\u015fanma Hukuku\",\"Yarg\u0131tay B\u00fct\u00fcn Kategoriler\"],\"inLanguage\":\"fr-FR\",\"potentialAction\":[{\"@type\":\"CommentAction\",\"name\":\"Comment\",\"target\":[\"https:\/\/kurcaloglu.com\/yargitay-h-g-k-e-2006-2-558k-2006-568\/#respond\"]}]},{\"@type\":\"WebPage\",\"@id\":\"https:\/\/kurcaloglu.com\/yargitay-h-g-k-e-2006-2-558k-2006-568\/\",\"url\":\"https:\/\/kurcaloglu.com\/yargitay-h-g-k-e-2006-2-558k-2006-568\/\",\"name\":\"Yarg\u0131tay H.G.K., E.2006\/2-558,K.2006\/568; - Kur&ccedil;alo\u011flu Hukuk &amp; Partners\",\"isPartOf\":{\"@id\":\"https:\/\/kurcaloglu.com\/#website\"},\"primaryImageOfPage\":{\"@id\":\"https:\/\/kurcaloglu.com\/yargitay-h-g-k-e-2006-2-558k-2006-568\/#primaryimage\"},\"image\":{\"@id\":\"https:\/\/kurcaloglu.com\/yargitay-h-g-k-e-2006-2-558k-2006-568\/#primaryimage\"},\"thumbnailUrl\":\"https:\/\/kurcaloglu.com\/wp-content\/uploads\/2022\/10\/Yargitay_logo.png\",\"datePublished\":\"2023-03-14T01:46:25+00:00\",\"dateModified\":\"2023-03-14T01:46:30+00:00\",\"description\":\"\u0130mam Nikah\u0131 \u0130le Evli Kad\u0131n E\u015f;Maddi - Manevi Tazminat TalepliAile Mahkemesinde Dava A\u00e7amaz. Talep Edilen Maddi\u2013Manevi tazminat\u0131nHaks\u0131z Fiil Nedeni \u0130le \u0130\u015flenmi\u015f Oldu\u011fundan,G\u00f6revli Mahkeme GENEL HUKUK MAHKEMELER\u0130D\u0130R\",\"breadcrumb\":{\"@id\":\"https:\/\/kurcaloglu.com\/yargitay-h-g-k-e-2006-2-558k-2006-568\/#breadcrumb\"},\"inLanguage\":\"fr-FR\",\"potentialAction\":[{\"@type\":\"ReadAction\",\"target\":[\"https:\/\/kurcaloglu.com\/yargitay-h-g-k-e-2006-2-558k-2006-568\/\"]}]},{\"@type\":\"ImageObject\",\"inLanguage\":\"fr-FR\",\"@id\":\"https:\/\/kurcaloglu.com\/yargitay-h-g-k-e-2006-2-558k-2006-568\/#primaryimage\",\"url\":\"https:\/\/kurcaloglu.com\/wp-content\/uploads\/2022\/10\/Yargitay_logo.png\",\"contentUrl\":\"https:\/\/kurcaloglu.com\/wp-content\/uploads\/2022\/10\/Yargitay_logo.png\"},{\"@type\":\"BreadcrumbList\",\"@id\":\"https:\/\/kurcaloglu.com\/yargitay-h-g-k-e-2006-2-558k-2006-568\/#breadcrumb\",\"itemListElement\":[{\"@type\":\"ListItem\",\"position\":1,\"name\":\"Anasayfa\",\"item\":\"https:\/\/kurcaloglu.com\/\"},{\"@type\":\"ListItem\",\"position\":2,\"name\":\"Yarg\u0131tay H.G.K., E.2006\/2-558,K.2006\/568;\"}]},{\"@type\":\"WebSite\",\"@id\":\"https:\/\/kurcaloglu.com\/#website\",\"url\":\"https:\/\/kurcaloglu.com\/\",\"name\":\"Kur\u00e7alo\u011flu Hukuk & Partners\",\"description\":\"Ceza hukuku- \u0130cra iflas hukuku, Miras hukuku, Bo\u015fanma hukuk, \u0130\u015f hukuku\",\"publisher\":{\"@id\":\"https:\/\/kurcaloglu.com\/#organization\"},\"alternateName\":\"Kur\u00e7alo\u011flu Hukuk & Partners\",\"potentialAction\":[{\"@type\":\"SearchAction\",\"target\":{\"@type\":\"EntryPoint\",\"urlTemplate\":\"https:\/\/kurcaloglu.com\/?s={search_term_string}\"},\"query-input\":\"required name=search_term_string\"}],\"inLanguage\":\"fr-FR\"},{\"@type\":\"Organization\",\"@id\":\"https:\/\/kurcaloglu.com\/#organization\",\"name\":\"Kur\u00e7alo\u011flu Hukuk & Partners\",\"alternateName\":\"Kur\u00e7alo\u011flu Hukuk & Partners\",\"url\":\"https:\/\/kurcaloglu.com\/\",\"logo\":{\"@type\":\"ImageObject\",\"inLanguage\":\"fr-FR\",\"@id\":\"https:\/\/kurcaloglu.com\/#\/schema\/logo\/image\/\",\"url\":\"https:\/\/kurcaloglu.com\/wp-content\/uploads\/2022\/04\/cropped-cropped-cropped-Adsiz-tasarim-1-2-1.png\",\"contentUrl\":\"https:\/\/kurcaloglu.com\/wp-content\/uploads\/2022\/04\/cropped-cropped-cropped-Adsiz-tasarim-1-2-1.png\",\"width\":245,\"height\":65,\"caption\":\"Kur\u00e7alo\u011flu Hukuk & Partners\"},\"image\":{\"@id\":\"https:\/\/kurcaloglu.com\/#\/schema\/logo\/image\/\"},\"sameAs\":[\"https:\/\/www.facebook.com\/profile.php?id=100090344741598\",\"https:\/\/x.com\/KurcalogluHukuk\",\"https:\/\/www.facebook.com\/kurcalogluhukuk&partners\",\"https:\/\/www.instagram.com\/kurcalogluhukuk&Partners\/?hl=tr\"]},{\"@type\":\"Person\",\"@id\":\"https:\/\/kurcaloglu.com\/#\/schema\/person\/1c68de35cc0dce6dbbe2360763923675\",\"name\":\"admin\",\"image\":{\"@type\":\"ImageObject\",\"inLanguage\":\"fr-FR\",\"@id\":\"https:\/\/kurcaloglu.com\/#\/schema\/person\/image\/\",\"url\":\"https:\/\/secure.gravatar.com\/avatar\/22be8f8cfea2b6627b98e3bd7d7911a6?s=96&d=mm&r=g\",\"contentUrl\":\"https:\/\/secure.gravatar.com\/avatar\/22be8f8cfea2b6627b98e3bd7d7911a6?s=96&d=mm&r=g\",\"caption\":\"admin\"},\"sameAs\":[\"http:\/\/kurcaloglu.com\"],\"url\":\"https:\/\/kurcaloglu.com\/fr\/author\/admin\/\"}]}<\/script>\n<!-- \/ Yoast SEO plugin. -->","yoast_head_json":{"title":"Yarg\u0131tay H.G.K., E.2006\/2-558,K.2006\/568; - Kur&ccedil;alo\u011flu Hukuk &amp; Partners","description":"\u0130mam Nikah\u0131 \u0130le Evli Kad\u0131n E\u015f;Maddi - Manevi Tazminat TalepliAile Mahkemesinde Dava A\u00e7amaz. Talep Edilen Maddi\u2013Manevi tazminat\u0131nHaks\u0131z Fiil Nedeni \u0130le \u0130\u015flenmi\u015f Oldu\u011fundan,G\u00f6revli Mahkeme GENEL HUKUK MAHKEMELER\u0130D\u0130R","robots":{"index":"index","follow":"follow","max-snippet":"max-snippet:-1","max-image-preview":"max-image-preview:large","max-video-preview":"max-video-preview:-1"},"canonical":"https:\/\/kurcaloglu.com\/fr\/yargitay-h-g-k-e-2006-2-558k-2006-568\/","og_locale":"fr_FR","og_type":"article","og_title":"Yarg\u0131tay H.G.K., E.2006\/2-558,K.2006\/568; - Kur&ccedil;alo\u011flu Hukuk &amp; Partners","og_description":"\u0130mam Nikah\u0131 \u0130le Evli Kad\u0131n E\u015f;Maddi - Manevi Tazminat TalepliAile Mahkemesinde Dava A\u00e7amaz. Talep Edilen Maddi\u2013Manevi tazminat\u0131nHaks\u0131z Fiil Nedeni \u0130le \u0130\u015flenmi\u015f Oldu\u011fundan,G\u00f6revli Mahkeme GENEL HUKUK MAHKEMELER\u0130D\u0130R","og_url":"https:\/\/kurcaloglu.com\/fr\/yargitay-h-g-k-e-2006-2-558k-2006-568\/","og_site_name":"Kur&ccedil;alo\u011flu Hukuk &amp; Partners","article_publisher":"https:\/\/www.facebook.com\/profile.php?id=100090344741598","article_published_time":"2023-03-14T01:46:25+00:00","article_modified_time":"2023-03-14T01:46:30+00:00","og_image":[{"url":"https:\/\/kurcaloglu.com\/wp-content\/uploads\/2022\/10\/Yargitay_logo.png"}],"author":"admin","twitter_card":"summary_large_image","twitter_creator":"@KurcalogluHukuk","twitter_site":"@KurcalogluHukuk","twitter_misc":{"\u00c9crit par":"admin","Dur\u00e9e de lecture estim\u00e9e":"5 minutes"},"schema":{"@context":"https:\/\/schema.org","@graph":[{"@type":"Article","@id":"https:\/\/kurcaloglu.com\/yargitay-h-g-k-e-2006-2-558k-2006-568\/#article","isPartOf":{"@id":"https:\/\/kurcaloglu.com\/yargitay-h-g-k-e-2006-2-558k-2006-568\/"},"author":{"name":"admin","@id":"https:\/\/kurcaloglu.com\/#\/schema\/person\/1c68de35cc0dce6dbbe2360763923675"},"headline":"Yarg\u0131tay H.G.K., E.2006\/2-558,K.2006\/568;","datePublished":"2023-03-14T01:46:25+00:00","dateModified":"2023-03-14T01:46:30+00:00","mainEntityOfPage":{"@id":"https:\/\/kurcaloglu.com\/yargitay-h-g-k-e-2006-2-558k-2006-568\/"},"wordCount":1037,"commentCount":0,"publisher":{"@id":"https:\/\/kurcaloglu.com\/#organization"},"image":{"@id":"https:\/\/kurcaloglu.com\/yargitay-h-g-k-e-2006-2-558k-2006-568\/#primaryimage"},"thumbnailUrl":"https:\/\/kurcaloglu.com\/wp-content\/uploads\/2022\/10\/Yargitay_logo.png","keywords":["Dini Nikahl\u0131 E\u015f Tazminat","\u0130mam Nikah\u0131 \u0130le Evlenen Kad\u0131n\u0131n Manevi Tazminat Hakk\u0131","\u0130mam Nikahl\u0131 E\u015f Tazminat Talep Edemez","\u0130mam Nikahl\u0131 Kad\u0131n E\u015f","Yarg\u0131tay H.G.K E.2006\/2-558K.2006\/568"],"articleSection":["Yarg\u0131tay Aile ve Bo\u015fanma Hukuku","Yarg\u0131tay B\u00fct\u00fcn Kategoriler"],"inLanguage":"fr-FR","potentialAction":[{"@type":"CommentAction","name":"Comment","target":["https:\/\/kurcaloglu.com\/yargitay-h-g-k-e-2006-2-558k-2006-568\/#respond"]}]},{"@type":"WebPage","@id":"https:\/\/kurcaloglu.com\/yargitay-h-g-k-e-2006-2-558k-2006-568\/","url":"https:\/\/kurcaloglu.com\/yargitay-h-g-k-e-2006-2-558k-2006-568\/","name":"Yarg\u0131tay H.G.K., E.2006\/2-558,K.2006\/568; - Kur&ccedil;alo\u011flu Hukuk &amp; Partners","isPartOf":{"@id":"https:\/\/kurcaloglu.com\/#website"},"primaryImageOfPage":{"@id":"https:\/\/kurcaloglu.com\/yargitay-h-g-k-e-2006-2-558k-2006-568\/#primaryimage"},"image":{"@id":"https:\/\/kurcaloglu.com\/yargitay-h-g-k-e-2006-2-558k-2006-568\/#primaryimage"},"thumbnailUrl":"https:\/\/kurcaloglu.com\/wp-content\/uploads\/2022\/10\/Yargitay_logo.png","datePublished":"2023-03-14T01:46:25+00:00","dateModified":"2023-03-14T01:46:30+00:00","description":"\u0130mam Nikah\u0131 \u0130le Evli Kad\u0131n E\u015f;Maddi - Manevi Tazminat TalepliAile Mahkemesinde Dava A\u00e7amaz. Talep Edilen Maddi\u2013Manevi tazminat\u0131nHaks\u0131z Fiil Nedeni \u0130le \u0130\u015flenmi\u015f Oldu\u011fundan,G\u00f6revli Mahkeme GENEL HUKUK MAHKEMELER\u0130D\u0130R","breadcrumb":{"@id":"https:\/\/kurcaloglu.com\/yargitay-h-g-k-e-2006-2-558k-2006-568\/#breadcrumb"},"inLanguage":"fr-FR","potentialAction":[{"@type":"ReadAction","target":["https:\/\/kurcaloglu.com\/yargitay-h-g-k-e-2006-2-558k-2006-568\/"]}]},{"@type":"ImageObject","inLanguage":"fr-FR","@id":"https:\/\/kurcaloglu.com\/yargitay-h-g-k-e-2006-2-558k-2006-568\/#primaryimage","url":"https:\/\/kurcaloglu.com\/wp-content\/uploads\/2022\/10\/Yargitay_logo.png","contentUrl":"https:\/\/kurcaloglu.com\/wp-content\/uploads\/2022\/10\/Yargitay_logo.png"},{"@type":"BreadcrumbList","@id":"https:\/\/kurcaloglu.com\/yargitay-h-g-k-e-2006-2-558k-2006-568\/#breadcrumb","itemListElement":[{"@type":"ListItem","position":1,"name":"Anasayfa","item":"https:\/\/kurcaloglu.com\/"},{"@type":"ListItem","position":2,"name":"Yarg\u0131tay H.G.K., E.2006\/2-558,K.2006\/568;"}]},{"@type":"WebSite","@id":"https:\/\/kurcaloglu.com\/#website","url":"https:\/\/kurcaloglu.com\/","name":"Kur\u00e7alo\u011flu Hukuk & Partners","description":"Ceza hukuku- \u0130cra iflas hukuku, Miras hukuku, Bo\u015fanma hukuk, \u0130\u015f hukuku","publisher":{"@id":"https:\/\/kurcaloglu.com\/#organization"},"alternateName":"Kur\u00e7alo\u011flu Hukuk & Partners","potentialAction":[{"@type":"SearchAction","target":{"@type":"EntryPoint","urlTemplate":"https:\/\/kurcaloglu.com\/?s={search_term_string}"},"query-input":"required name=search_term_string"}],"inLanguage":"fr-FR"},{"@type":"Organization","@id":"https:\/\/kurcaloglu.com\/#organization","name":"Kur\u00e7alo\u011flu Hukuk & Partners","alternateName":"Kur\u00e7alo\u011flu Hukuk & Partners","url":"https:\/\/kurcaloglu.com\/","logo":{"@type":"ImageObject","inLanguage":"fr-FR","@id":"https:\/\/kurcaloglu.com\/#\/schema\/logo\/image\/","url":"https:\/\/kurcaloglu.com\/wp-content\/uploads\/2022\/04\/cropped-cropped-cropped-Adsiz-tasarim-1-2-1.png","contentUrl":"https:\/\/kurcaloglu.com\/wp-content\/uploads\/2022\/04\/cropped-cropped-cropped-Adsiz-tasarim-1-2-1.png","width":245,"height":65,"caption":"Kur\u00e7alo\u011flu Hukuk & Partners"},"image":{"@id":"https:\/\/kurcaloglu.com\/#\/schema\/logo\/image\/"},"sameAs":["https:\/\/www.facebook.com\/profile.php?id=100090344741598","https:\/\/x.com\/KurcalogluHukuk","https:\/\/www.facebook.com\/kurcalogluhukuk&partners","https:\/\/www.instagram.com\/kurcalogluhukuk&Partners\/?hl=tr"]},{"@type":"Person","@id":"https:\/\/kurcaloglu.com\/#\/schema\/person\/1c68de35cc0dce6dbbe2360763923675","name":"admin","image":{"@type":"ImageObject","inLanguage":"fr-FR","@id":"https:\/\/kurcaloglu.com\/#\/schema\/person\/image\/","url":"https:\/\/secure.gravatar.com\/avatar\/22be8f8cfea2b6627b98e3bd7d7911a6?s=96&d=mm&r=g","contentUrl":"https:\/\/secure.gravatar.com\/avatar\/22be8f8cfea2b6627b98e3bd7d7911a6?s=96&d=mm&r=g","caption":"admin"},"sameAs":["http:\/\/kurcaloglu.com"],"url":"https:\/\/kurcaloglu.com\/fr\/author\/admin\/"}]}},"_links":{"self":[{"href":"https:\/\/kurcaloglu.com\/fr\/wp-json\/wp\/v2\/posts\/15090"}],"collection":[{"href":"https:\/\/kurcaloglu.com\/fr\/wp-json\/wp\/v2\/posts"}],"about":[{"href":"https:\/\/kurcaloglu.com\/fr\/wp-json\/wp\/v2\/types\/post"}],"author":[{"embeddable":true,"href":"https:\/\/kurcaloglu.com\/fr\/wp-json\/wp\/v2\/users\/1"}],"replies":[{"embeddable":true,"href":"https:\/\/kurcaloglu.com\/fr\/wp-json\/wp\/v2\/comments?post=15090"}],"version-history":[{"count":20,"href":"https:\/\/kurcaloglu.com\/fr\/wp-json\/wp\/v2\/posts\/15090\/revisions"}],"predecessor-version":[{"id":15141,"href":"https:\/\/kurcaloglu.com\/fr\/wp-json\/wp\/v2\/posts\/15090\/revisions\/15141"}],"wp:attachment":[{"href":"https:\/\/kurcaloglu.com\/fr\/wp-json\/wp\/v2\/media?parent=15090"}],"wp:term":[{"taxonomy":"category","embeddable":true,"href":"https:\/\/kurcaloglu.com\/fr\/wp-json\/wp\/v2\/categories?post=15090"},{"taxonomy":"post_tag","embeddable":true,"href":"https:\/\/kurcaloglu.com\/fr\/wp-json\/wp\/v2\/tags?post=15090"}],"curies":[{"name":"wp","href":"https:\/\/api.w.org\/{rel}","templated":true}]}}