{"id":15458,"date":"2023-03-29T12:39:45","date_gmt":"2023-03-29T09:39:45","guid":{"rendered":"https:\/\/kurcaloglu.com\/?p=15458"},"modified":"2023-03-29T12:39:48","modified_gmt":"2023-03-29T09:39:48","slug":"yargitay-15-cd-e-2020-3019-k-2020-6847","status":"publish","type":"post","link":"https:\/\/kurcaloglu.com\/fr\/yargitay-15-cd-e-2020-3019-k-2020-6847\/","title":{"rendered":"Yarg\u0131tay 15.CD., E.2020\/3019, K.2020\/6847;"},"content":{"rendered":"<div data-elementor-type=\"wp-post\" data-elementor-id=\"15458\" class=\"elementor elementor-15458\">\n\t\t\t\t\t\t<section class=\"elementor-section elementor-top-section elementor-element elementor-element-e717a60 elementor-section-boxed elementor-section-height-default elementor-section-height-default\" data-id=\"e717a60\" data-element_type=\"section\">\n\t\t\t\t\t\t\t<div class=\"elementor-background-overlay\"><\/div>\n\t\t\t\t\t\t\t<div class=\"elementor-container elementor-column-gap-default\">\n\t\t\t\t\t<div class=\"elementor-column elementor-col-100 elementor-top-column elementor-element elementor-element-ac4e6d1\" data-id=\"ac4e6d1\" data-element_type=\"column\">\n\t\t\t<div class=\"elementor-widget-wrap elementor-element-populated\">\n\t\t\t\t\t\t<div class=\"elementor-element elementor-element-aed7bec elementor-widget elementor-widget-image\" data-id=\"aed7bec\" data-element_type=\"widget\" data-widget_type=\"image.default\">\n\t\t\t\t<div class=\"elementor-widget-container\">\n\t\t\t\t\t\t\t\t\t\t\t\t\t<img fetchpriority=\"high\" decoding=\"async\" width=\"300\" height=\"300\" src=\"https:\/\/kurcaloglu.com\/wp-content\/uploads\/2022\/10\/Yargitay_logo.png\" class=\"attachment-large size-large wp-image-14410\" alt=\"\" srcset=\"https:\/\/kurcaloglu.com\/wp-content\/uploads\/2022\/10\/Yargitay_logo.png 300w, https:\/\/kurcaloglu.com\/wp-content\/uploads\/2022\/10\/Yargitay_logo-150x150.png 150w\" sizes=\"(max-width: 300px) 100vw, 300px\" \/>\t\t\t\t\t\t\t\t\t\t\t\t\t<\/div>\n\t\t\t\t<\/div>\n\t\t\t\t<div class=\"elementor-element elementor-element-d8a8154 elementor-widget elementor-widget-spacer\" data-id=\"d8a8154\" data-element_type=\"widget\" data-widget_type=\"spacer.default\">\n\t\t\t\t<div class=\"elementor-widget-container\">\n\t\t\t\t\t<div class=\"elementor-spacer\">\n\t\t\t<div class=\"elementor-spacer-inner\"><\/div>\n\t\t<\/div>\n\t\t\t\t<\/div>\n\t\t\t\t<\/div>\n\t\t\t\t<div class=\"elementor-element elementor-element-0b3e0e2 elementor-widget elementor-widget-heading\" data-id=\"0b3e0e2\" data-element_type=\"widget\" data-widget_type=\"heading.default\">\n\t\t\t\t<div class=\"elementor-widget-container\">\n\t\t\t<h1 class=\"elementor-heading-title elementor-size-default\"><b>Yarg\u0131tay 15.CD., E.2020\/3019, K.2020\/6847;<\/b><\/h1>\t\t<\/div>\n\t\t\t\t<\/div>\n\t\t\t\t<div class=\"elementor-element elementor-element-1c93446 elementor-widget elementor-widget-spacer\" data-id=\"1c93446\" data-element_type=\"widget\" data-widget_type=\"spacer.default\">\n\t\t\t\t<div class=\"elementor-widget-container\">\n\t\t\t\t\t<div class=\"elementor-spacer\">\n\t\t\t<div class=\"elementor-spacer-inner\"><\/div>\n\t\t<\/div>\n\t\t\t\t<\/div>\n\t\t\t\t<\/div>\n\t\t\t\t<div class=\"elementor-element elementor-element-292744b elementor-widget elementor-widget-heading\" data-id=\"292744b\" data-element_type=\"widget\" data-widget_type=\"heading.default\">\n\t\t\t\t<div class=\"elementor-widget-container\">\n\t\t\t<h2 class=\"elementor-heading-title elementor-size-default\"><b>Kirac\u0131n\u0131n.,<br><br>Kiralanan E\u015fyal\u0131 Evden Ayr\u0131l\u0131rken<br><br>Evden E\u015fya Almas\u0131<br><br>G\u00fcveni K\u00f6t\u00fcye Kullanma Su\u00e7unu Olu\u015fturur.\n<\/b><\/h2>\t\t<\/div>\n\t\t\t\t<\/div>\n\t\t\t\t<div class=\"elementor-element elementor-element-621be25 elementor-widget elementor-widget-spacer\" data-id=\"621be25\" data-element_type=\"widget\" data-widget_type=\"spacer.default\">\n\t\t\t\t<div class=\"elementor-widget-container\">\n\t\t\t\t\t<div class=\"elementor-spacer\">\n\t\t\t<div class=\"elementor-spacer-inner\"><\/div>\n\t\t<\/div>\n\t\t\t\t<\/div>\n\t\t\t\t<\/div>\n\t\t\t\t<div class=\"elementor-element elementor-element-8144c5b elementor-widget elementor-widget-heading\" data-id=\"8144c5b\" data-element_type=\"widget\" data-widget_type=\"heading.default\">\n\t\t\t\t<div class=\"elementor-widget-container\">\n\t\t\t<h3 class=\"elementor-heading-title elementor-size-default\"><b>Yarg\u0131tay    \n<\/b><br><br><b>\n15.ceza Dairesi<br><br>Esas No: 2020\/3019<br><br>Karar No: 2020\/6847<br><br>Karar Tarihi: 25.06.2020<\/b><br><br><\/h3>\t\t<\/div>\n\t\t\t\t<\/div>\n\t\t\t\t<div class=\"elementor-element elementor-element-c6a7520 elementor-widget elementor-widget-text-editor\" data-id=\"c6a7520\" data-element_type=\"widget\" data-widget_type=\"text-editor.default\">\n\t\t\t\t<div class=\"elementor-widget-container\">\n\t\t\t\t\t\t\t<p>Hizmet nedeniyle g\u00fcveni k\u00f6t\u00fcye kullanma su\u00e7undan san\u0131\u011f\u0131n mahkumiyetine ili\u015fkin h\u00fck\u00fcm, san\u0131k taraf\u0131ndan temyiz edilmekle dosya incelenerek gere\u011fi d\u00fc\u015f\u00fcn\u00fcld\u00fc;<\/p><p>San\u0131\u011f\u0131n, olay tarihinde yan\u0131nda 3 tane daha bayan oldu\u011fu halde kat\u0131lana ait \u201c&#8230; adresinde bulunan kiral\u0131k dairesini, \u00fc\u00e7 g\u00fcnl\u00fc\u011f\u00fcn e\u015fyal\u0131 olarak kiralad\u0131\u011f\u0131, kira bitiminin sonunda san\u0131\u011f\u0131n evden ayr\u0131ld\u0131\u011f\u0131 s\u0131rada evde bulunan kat\u0131lana ait hen\u00fcz tak\u0131lmam\u0131\u015f yeni haldeki koli i\u00e7erisinde bulunan 2.000 TL tutarl\u0131 bir adet &#8230;marka kombiyi ve kullan\u0131lmam\u0131\u015f iki adet toplam de\u011feri 100 TL olan nevresim tak\u0131m\u0131n\u0131 kat\u0131landan habersiz alarak beraberinde g\u00f6t\u00fcrd\u00fc\u011f\u00fc, bu surette san\u0131\u011f\u0131n hizmet nedeniyle g\u00fcveni k\u00f6t\u00fcye kullanma su\u00e7unu i\u015fledi\u011fi iddia olunan somut olayda,<\/p><p>San\u0131k savunmas\u0131, kat\u0131lan beyan\u0131, kira s\u00f6zle\u015fmesi ile dosya kapsam\u0131ndan hizmet nedeniyle g\u00fcveni k\u00f6t\u00fcye kullanma su\u00e7u y\u00f6n\u00fcnden, meslek, sanat, ticaret veya hizmet ili\u015fkisinin ya da hangi nedenden do\u011fmu\u015f olursa olsun, ba\u015fkalar\u0131n\u0131n mallar\u0131n\u0131 idare etmek yetkisinin gere\u011fi olarak tevdi ve teslim edilmi\u015f e\u015fya hakk\u0131nda i\u015flenebilen bir su\u00e7 oldu\u011fundan, san\u0131\u011f\u0131n kat\u0131lana ait evde bulunan e\u015fyalar\u0131 kullanmak amac\u0131yla kiralamas\u0131na ra\u011fmen evden ayr\u0131l\u0131rken e\u015fyalar\u0131da g\u00f6t\u00fcrmesi \u015feklinde ger\u00e7ekle\u015fen eyleminde, e\u015fyalar\u0131n san\u0131\u011f\u0131n ifa etti\u011fi bir hizmet veya meslek dolay\u0131s\u0131yla kendisine tevdi ve teslim edilmemi\u015f olmas\u0131 sebebiyle, eylemin TCK&#8217;n\u0131n 155\/1 maddesinde d\u00fczenlenen ve h\u00fck\u00fcmden sonra 02\/12\/2016 tarih ve 29906 say\u0131l\u0131 Resmi Gazetede yay\u0131mlanarak ayn\u0131 tarihte y\u00fcr\u00fcrl\u00fc\u011fe giren 6763 say\u0131l\u0131 Kanun&#8217;un 34. maddesi ile de\u011fi\u015fik 5271 say\u0131l\u0131 CMK&#8217;n\u0131n 253. ve 254. madde f\u0131kralar\u0131 gere\u011fince uzla\u015ft\u0131rmaya tabi hale gelen basit g\u00fcveni k\u00f6t\u00fcye kullanma su\u00e7unu olu\u015fturdu\u011fu g\u00f6zetilmeden, su\u00e7 vasf\u0131nda yan\u0131lg\u0131ya d\u00fc\u015f\u00fclerek yaz\u0131l\u0131 \u015fekilde h\u00fck\u00fcm kurulmas\u0131,<\/p><p>Kanuna ayk\u0131r\u0131 olup, san\u0131\u011f\u0131n temyiz itirazlar\u0131 bu itibarla yerinde g\u00f6r\u00fclm\u00fc\u015f oldu\u011fundan h\u00fckm\u00fcn bu nedenle 5320 say\u0131l\u0131 Kanun&#8217;un 8\/1.maddesi gere\u011fince uygulanmas\u0131 gereken 1412 say\u0131l\u0131 CMUK&#8217;nun 321.maddesi uyar\u0131nca BOZULMASINA, 25\/06\/2020 tarihinde oybirli\u011fiyle karar verildi.<\/p>\t\t\t\t\t\t<\/div>\n\t\t\t\t<\/div>\n\t\t\t\t<div class=\"elementor-element elementor-element-d8628ea elementor-widget elementor-widget-spacer\" data-id=\"d8628ea\" data-element_type=\"widget\" data-widget_type=\"spacer.default\">\n\t\t\t\t<div class=\"elementor-widget-container\">\n\t\t\t\t\t<div class=\"elementor-spacer\">\n\t\t\t<div class=\"elementor-spacer-inner\"><\/div>\n\t\t<\/div>\n\t\t\t\t<\/div>\n\t\t\t\t<\/div>\n\t\t\t\t\t<\/div>\n\t\t<\/div>\n\t\t\t\t\t<\/div>\n\t\t<\/section>\n\t\t\t\t<section class=\"elementor-section elementor-top-section elementor-element elementor-element-ae8298c elementor-section-boxed elementor-section-height-default elementor-section-height-default\" data-id=\"ae8298c\" data-element_type=\"section\">\n\t\t\t\t\t\t<div class=\"elementor-container elementor-column-gap-default\">\n\t\t\t\t\t<div class=\"elementor-column elementor-col-100 elementor-top-column elementor-element elementor-element-5ae4206\" data-id=\"5ae4206\" data-element_type=\"column\">\n\t\t\t<div class=\"elementor-widget-wrap\">\n\t\t\t\t\t\t\t<\/div>\n\t\t<\/div>\n\t\t\t\t\t<\/div>\n\t\t<\/section>\n\t\t\t\t<\/div>","protected":false},"excerpt":{"rendered":"<p>Kirac\u0131n\u0131n.,<\/p>\n<p>Kiralanan E\u015fyal\u0131 Evden Ayr\u0131l\u0131rken<\/p>\n<p>Evden E\u015fya Almas\u0131<\/p>\n<p>G\u00fcveni K\u00f6t\u00fcye Kullanma Su\u00e7unu Olu\u015fturur.<\/p>","protected":false},"author":5,"featured_media":0,"comment_status":"open","ping_status":"open","sticky":false,"template":"","format":"standard","meta":{"footnotes":""},"categories":[871,638],"tags":[],"yoast_head":"<!-- This site is optimized with the Yoast SEO plugin v22.8 - https:\/\/yoast.com\/wordpress\/plugins\/seo\/ -->\n<title>Yarg\u0131tay 15.CD., E.2020\/3019, K.2020\/6847; - Kur&ccedil;alo\u011flu Hukuk &amp; Partners<\/title>\n<meta name=\"description\" content=\"Kirac\u0131n\u0131n. Kiralanan E\u015fyal\u0131 Evden Ayr\u0131l\u0131rken Evden E\u015fya Almas\u0131 G\u00fcveni K\u00f6t\u00fcye Kullanma Su\u00e7unu Olu\u015fturmaktad\u0131r\" \/>\n<meta name=\"robots\" content=\"index, follow, max-snippet:-1, max-image-preview:large, max-video-preview:-1\" \/>\n<link rel=\"canonical\" href=\"https:\/\/kurcaloglu.com\/fr\/yargitay-15-cd-e-2020-3019-k-2020-6847\/\" \/>\n<meta property=\"og:locale\" content=\"fr_FR\" \/>\n<meta property=\"og:type\" content=\"article\" \/>\n<meta property=\"og:title\" content=\"Yarg\u0131tay 15.CD., E.2020\/3019, K.2020\/6847; - Kur&ccedil;alo\u011flu Hukuk &amp; Partners\" \/>\n<meta property=\"og:description\" content=\"Kirac\u0131n\u0131n. Kiralanan E\u015fyal\u0131 Evden Ayr\u0131l\u0131rken Evden E\u015fya Almas\u0131 G\u00fcveni K\u00f6t\u00fcye Kullanma Su\u00e7unu Olu\u015fturmaktad\u0131r\" \/>\n<meta property=\"og:url\" content=\"https:\/\/kurcaloglu.com\/fr\/yargitay-15-cd-e-2020-3019-k-2020-6847\/\" \/>\n<meta property=\"og:site_name\" content=\"Kur&ccedil;alo\u011flu Hukuk &amp; Partners\" \/>\n<meta property=\"article:publisher\" content=\"https:\/\/www.facebook.com\/profile.php?id=100090344741598\" \/>\n<meta property=\"article:published_time\" content=\"2023-03-29T09:39:45+00:00\" \/>\n<meta property=\"article:modified_time\" content=\"2023-03-29T09:39:48+00:00\" \/>\n<meta property=\"og:image\" content=\"https:\/\/kurcaloglu.com\/wp-content\/uploads\/2022\/10\/Yargitay_logo.png\" \/>\n<meta name=\"author\" content=\"yonetici\" \/>\n<meta name=\"twitter:card\" content=\"summary_large_image\" \/>\n<meta name=\"twitter:creator\" content=\"@KurcalogluHukuk\" \/>\n<meta name=\"twitter:site\" content=\"@KurcalogluHukuk\" \/>\n<meta name=\"twitter:label1\" content=\"\u00c9crit par\" \/>\n\t<meta name=\"twitter:data1\" content=\"yonetici\" \/>\n\t<meta name=\"twitter:label2\" content=\"Dur\u00e9e de lecture estim\u00e9e\" \/>\n\t<meta name=\"twitter:data2\" content=\"2 minutes\" \/>\n<script type=\"application\/ld+json\" class=\"yoast-schema-graph\">{\"@context\":\"https:\/\/schema.org\",\"@graph\":[{\"@type\":\"Article\",\"@id\":\"https:\/\/kurcaloglu.com\/yargitay-15-cd-e-2020-3019-k-2020-6847\/#article\",\"isPartOf\":{\"@id\":\"https:\/\/kurcaloglu.com\/yargitay-15-cd-e-2020-3019-k-2020-6847\/\"},\"author\":{\"name\":\"yonetici\",\"@id\":\"https:\/\/kurcaloglu.com\/#\/schema\/person\/78eef26bafa474c8849ea63d8d134a73\"},\"headline\":\"Yarg\u0131tay 15.CD., E.2020\/3019, K.2020\/6847;\",\"datePublished\":\"2023-03-29T09:39:45+00:00\",\"dateModified\":\"2023-03-29T09:39:48+00:00\",\"mainEntityOfPage\":{\"@id\":\"https:\/\/kurcaloglu.com\/yargitay-15-cd-e-2020-3019-k-2020-6847\/\"},\"wordCount\":417,\"commentCount\":0,\"publisher\":{\"@id\":\"https:\/\/kurcaloglu.com\/#organization\"},\"image\":{\"@id\":\"https:\/\/kurcaloglu.com\/yargitay-15-cd-e-2020-3019-k-2020-6847\/#primaryimage\"},\"thumbnailUrl\":\"https:\/\/kurcaloglu.com\/wp-content\/uploads\/2022\/10\/Yargitay_logo.png\",\"articleSection\":[\"Yarg\u0131tay B\u00fct\u00fcn Kategoriler\",\"Yarg\u0131tay Ceza Hukuku\"],\"inLanguage\":\"fr-FR\",\"potentialAction\":[{\"@type\":\"CommentAction\",\"name\":\"Comment\",\"target\":[\"https:\/\/kurcaloglu.com\/yargitay-15-cd-e-2020-3019-k-2020-6847\/#respond\"]}]},{\"@type\":\"WebPage\",\"@id\":\"https:\/\/kurcaloglu.com\/yargitay-15-cd-e-2020-3019-k-2020-6847\/\",\"url\":\"https:\/\/kurcaloglu.com\/yargitay-15-cd-e-2020-3019-k-2020-6847\/\",\"name\":\"Yarg\u0131tay 15.CD., E.2020\/3019, K.2020\/6847; - Kur&ccedil;alo\u011flu Hukuk &amp; Partners\",\"isPartOf\":{\"@id\":\"https:\/\/kurcaloglu.com\/#website\"},\"primaryImageOfPage\":{\"@id\":\"https:\/\/kurcaloglu.com\/yargitay-15-cd-e-2020-3019-k-2020-6847\/#primaryimage\"},\"image\":{\"@id\":\"https:\/\/kurcaloglu.com\/yargitay-15-cd-e-2020-3019-k-2020-6847\/#primaryimage\"},\"thumbnailUrl\":\"https:\/\/kurcaloglu.com\/wp-content\/uploads\/2022\/10\/Yargitay_logo.png\",\"datePublished\":\"2023-03-29T09:39:45+00:00\",\"dateModified\":\"2023-03-29T09:39:48+00:00\",\"description\":\"Kirac\u0131n\u0131n. Kiralanan E\u015fyal\u0131 Evden Ayr\u0131l\u0131rken Evden E\u015fya Almas\u0131 G\u00fcveni K\u00f6t\u00fcye Kullanma Su\u00e7unu Olu\u015fturmaktad\u0131r\",\"breadcrumb\":{\"@id\":\"https:\/\/kurcaloglu.com\/yargitay-15-cd-e-2020-3019-k-2020-6847\/#breadcrumb\"},\"inLanguage\":\"fr-FR\",\"potentialAction\":[{\"@type\":\"ReadAction\",\"target\":[\"https:\/\/kurcaloglu.com\/yargitay-15-cd-e-2020-3019-k-2020-6847\/\"]}]},{\"@type\":\"ImageObject\",\"inLanguage\":\"fr-FR\",\"@id\":\"https:\/\/kurcaloglu.com\/yargitay-15-cd-e-2020-3019-k-2020-6847\/#primaryimage\",\"url\":\"https:\/\/kurcaloglu.com\/wp-content\/uploads\/2022\/10\/Yargitay_logo.png\",\"contentUrl\":\"https:\/\/kurcaloglu.com\/wp-content\/uploads\/2022\/10\/Yargitay_logo.png\"},{\"@type\":\"BreadcrumbList\",\"@id\":\"https:\/\/kurcaloglu.com\/yargitay-15-cd-e-2020-3019-k-2020-6847\/#breadcrumb\",\"itemListElement\":[{\"@type\":\"ListItem\",\"position\":1,\"name\":\"Anasayfa\",\"item\":\"https:\/\/kurcaloglu.com\/\"},{\"@type\":\"ListItem\",\"position\":2,\"name\":\"Yarg\u0131tay 15.CD., E.2020\/3019, K.2020\/6847;\"}]},{\"@type\":\"WebSite\",\"@id\":\"https:\/\/kurcaloglu.com\/#website\",\"url\":\"https:\/\/kurcaloglu.com\/\",\"name\":\"Kur\u00e7alo\u011flu Hukuk & Partners\",\"description\":\"Ceza hukuku- \u0130cra iflas hukuku, Miras hukuku, Bo\u015fanma hukuk, \u0130\u015f hukuku\",\"publisher\":{\"@id\":\"https:\/\/kurcaloglu.com\/#organization\"},\"alternateName\":\"Kur\u00e7alo\u011flu Hukuk & Partners\",\"potentialAction\":[{\"@type\":\"SearchAction\",\"target\":{\"@type\":\"EntryPoint\",\"urlTemplate\":\"https:\/\/kurcaloglu.com\/?s={search_term_string}\"},\"query-input\":\"required name=search_term_string\"}],\"inLanguage\":\"fr-FR\"},{\"@type\":\"Organization\",\"@id\":\"https:\/\/kurcaloglu.com\/#organization\",\"name\":\"Kur\u00e7alo\u011flu Hukuk & Partners\",\"alternateName\":\"Kur\u00e7alo\u011flu Hukuk & Partners\",\"url\":\"https:\/\/kurcaloglu.com\/\",\"logo\":{\"@type\":\"ImageObject\",\"inLanguage\":\"fr-FR\",\"@id\":\"https:\/\/kurcaloglu.com\/#\/schema\/logo\/image\/\",\"url\":\"https:\/\/kurcaloglu.com\/wp-content\/uploads\/2022\/04\/cropped-cropped-cropped-Adsiz-tasarim-1-2-1.png\",\"contentUrl\":\"https:\/\/kurcaloglu.com\/wp-content\/uploads\/2022\/04\/cropped-cropped-cropped-Adsiz-tasarim-1-2-1.png\",\"width\":245,\"height\":65,\"caption\":\"Kur\u00e7alo\u011flu Hukuk & Partners\"},\"image\":{\"@id\":\"https:\/\/kurcaloglu.com\/#\/schema\/logo\/image\/\"},\"sameAs\":[\"https:\/\/www.facebook.com\/profile.php?id=100090344741598\",\"https:\/\/x.com\/KurcalogluHukuk\",\"https:\/\/www.facebook.com\/kurcalogluhukuk&partners\",\"https:\/\/www.instagram.com\/kurcalogluhukuk&Partners\/?hl=tr\"]},{\"@type\":\"Person\",\"@id\":\"https:\/\/kurcaloglu.com\/#\/schema\/person\/78eef26bafa474c8849ea63d8d134a73\",\"name\":\"yonetici\",\"image\":{\"@type\":\"ImageObject\",\"inLanguage\":\"fr-FR\",\"@id\":\"https:\/\/kurcaloglu.com\/#\/schema\/person\/image\/\",\"url\":\"https:\/\/secure.gravatar.com\/avatar\/f68125d39bb4d188b1d3809afbe0c714?s=96&d=mm&r=g\",\"contentUrl\":\"https:\/\/secure.gravatar.com\/avatar\/f68125d39bb4d188b1d3809afbe0c714?s=96&d=mm&r=g\",\"caption\":\"yonetici\"},\"url\":\"https:\/\/kurcaloglu.com\/fr\/author\/yonetici\/\"}]}<\/script>\n<!-- \/ Yoast SEO plugin. -->","yoast_head_json":{"title":"Yarg\u0131tay 15.CD., E.2020\/3019, K.2020\/6847; - Kur&ccedil;alo\u011flu Hukuk &amp; Partners","description":"Kirac\u0131n\u0131n. Kiralanan E\u015fyal\u0131 Evden Ayr\u0131l\u0131rken Evden E\u015fya Almas\u0131 G\u00fcveni K\u00f6t\u00fcye Kullanma Su\u00e7unu Olu\u015fturmaktad\u0131r","robots":{"index":"index","follow":"follow","max-snippet":"max-snippet:-1","max-image-preview":"max-image-preview:large","max-video-preview":"max-video-preview:-1"},"canonical":"https:\/\/kurcaloglu.com\/fr\/yargitay-15-cd-e-2020-3019-k-2020-6847\/","og_locale":"fr_FR","og_type":"article","og_title":"Yarg\u0131tay 15.CD., E.2020\/3019, K.2020\/6847; - Kur&ccedil;alo\u011flu Hukuk &amp; Partners","og_description":"Kirac\u0131n\u0131n. Kiralanan E\u015fyal\u0131 Evden Ayr\u0131l\u0131rken Evden E\u015fya Almas\u0131 G\u00fcveni K\u00f6t\u00fcye Kullanma Su\u00e7unu Olu\u015fturmaktad\u0131r","og_url":"https:\/\/kurcaloglu.com\/fr\/yargitay-15-cd-e-2020-3019-k-2020-6847\/","og_site_name":"Kur&ccedil;alo\u011flu Hukuk &amp; Partners","article_publisher":"https:\/\/www.facebook.com\/profile.php?id=100090344741598","article_published_time":"2023-03-29T09:39:45+00:00","article_modified_time":"2023-03-29T09:39:48+00:00","og_image":[{"url":"https:\/\/kurcaloglu.com\/wp-content\/uploads\/2022\/10\/Yargitay_logo.png"}],"author":"yonetici","twitter_card":"summary_large_image","twitter_creator":"@KurcalogluHukuk","twitter_site":"@KurcalogluHukuk","twitter_misc":{"\u00c9crit par":"yonetici","Dur\u00e9e de lecture estim\u00e9e":"2 minutes"},"schema":{"@context":"https:\/\/schema.org","@graph":[{"@type":"Article","@id":"https:\/\/kurcaloglu.com\/yargitay-15-cd-e-2020-3019-k-2020-6847\/#article","isPartOf":{"@id":"https:\/\/kurcaloglu.com\/yargitay-15-cd-e-2020-3019-k-2020-6847\/"},"author":{"name":"yonetici","@id":"https:\/\/kurcaloglu.com\/#\/schema\/person\/78eef26bafa474c8849ea63d8d134a73"},"headline":"Yarg\u0131tay 15.CD., E.2020\/3019, K.2020\/6847;","datePublished":"2023-03-29T09:39:45+00:00","dateModified":"2023-03-29T09:39:48+00:00","mainEntityOfPage":{"@id":"https:\/\/kurcaloglu.com\/yargitay-15-cd-e-2020-3019-k-2020-6847\/"},"wordCount":417,"commentCount":0,"publisher":{"@id":"https:\/\/kurcaloglu.com\/#organization"},"image":{"@id":"https:\/\/kurcaloglu.com\/yargitay-15-cd-e-2020-3019-k-2020-6847\/#primaryimage"},"thumbnailUrl":"https:\/\/kurcaloglu.com\/wp-content\/uploads\/2022\/10\/Yargitay_logo.png","articleSection":["Yarg\u0131tay B\u00fct\u00fcn Kategoriler","Yarg\u0131tay Ceza Hukuku"],"inLanguage":"fr-FR","potentialAction":[{"@type":"CommentAction","name":"Comment","target":["https:\/\/kurcaloglu.com\/yargitay-15-cd-e-2020-3019-k-2020-6847\/#respond"]}]},{"@type":"WebPage","@id":"https:\/\/kurcaloglu.com\/yargitay-15-cd-e-2020-3019-k-2020-6847\/","url":"https:\/\/kurcaloglu.com\/yargitay-15-cd-e-2020-3019-k-2020-6847\/","name":"Yarg\u0131tay 15.CD., E.2020\/3019, K.2020\/6847; - Kur&ccedil;alo\u011flu Hukuk &amp; Partners","isPartOf":{"@id":"https:\/\/kurcaloglu.com\/#website"},"primaryImageOfPage":{"@id":"https:\/\/kurcaloglu.com\/yargitay-15-cd-e-2020-3019-k-2020-6847\/#primaryimage"},"image":{"@id":"https:\/\/kurcaloglu.com\/yargitay-15-cd-e-2020-3019-k-2020-6847\/#primaryimage"},"thumbnailUrl":"https:\/\/kurcaloglu.com\/wp-content\/uploads\/2022\/10\/Yargitay_logo.png","datePublished":"2023-03-29T09:39:45+00:00","dateModified":"2023-03-29T09:39:48+00:00","description":"Kirac\u0131n\u0131n. Kiralanan E\u015fyal\u0131 Evden Ayr\u0131l\u0131rken Evden E\u015fya Almas\u0131 G\u00fcveni K\u00f6t\u00fcye Kullanma Su\u00e7unu Olu\u015fturmaktad\u0131r","breadcrumb":{"@id":"https:\/\/kurcaloglu.com\/yargitay-15-cd-e-2020-3019-k-2020-6847\/#breadcrumb"},"inLanguage":"fr-FR","potentialAction":[{"@type":"ReadAction","target":["https:\/\/kurcaloglu.com\/yargitay-15-cd-e-2020-3019-k-2020-6847\/"]}]},{"@type":"ImageObject","inLanguage":"fr-FR","@id":"https:\/\/kurcaloglu.com\/yargitay-15-cd-e-2020-3019-k-2020-6847\/#primaryimage","url":"https:\/\/kurcaloglu.com\/wp-content\/uploads\/2022\/10\/Yargitay_logo.png","contentUrl":"https:\/\/kurcaloglu.com\/wp-content\/uploads\/2022\/10\/Yargitay_logo.png"},{"@type":"BreadcrumbList","@id":"https:\/\/kurcaloglu.com\/yargitay-15-cd-e-2020-3019-k-2020-6847\/#breadcrumb","itemListElement":[{"@type":"ListItem","position":1,"name":"Anasayfa","item":"https:\/\/kurcaloglu.com\/"},{"@type":"ListItem","position":2,"name":"Yarg\u0131tay 15.CD., E.2020\/3019, K.2020\/6847;"}]},{"@type":"WebSite","@id":"https:\/\/kurcaloglu.com\/#website","url":"https:\/\/kurcaloglu.com\/","name":"Kur\u00e7alo\u011flu Hukuk & Partners","description":"Ceza hukuku- \u0130cra iflas hukuku, Miras hukuku, Bo\u015fanma hukuk, \u0130\u015f hukuku","publisher":{"@id":"https:\/\/kurcaloglu.com\/#organization"},"alternateName":"Kur\u00e7alo\u011flu Hukuk & Partners","potentialAction":[{"@type":"SearchAction","target":{"@type":"EntryPoint","urlTemplate":"https:\/\/kurcaloglu.com\/?s={search_term_string}"},"query-input":"required name=search_term_string"}],"inLanguage":"fr-FR"},{"@type":"Organization","@id":"https:\/\/kurcaloglu.com\/#organization","name":"Kur\u00e7alo\u011flu Hukuk & Partners","alternateName":"Kur\u00e7alo\u011flu Hukuk & Partners","url":"https:\/\/kurcaloglu.com\/","logo":{"@type":"ImageObject","inLanguage":"fr-FR","@id":"https:\/\/kurcaloglu.com\/#\/schema\/logo\/image\/","url":"https:\/\/kurcaloglu.com\/wp-content\/uploads\/2022\/04\/cropped-cropped-cropped-Adsiz-tasarim-1-2-1.png","contentUrl":"https:\/\/kurcaloglu.com\/wp-content\/uploads\/2022\/04\/cropped-cropped-cropped-Adsiz-tasarim-1-2-1.png","width":245,"height":65,"caption":"Kur\u00e7alo\u011flu Hukuk & Partners"},"image":{"@id":"https:\/\/kurcaloglu.com\/#\/schema\/logo\/image\/"},"sameAs":["https:\/\/www.facebook.com\/profile.php?id=100090344741598","https:\/\/x.com\/KurcalogluHukuk","https:\/\/www.facebook.com\/kurcalogluhukuk&partners","https:\/\/www.instagram.com\/kurcalogluhukuk&Partners\/?hl=tr"]},{"@type":"Person","@id":"https:\/\/kurcaloglu.com\/#\/schema\/person\/78eef26bafa474c8849ea63d8d134a73","name":"yonetici","image":{"@type":"ImageObject","inLanguage":"fr-FR","@id":"https:\/\/kurcaloglu.com\/#\/schema\/person\/image\/","url":"https:\/\/secure.gravatar.com\/avatar\/f68125d39bb4d188b1d3809afbe0c714?s=96&d=mm&r=g","contentUrl":"https:\/\/secure.gravatar.com\/avatar\/f68125d39bb4d188b1d3809afbe0c714?s=96&d=mm&r=g","caption":"yonetici"},"url":"https:\/\/kurcaloglu.com\/fr\/author\/yonetici\/"}]}},"_links":{"self":[{"href":"https:\/\/kurcaloglu.com\/fr\/wp-json\/wp\/v2\/posts\/15458"}],"collection":[{"href":"https:\/\/kurcaloglu.com\/fr\/wp-json\/wp\/v2\/posts"}],"about":[{"href":"https:\/\/kurcaloglu.com\/fr\/wp-json\/wp\/v2\/types\/post"}],"author":[{"embeddable":true,"href":"https:\/\/kurcaloglu.com\/fr\/wp-json\/wp\/v2\/users\/5"}],"replies":[{"embeddable":true,"href":"https:\/\/kurcaloglu.com\/fr\/wp-json\/wp\/v2\/comments?post=15458"}],"version-history":[{"count":9,"href":"https:\/\/kurcaloglu.com\/fr\/wp-json\/wp\/v2\/posts\/15458\/revisions"}],"predecessor-version":[{"id":15520,"href":"https:\/\/kurcaloglu.com\/fr\/wp-json\/wp\/v2\/posts\/15458\/revisions\/15520"}],"wp:attachment":[{"href":"https:\/\/kurcaloglu.com\/fr\/wp-json\/wp\/v2\/media?parent=15458"}],"wp:term":[{"taxonomy":"category","embeddable":true,"href":"https:\/\/kurcaloglu.com\/fr\/wp-json\/wp\/v2\/categories?post=15458"},{"taxonomy":"post_tag","embeddable":true,"href":"https:\/\/kurcaloglu.com\/fr\/wp-json\/wp\/v2\/tags?post=15458"}],"curies":[{"name":"wp","href":"https:\/\/api.w.org\/{rel}","templated":true}]}}