{"id":15467,"date":"2023-03-29T12:36:58","date_gmt":"2023-03-29T09:36:58","guid":{"rendered":"https:\/\/kurcaloglu.com\/?p=15467"},"modified":"2023-04-23T16:47:48","modified_gmt":"2023-04-23T13:47:48","slug":"yargitay-3-hd-e-2019-5552-k-2020-206","status":"publish","type":"post","link":"https:\/\/kurcaloglu.com\/fr\/yargitay-3-hd-e-2019-5552-k-2020-206\/","title":{"rendered":"Yarg\u0131tay 3.HD., E.2019\/5552, K.2020\/206;"},"content":{"rendered":"<div data-elementor-type=\"wp-post\" data-elementor-id=\"15467\" class=\"elementor elementor-15467\">\n\t\t\t\t\t\t<section class=\"elementor-section elementor-top-section elementor-element elementor-element-6465079 elementor-section-boxed elementor-section-height-default elementor-section-height-default\" data-id=\"6465079\" data-element_type=\"section\">\n\t\t\t\t\t\t\t<div class=\"elementor-background-overlay\"><\/div>\n\t\t\t\t\t\t\t<div class=\"elementor-container elementor-column-gap-default\">\n\t\t\t\t\t<div class=\"elementor-column elementor-col-100 elementor-top-column elementor-element elementor-element-2d8aed7\" data-id=\"2d8aed7\" data-element_type=\"column\">\n\t\t\t<div class=\"elementor-widget-wrap elementor-element-populated\">\n\t\t\t\t\t\t<div class=\"elementor-element elementor-element-47d7885 elementor-widget elementor-widget-image\" data-id=\"47d7885\" data-element_type=\"widget\" data-widget_type=\"image.default\">\n\t\t\t\t<div class=\"elementor-widget-container\">\n\t\t\t\t\t\t\t\t\t\t\t\t\t<img fetchpriority=\"high\" decoding=\"async\" width=\"300\" height=\"300\" src=\"https:\/\/kurcaloglu.com\/wp-content\/uploads\/2022\/10\/Yargitay_logo.png\" class=\"attachment-large size-large wp-image-14410\" alt=\"\" srcset=\"https:\/\/kurcaloglu.com\/wp-content\/uploads\/2022\/10\/Yargitay_logo.png 300w, https:\/\/kurcaloglu.com\/wp-content\/uploads\/2022\/10\/Yargitay_logo-150x150.png 150w\" sizes=\"(max-width: 300px) 100vw, 300px\" \/>\t\t\t\t\t\t\t\t\t\t\t\t\t<\/div>\n\t\t\t\t<\/div>\n\t\t\t\t<div class=\"elementor-element elementor-element-3098ff8 elementor-widget elementor-widget-spacer\" data-id=\"3098ff8\" data-element_type=\"widget\" data-widget_type=\"spacer.default\">\n\t\t\t\t<div class=\"elementor-widget-container\">\n\t\t\t\t\t<div class=\"elementor-spacer\">\n\t\t\t<div class=\"elementor-spacer-inner\"><\/div>\n\t\t<\/div>\n\t\t\t\t<\/div>\n\t\t\t\t<\/div>\n\t\t\t\t<div class=\"elementor-element elementor-element-08b0e5c elementor-widget elementor-widget-heading\" data-id=\"08b0e5c\" data-element_type=\"widget\" data-widget_type=\"heading.default\">\n\t\t\t\t<div class=\"elementor-widget-container\">\n\t\t\t<h1 class=\"elementor-heading-title elementor-size-default\"><b>Yarg\u0131tay 3.HD., E.2019\/5552, K.2020\/206;<\/b> <\/h1>\t\t<\/div>\n\t\t\t\t<\/div>\n\t\t\t\t<div class=\"elementor-element elementor-element-3ecb4aa elementor-widget elementor-widget-spacer\" data-id=\"3ecb4aa\" data-element_type=\"widget\" data-widget_type=\"spacer.default\">\n\t\t\t\t<div class=\"elementor-widget-container\">\n\t\t\t\t\t<div class=\"elementor-spacer\">\n\t\t\t<div class=\"elementor-spacer-inner\"><\/div>\n\t\t<\/div>\n\t\t\t\t<\/div>\n\t\t\t\t<\/div>\n\t\t\t\t<div class=\"elementor-element elementor-element-c3aedae elementor-widget elementor-widget-heading\" data-id=\"c3aedae\" data-element_type=\"widget\" data-widget_type=\"heading.default\">\n\t\t\t\t<div class=\"elementor-widget-container\">\n\t\t\t<h2 class=\"elementor-heading-title elementor-size-default\"><b>Kirac\u0131;<br><br>Ola\u011fan Kullan\u0131mlardan Olu\u015fan,<br><br>Eskime Ve Bozulmalardan<br><br>Sorumlu De\u011fildir.<\/b><\/h2>\t\t<\/div>\n\t\t\t\t<\/div>\n\t\t\t\t<div class=\"elementor-element elementor-element-9d5bf77 elementor-widget elementor-widget-spacer\" data-id=\"9d5bf77\" data-element_type=\"widget\" data-widget_type=\"spacer.default\">\n\t\t\t\t<div class=\"elementor-widget-container\">\n\t\t\t\t\t<div class=\"elementor-spacer\">\n\t\t\t<div class=\"elementor-spacer-inner\"><\/div>\n\t\t<\/div>\n\t\t\t\t<\/div>\n\t\t\t\t<\/div>\n\t\t\t\t<div class=\"elementor-element elementor-element-1303843 elementor-widget elementor-widget-heading\" data-id=\"1303843\" data-element_type=\"widget\" data-widget_type=\"heading.default\">\n\t\t\t\t<div class=\"elementor-widget-container\">\n\t\t\t<h3 class=\"elementor-heading-title elementor-size-default\">Yarg\u0131tay<br><br>3. Hukuk Dairesi<br><br>Esas No: 2019\/5552<br><br>Karar No: 2020\/206<br><br>Karar Tarihi: 15.01.2020<\/h3>\t\t<\/div>\n\t\t\t\t<\/div>\n\t\t\t\t<div class=\"elementor-element elementor-element-31f1cbc elementor-widget elementor-widget-spacer\" data-id=\"31f1cbc\" data-element_type=\"widget\" data-widget_type=\"spacer.default\">\n\t\t\t\t<div class=\"elementor-widget-container\">\n\t\t\t\t\t<div class=\"elementor-spacer\">\n\t\t\t<div class=\"elementor-spacer-inner\"><\/div>\n\t\t<\/div>\n\t\t\t\t<\/div>\n\t\t\t\t<\/div>\n\t\t\t\t<div class=\"elementor-element elementor-element-c065a5f elementor-widget elementor-widget-text-editor\" data-id=\"c065a5f\" data-element_type=\"widget\" data-widget_type=\"text-editor.default\">\n\t\t\t\t<div class=\"elementor-widget-container\">\n\t\t\t\t\t\t\t<p class=\"kavram\"><a href=\"https:\/\/legalbank.net\/kavramara.aspx?s=1&amp;a=K%C4%B0RA%20S%C3%96ZLE%C5%9EMES%C4%B0NDEN%20DO%C4%9EAN%20ALACAK%20DAVASINDA%20K%C4%B0RACININ%20KULLANIM%20DOLAYISIYLA%20OLU%C5%9EAN%20ESK%C4%B0MELERDEN%20SORUMLULU%C4%9EU%20-%20%20%20Kirac%C4%B1n%C4%B1n%20S%C3%B6zle%C5%9Fmeye%20Uygun%20Ola%C4%9Fan%20Kullanma%20Dolay%C4%B1s%C4%B1yla%20Olu%C5%9Fan%20Eskime%20ve%20Bozulmalardan%20Sorumlu%20Olmay%C4%B1p%20M%C3%BCnhas%C4%B1ran%20K%C3%B6t%C3%BC%20Kullan%C4%B1m%20Nedeniyle%20Olu%C5%9Fan%20Zarar%20ve%20Hasardan%20Sorumlu%20Oldu%C4%9Fu%20-%20Kirac%C4%B1n%C4%B1n%20Kiralanan%C4%B1%20Kulland%C4%B1%C4%9F%C4%B1%20S%C3%BCre%20ve%20Kullanma%20Amac%C4%B1%20G%C3%B6zetildi%C4%9Finde%20Ola%C4%9Fan%20Kullan%C4%B1mdan%20Kaynaklanan%20Y%C4%B1pranma%20ve%20Eskimelerin%20Olaca%C4%9F%C4%B1%20-%20Mahkemece%20Al%C4%B1nacak%20Bilirki%C5%9Fi%20Raporu%20%C4%B0le%20Hor%20Kullan%C4%B1m%20Nedeniyle%20Olu%C5%9Fan%20Zarar%20ve%20Hasar%20Belirlenirken%20Her%20Bir%20Kira%20S%C3%B6zle%C5%9Fmesi%20ve%20Kiralanan%C4%B1n%20Cinsi%20ve%20Durumu%20Ayr%C4%B1%20Ayr%C4%B1%20De%C4%9Ferlendirilerek%20Yine%20Her%20Bir%20Kiralanan%C4%B1n%20Kullan%C4%B1m%20S%C3%BCresi%20Her%20Bir%20Kira%20S%C3%B6zle%C5%9Fmesine%20G%C3%B6re%20Ayr%C4%B1%20Ayr%C4%B1%20Hesaplanarak%20Kullan%C4%B1m%20S%C3%BCresi%20%C4%B0le%20Orant%C4%B1l%C4%B1%20Olarak%20Y%C4%B1pranma%20Pay%C4%B1n%C4%B1n%20Hesap%20Edilip%20Alacaktan%20D%C3%BC%C5%9F%C3%BClmesi%20Gerekti%C4%9Fi%20-%20Ger%C3%A7ek%20Zarar%C4%B1n%20Belirtilen%20%C5%9Eekilde%20Tespit%20Edilerek%20Sonucuna%20G%C3%B6re%20Bir%20Karar%20Verilmesi%20Gerekti%C4%9Fi\" target=\"_blank\" rel=\"noopener\"><span style=\"color: #000000;\">K\u0130RA<\/span><\/a><a href=\"https:\/\/legalbank.net\/kavramara.aspx?s=1&amp;a=K%C4%B0RA%20S%C3%96ZLE%C5%9EMES%C4%B0NDEN%20DO%C4%9EAN%20ALACAK%20DAVASINDA%20K%C4%B0RACININ%20KULLANIM%20DOLAYISIYLA%20OLU%C5%9EAN%20ESK%C4%B0MELERDEN%20SORUMLULU%C4%9EU%20-%20%20%20Kirac%C4%B1n%C4%B1n%20S%C3%B6zle%C5%9Fmeye%20Uygun%20Ola%C4%9Fan%20Kullanma%20Dolay%C4%B1s%C4%B1yla%20Olu%C5%9Fan%20Eskime%20ve%20Bozulmalardan%20Sorumlu%20Olmay%C4%B1p%20M%C3%BCnhas%C4%B1ran%20K%C3%B6t%C3%BC%20Kullan%C4%B1m%20Nedeniyle%20Olu%C5%9Fan%20Zarar%20ve%20Hasardan%20Sorumlu%20Oldu%C4%9Fu%20-%20Kirac%C4%B1n%C4%B1n%20Kiralanan%C4%B1%20Kulland%C4%B1%C4%9F%C4%B1%20S%C3%BCre%20ve%20Kullanma%20Amac%C4%B1%20G%C3%B6zetildi%C4%9Finde%20Ola%C4%9Fan%20Kullan%C4%B1mdan%20Kaynaklanan%20Y%C4%B1pranma%20ve%20Eskimelerin%20Olaca%C4%9F%C4%B1%20-%20Mahkemece%20Al%C4%B1nacak%20Bilirki%C5%9Fi%20Raporu%20%C4%B0le%20Hor%20Kullan%C4%B1m%20Nedeniyle%20Olu%C5%9Fan%20Zarar%20ve%20Hasar%20Belirlenirken%20Her%20Bir%20Kira%20S%C3%B6zle%C5%9Fmesi%20ve%20Kiralanan%C4%B1n%20Cinsi%20ve%20Durumu%20Ayr%C4%B1%20Ayr%C4%B1%20De%C4%9Ferlendirilerek%20Yine%20Her%20Bir%20Kiralanan%C4%B1n%20Kullan%C4%B1m%20S%C3%BCresi%20Her%20Bir%20Kira%20S%C3%B6zle%C5%9Fmesine%20G%C3%B6re%20Ayr%C4%B1%20Ayr%C4%B1%20Hesaplanarak%20Kullan%C4%B1m%20S%C3%BCresi%20%C4%B0le%20Orant%C4%B1l%C4%B1%20Olarak%20Y%C4%B1pranma%20Pay%C4%B1n%C4%B1n%20Hesap%20Edilip%20Alacaktan%20D%C3%BC%C5%9F%C3%BClmesi%20Gerekti%C4%9Fi%20-%20Ger%C3%A7ek%20Zarar%C4%B1n%20Belirtilen%20%C5%9Eekilde%20Tespit%20Edilerek%20Sonucuna%20G%C3%B6re%20Bir%20Karar%20Verilmesi%20Gerekti%C4%9Fi\" target=\"_blank\" rel=\"noopener\"><span style=\"color: #000000;\"> S\u00d6ZLE\u015eMES\u0130NDEN DO\u011eAN ALACAK DAVASINDA K\u0130RACININ KULLANIM DOLAYISIYLA OLU\u015eAN ESK\u0130MELERDEN SORUMLULU\u011eU\u00a0Kirac\u0131n\u0131n S\u00f6zle\u015fmeye Uygun Ola\u011fan Kullanma Dolay\u0131s\u0131yla Olu\u015fan Eskime ve Bozulmalardan Sorumlu Olmay\u0131p M\u00fcnhas\u0131ran K\u00f6t\u00fc Kullan\u0131m Nedeniyle Olu\u015fan Zarar ve Hasardan Sorumlu Oldu\u011fu &#8211; Kirac\u0131n\u0131n Kiralanan\u0131 Kulland\u0131\u011f\u0131 S\u00fcre ve Kullanma Amac\u0131 G\u00f6zetildi\u011finde Ola\u011fan Kullan\u0131mdan Kaynaklanan Y\u0131pranma ve Eskimelerin Olaca\u011f\u0131 &#8211; Mahkemece Al\u0131nacak Bilirki\u015fi Raporu \u0130le Hor Kullan\u0131m Nedeniyle Olu\u015fan Zarar ve Hasar Belirlenirken Her Bir Kira S\u00f6zle\u015fmesi ve Kiralanan\u0131n Cinsi ve Durumu Ayr\u0131 Ayr\u0131 De\u011ferlendirilerek Yine Her Bir Kiralanan\u0131n Kullan\u0131m S\u00fcresi Her Bir Kira S\u00f6zle\u015fmesine G\u00f6re Ayr\u0131 Ayr\u0131 Hesaplanarak Kullan\u0131m S\u00fcresi \u0130le Orant\u0131l\u0131 Olarak Y\u0131pranma Pay\u0131n\u0131n Hesap Edilip Alacaktan D\u00fc\u015f\u00fclmesi Gerekti\u011fi &#8211; Ger\u00e7ek Zarar\u0131n Belirtilen \u015eekilde Tespit Edilerek Sonucuna G\u00f6re Bir Karar Verilmesi Gerekti\u011fi<\/span><\/a><\/p>\t\t\t\t\t\t<\/div>\n\t\t\t\t<\/div>\n\t\t\t\t<div class=\"elementor-element elementor-element-3db8ca9 elementor-widget elementor-widget-heading\" data-id=\"3db8ca9\" data-element_type=\"widget\" data-widget_type=\"heading.default\">\n\t\t\t\t<div class=\"elementor-widget-container\">\n\t\t\t<h4 class=\"elementor-heading-title elementor-size-default\"><b>\u00d6ZET:<\/b><\/h4>\t\t<\/div>\n\t\t\t\t<\/div>\n\t\t\t\t<div class=\"elementor-element elementor-element-f736486 elementor-widget elementor-widget-text-editor\" data-id=\"f736486\" data-element_type=\"widget\" data-widget_type=\"text-editor.default\">\n\t\t\t\t<div class=\"elementor-widget-container\">\n\t\t\t\t\t\t\t<p>Kirac\u0131 s\u00f6zle\u015fmeye uygun ola\u011fan kullanma dolay\u0131s\u0131yla olu\u015fan eskime ve bozulmalardan sorumlu olmay\u0131p m\u00fcnhas\u0131ran k\u00f6t\u00fc kullan\u0131m nedeniyle olu\u015fan zarar ve hasardan sorumludur. Daval\u0131n\u0131n kiralanan\u0131 kulland\u0131\u011f\u0131 s\u00fcre ve kullanma amac\u0131 g\u00f6zetildi\u011finde ola\u011fan kullan\u0131mdan kaynaklanan y\u0131pranma ve eskimelerin olaca\u011f\u0131 ku\u015fkusuzdur. O halde mahkemece al\u0131nacak bilirki\u015fi raporu ile hor kullan\u0131m nedeniyle olu\u015fan zarar ve hasar belirlenirken her bir kira s\u00f6zle\u015fmesi ve kiralanan\u0131n cinsi ve durumu ayr\u0131 ayr\u0131 de\u011ferlendirilerek yine her bir kiralanan\u0131n kullan\u0131m s\u00fcresi her bir kira s\u00f6zle\u015fmesine g\u00f6re ayr\u0131 ayr\u0131 hesaplanarak kullan\u0131m s\u00fcresi ile orant\u0131l\u0131 olarak y\u0131pranma pay\u0131n\u0131n hesap edilip alacaktan d\u00fc\u015f\u00fclmesi gerekir. Mahkemece ger\u00e7ek zarar\u0131n belirtilen \u015fekilde tespit edilerek sonucuna g\u00f6re bir karar verilmesi gerekmektedir.<\/p>\t\t\t\t\t\t<\/div>\n\t\t\t\t<\/div>\n\t\t\t\t<div class=\"elementor-element elementor-element-c63188f elementor-widget elementor-widget-text-editor\" data-id=\"c63188f\" data-element_type=\"widget\" data-widget_type=\"text-editor.default\">\n\t\t\t\t<div class=\"elementor-widget-container\">\n\t\t\t\t\t\t\t<p>Taraflar aras\u0131ndaki kira s\u00f6zle\u015fmesinden kaynaklanan alacak davas\u0131n\u0131n mahkemece yap\u0131lan yarg\u0131lamas\u0131 sonucunda, davan\u0131n k\u0131smen kabul\u00fcne dair verilen h\u00fckm\u00fcn, s\u00fcresi i\u00e7inde daval\u0131 taraf\u0131ndan temyiz edilmesi \u00fczerine; temyiz dilek\u00e7esinin kabul\u00fcne karar verildikten sonra, dosya i\u00e7erisindeki ka\u011f\u0131tlar okunup gere\u011fi d\u00fc\u015f\u00fcn\u00fcld\u00fc:<\/p>\t\t\t\t\t\t<\/div>\n\t\t\t\t<\/div>\n\t\t\t\t<div class=\"elementor-element elementor-element-05296cf elementor-widget elementor-widget-text-editor\" data-id=\"05296cf\" data-element_type=\"widget\" data-widget_type=\"text-editor.default\">\n\t\t\t\t<div class=\"elementor-widget-container\">\n\t\t\t\t\t\t\t<p>Davac\u0131, daval\u0131 ile aralar\u0131nda kira s\u00f6zle\u015fmeleri bulundu\u011funu, daval\u0131 kirac\u0131n\u0131n 03\/01\/2011 tarihinde kiralanan\u0131 tahliye etti\u011fini, daval\u0131n\u0131n kiralananlarda projeye ayk\u0131r\u0131 bir\u00e7ok de\u011fi\u015fiklikler yapt\u0131\u011f\u0131n\u0131, kira s\u00f6zle\u015fmesinde kiralanan binalardaki her t\u00fcrl\u00fc bak\u0131m, i\u015fletme, onar\u0131m ve hasar i\u015flerinin kirac\u0131 taraf\u0131ndan kar\u015f\u0131lanaca\u011f\u0131n\u0131n belirtildi\u011fi halde kirac\u0131n\u0131n hasarlar\u0131 gidermedi\u011fini, bu nedenle mahkeme arac\u0131l\u0131\u011f\u0131yla zarar miktar\u0131 ve onar\u0131m s\u00fcresinin tespit edildi\u011fini, tespit edilen hasar bedeli ile 4 ayl\u0131k onar\u0131m s\u00fcresi kira bedelinin tahsili amac\u0131yla takip ba\u015flat\u0131ld\u0131\u011f\u0131n\u0131, daval\u0131n\u0131n haks\u0131z yere takibe itiraz etti\u011fini belirterek, itiraz\u0131n iptaline karar verilmesini talep etmi\u015ftir.<\/p><p>Daval\u0131, kiralanan ta\u015f\u0131nmaz\u0131n \u0130stanbul Teknik \u00dcniversitesi \u00f6\u011fretim g\u00f6revlilerince yap\u0131lan inceleme sonucunda binaya g\u00fc\u00e7lendirme yap\u0131lmas\u0131 veya yeniden in\u015fa edilmesi gerekti\u011fi y\u00f6n\u00fcnde rapor al\u0131nd\u0131\u011f\u0131n\u0131, binalarda davac\u0131 kurumun bilgisi d\u0131\u015f\u0131nda projeye ayk\u0131r\u0131 imalatlar veya y\u0131k\u0131mlar\u0131n yap\u0131lmad\u0131\u011f\u0131n\u0131, gerekli bak\u0131m ve tadilatlar\u0131n yap\u0131ld\u0131\u011f\u0131n\u0131, dava konusu binan\u0131n deprem riski dolay\u0131s\u0131yla zorunlu olarak bo\u015falt\u0131ld\u0131\u011f\u0131n\u0131 ve binan\u0131n y\u0131k\u0131larak yeniden yap\u0131lmas\u0131 gerekti\u011fini belirterek davan\u0131n reddini dilemi\u015ftir.<\/p>\t\t\t\t\t\t<\/div>\n\t\t\t\t<\/div>\n\t\t\t\t<div class=\"elementor-element elementor-element-5305281 elementor-widget elementor-widget-text-editor\" data-id=\"5305281\" data-element_type=\"widget\" data-widget_type=\"text-editor.default\">\n\t\t\t\t<div class=\"elementor-widget-container\">\n\t\t\t\t\t\t\t<p>Mahkemece, davan\u0131n kabul\u00fcne, daval\u0131n\u0131n icra dosyas\u0131na yapm\u0131\u015f oldu\u011fu itiraz\u0131n\u0131n iptaline, takibin devam\u0131na, alacak yarg\u0131lamay\u0131 gerektirdi\u011finden davac\u0131 yarar\u0131na icra ink\u00e2r tazminat\u0131 takdirine yer olmad\u0131\u011f\u0131na karar verilmi\u015f; H\u00fckm\u00fcn taraflarca temyizi \u00fczerine Yarg\u0131tay 6. Hukuk Dairesinin tarih 2016\/2233 Esas 2016\/3110 Karar say\u0131l\u0131 ilam\u0131 ile davac\u0131 vekilinin temyiz dilek\u00e7esinin reddine, &#8220;Daval\u0131 vekilinin temyiz itirazlar\u0131n\u0131n incelenmesinde; Dosya kapsam\u0131na, toplanan delillere, mevcut deliller mahkemece takdir edilerek karar verilmi\u015f olmas\u0131na ve takdirde de bir isabetsizlik bulunmamas\u0131na g\u00f6re daval\u0131 vekilinin a\u015fa\u011f\u0131daki bendin kapsam\u0131 d\u0131\u015f\u0131nda kalan temyiz itirazlar\u0131 yerinde de\u011fildir.<\/p><p>Daval\u0131 vekilinin hor kullanma tazminat\u0131na y\u00f6nelik temyiz itirazlar\u0131na gelince; Dava tarihinde y\u00fcr\u00fcrl\u00fckte bulunan 6098 Say\u0131l\u0131 T.B.K.\u2019nun 316. maddesi (818 say\u0131l\u0131 eski B.K.\u2019nun 256. maddesi) h\u00fckm\u00fc uyar\u0131nca kirac\u0131 kiralanan\u0131 tam bir \u00f6zenle kullanmak ve ayn\u0131 kanunun 334. maddesi (818 say\u0131l\u0131 BK&#8217;nun 266.maddesi) gere\u011fince kiralanan\u0131 s\u00f6zle\u015fme sonunda ald\u0131\u011f\u0131 hali ile kiraya verene teslim etmekle y\u00fck\u00fcml\u00fcd\u00fcr. Ancak kirac\u0131 s\u00f6zle\u015fmeye uygun kullanma dolay\u0131s\u0131yla olu\u015fan eskime ve bozulmalardan sorumlu olmay\u0131p m\u00fcnhas\u0131ran k\u00f6t\u00fc kullan\u0131m nedeniyle olu\u015fan zarar ve hasardan sorumludur. &#8230; Mahkemece, bilirki\u015fi raporu dikkate al\u0131narak davan\u0131n kabul\u00fcne karar verilmi\u015fse de; H\u00fckme esas al\u0131nan tespit raporunda onar\u0131m gerektiren i\u015flerin ola\u011fan kullan\u0131mdan m\u0131 kaynakland\u0131\u011f\u0131 yoksa k\u00f6t\u00fc kullan\u0131mdan m\u0131 kaynakland\u0131\u011f\u0131 a\u00e7\u0131k \u015fekilde belirtilmemi\u015ftir. Mahkemece, bu husus \u00fczerinde durulup yeniden bilirki\u015filerden denetime elveri\u015fli rapor al\u0131narak daval\u0131 kirac\u0131n\u0131n kazan\u0131lm\u0131\u015f haklar\u0131 da dikkate al\u0131nmak suretiyle hor kullanma tazminat\u0131n\u0131n belirlenmesi gerekirken noksan ara\u015ft\u0131rma ve inceleme ile yaz\u0131l\u0131 \u015fekilde karar verilmesi do\u011fru de\u011fildir.&#8221; gerek\u00e7esiyle h\u00fckm\u00fcn bozulmas\u0131na karar verilmi\u015ftir.<\/p>\t\t\t\t\t\t<\/div>\n\t\t\t\t<\/div>\n\t\t\t\t<div class=\"elementor-element elementor-element-c412651 elementor-widget elementor-widget-text-editor\" data-id=\"c412651\" data-element_type=\"widget\" data-widget_type=\"text-editor.default\">\n\t\t\t\t<div class=\"elementor-widget-container\">\n\t\t\t\t\t\t\t<p>Mahkemece bozma ilam\u0131na uyulmak suretiyle yap\u0131lan yarg\u0131lama neticesinde, davac\u0131n\u0131n davas\u0131n\u0131n k\u0131smen kabul\u00fcne, takibin toplam 1.829.326,86 TL as\u0131l alacak miktar\u0131 \u00fczerinden ve takip tarihinden itibaren as\u0131l alaca\u011fa 3095 say\u0131l\u0131 Yasan\u0131n 1, 2\/1. Maddeleri uyar\u0131nca hesaplanacak yasal temerr\u00fct faizi ile birlikte tahsili i\u00e7in takibin devam\u0131na karar verilmi\u015f; H\u00fck\u00fcm, daval\u0131 taraf\u0131ndan temyiz edilmi\u015ftir.<\/p><p>1-) Dosya kapsam\u0131na, toplanan delillere, mevcut deliller mahkemece takdir edilerek karar verilmi\u015f olmas\u0131na ve takdirde de bir isabetsizlik bulunmamas\u0131na g\u00f6re daval\u0131n\u0131n sair temyiz itirazlar\u0131 yerinde de\u011fildir.<\/p><p>2-) Mahkemece yarg\u0131lama s\u0131ras\u0131nda al\u0131nan ve karara dayanak yap\u0131lan 27\/04\/2018 tarihli bilirki\u015fi kurulu raporu incelendi\u011finde, taraflar aras\u0131nda birden fazla kiralanana ait kira s\u00f6zle\u015fmesi bulundu\u011funa de\u011finilerek ilk kira s\u00f6zle\u015fmesinin 01\/01\/1985 tarihli oldu\u011fu, en son ise 01\/07\/2009 tarihinde otoparka ili\u015fkin kira s\u00f6zle\u015fmesinin imzaland\u0131\u011f\u0131, en eski kira s\u00f6zle\u015fmesinin y\u0131l\u0131 ile en son tarihli kira s\u00f6zle\u015fmesi y\u0131l\u0131n\u0131n toplam\u0131n\u0131n ikiye b\u00f6l\u00fcnmesi neticesinde t\u00fcm kira s\u00f6zle\u015fmelerinin ortalama ba\u015flang\u0131\u00e7 y\u0131llar\u0131n\u0131n 1997 y\u0131l\u0131 olarak kabul edildi\u011fi ve bu \u015fekilde yap\u0131lan hesaplama sonucunda 14 y\u0131ll\u0131k y\u0131pranma pay\u0131n\u0131n da % 17 oran\u0131nda olaca\u011f\u0131 belirtilerek neticeye ula\u015f\u0131ld\u0131\u011f\u0131 anla\u015f\u0131lmaktad\u0131r.<\/p><p>Taraflar aras\u0131nda akdedilen 01\/01\/1985 ba\u015flang\u0131\u00e7 tarihli ve bir y\u0131l s\u00fcreli kira s\u00f6zle\u015fmesi ile hastane olarak kullan\u0131lmak \u00fczere 3, 4, 5 ve 6 say\u0131l\u0131 4 b\u00f6l\u00fcm blok halindeki binalar\u0131n, 12\/12\/1993 ba\u015flang\u0131\u00e7 tarihli ve be\u015f y\u0131l s\u00fcreli kira s\u00f6zle\u015fmesi ile 2 bodrum ve 5 normal katl\u0131 binan\u0131n, 15\/01\/1996 ba\u015flang\u0131\u00e7 tarihli ve 1 y\u0131l s\u00fcreli kira s\u00f6zle\u015fmesi ile 2. blokun bodrum kat\u0131ndaki 1, 2, 3, 4, 5 ve 10 numaral\u0131 odalar\u0131n, 01\/01\/1996 ba\u015flang\u0131\u00e7 tarihli ve bir y\u0131l s\u00fcreli kira s\u00f6zle\u015fmesi ile 6. blokun 1. bodrum kat\u0131n\u0131n , 01\/01\/1996 ba\u015flang\u0131\u00e7 tarihli ve bir y\u0131l s\u00fcreli di\u011fer kira s\u00f6zle\u015fmesi ile 860 m\u00b2 barakan\u0131n, 01\/01\/1997 ba\u015flang\u0131\u00e7 tarihli ve 12 ay s\u00fcreli kira s\u00f6zle\u015fmesi ile 452 m\u00b2 radyoterapi makine odalar\u0131n\u0131n, 01\/03\/2000 ba\u015flang\u0131\u00e7 tarihli ve bir y\u0131l s\u00fcreli kira s\u00f6zle\u015fmesi ile k\u00fct\u00fcphane, konferans salonu ve kemoterapi merkezi alan\u0131n\u0131n kiraland\u0131\u011f\u0131 hususunda uyu\u015fmazl\u0131k bulunmamaktad\u0131r.<\/p><p>6098 say\u0131l\u0131 T.B.K.nun 316. (B.K.nun 256) maddesi h\u00fckm\u00fc uyar\u0131nca kirac\u0131 kiralanan\u0131 tam bir \u00f6zenle kullanmak ve ayn\u0131 kanunun 334. (B.K.nun 266) maddesi gere\u011fince s\u00f6zle\u015fme sonunda ald\u0131\u011f\u0131 hali ile kiralayana teslim etmekle y\u00fck\u00fcml\u00fcd\u00fcr. Ancak kirac\u0131 s\u00f6zle\u015fmeye uygun ola\u011fan kullanma dolay\u0131s\u0131yla olu\u015fan eskime ve bozulmalardan sorumlu olmay\u0131p m\u00fcnhas\u0131ran k\u00f6t\u00fc kullan\u0131m nedeniyle olu\u015fan zarar ve hasardan sorumludur. Daval\u0131n\u0131n kiralanan\u0131 kulland\u0131\u011f\u0131 s\u00fcre ve kullanma amac\u0131 g\u00f6zetildi\u011finde ola\u011fan kullan\u0131mdan kaynaklanan y\u0131pranma ve eskimelerin olaca\u011f\u0131 ku\u015fkusuzdur. O halde mahkemece al\u0131nacak bilirki\u015fi raporu ile hor kullan\u0131m nedeniyle olu\u015fan zarar ve hasar belirlenirken her bir kira s\u00f6zle\u015fmesi ve kiralanan\u0131n cinsi ve durumu ayr\u0131 ayr\u0131 de\u011ferlendirilerek yine her bir kiralanan\u0131n kullan\u0131m s\u00fcresi her bir kira s\u00f6zle\u015fmesine g\u00f6re ayr\u0131 ayr\u0131 hesaplanarak kullan\u0131m s\u00fcresi ile orant\u0131l\u0131 olarak y\u0131pranma pay\u0131n\u0131n hesap edilip alacaktan d\u00fc\u015f\u00fclmesi gerekir.<\/p><p>Mahkemece ger\u00e7ek zarar\u0131n belirtilen \u015fekilde tespit edilerek sonucuna g\u00f6re bir karar verilmesi gerekirken kira s\u00f6zle\u015fmelerinin y\u0131l ortalamas\u0131n\u0131n al\u0131nmas\u0131 suretiyle hatal\u0131 hesaplama yap\u0131lan bilirki\u015fi raporuna dayal\u0131 olarak yaz\u0131l\u0131 \u015fekilde karar verilmesi do\u011fru g\u00f6r\u00fclmemi\u015f bozmay\u0131 gerektirmi\u015ftir.<\/p>\t\t\t\t\t\t<\/div>\n\t\t\t\t<\/div>\n\t\t\t\t<div class=\"elementor-element elementor-element-1792ccc elementor-widget elementor-widget-heading\" data-id=\"1792ccc\" data-element_type=\"widget\" data-widget_type=\"heading.default\">\n\t\t\t\t<div class=\"elementor-widget-container\">\n\t\t\t<h4 class=\"elementor-heading-title elementor-size-default\"><b>SONU\u00c7: <\/b><\/h4>\t\t<\/div>\n\t\t\t\t<\/div>\n\t\t\t\t<div class=\"elementor-element elementor-element-d44cc22 elementor-widget elementor-widget-text-editor\" data-id=\"d44cc22\" data-element_type=\"widget\" data-widget_type=\"text-editor.default\">\n\t\t\t\t<div class=\"elementor-widget-container\">\n\t\t\t\t\t\t\t<p>Yukar\u0131da birinci bentte a\u00e7\u0131klanan nedenlerle daval\u0131n\u0131n sair temyiz itirazlar\u0131n\u0131n reddine, ikinci bentte a\u00e7\u0131klanan nedenlerle h\u00fckm\u00fcn HUMK&#8217;nun 428. maddesi gere\u011fince daval\u0131 yarar\u0131na BOZULMASINA, pe\u015fin al\u0131nan temyiz harc\u0131n\u0131n istek halinde temyiz edene iadesine, 6100 say\u0131l\u0131 HMK&#8217;n\u0131n Ge\u00e7ici Madde 3 atf\u0131yla 1086 say\u0131l\u0131 HUMK&#8217;n\u0131n 440. maddesi gere\u011fince karar\u0131n tebli\u011finden itibaren 15 g\u00fcnl\u00fck s\u00fcre i\u00e7inde karar d\u00fczeltme yolu a\u00e7\u0131k olmak \u00fczere, 15\/01\/2020 g\u00fcn\u00fcnde oy birli\u011fi ile karar verildi.<\/p>\t\t\t\t\t\t<\/div>\n\t\t\t\t<\/div>\n\t\t\t\t\t<\/div>\n\t\t<\/div>\n\t\t\t\t\t<\/div>\n\t\t<\/section>\n\t\t\t\t<section class=\"elementor-section elementor-top-section elementor-element elementor-element-f371e5c elementor-section-boxed elementor-section-height-default elementor-section-height-default\" data-id=\"f371e5c\" data-element_type=\"section\">\n\t\t\t\t\t\t<div class=\"elementor-container elementor-column-gap-default\">\n\t\t\t\t\t<div class=\"elementor-column elementor-col-100 elementor-top-column elementor-element elementor-element-7b54853\" data-id=\"7b54853\" data-element_type=\"column\">\n\t\t\t<div class=\"elementor-widget-wrap\">\n\t\t\t\t\t\t\t<\/div>\n\t\t<\/div>\n\t\t\t\t\t<\/div>\n\t\t<\/section>\n\t\t\t\t<\/div>","protected":false},"excerpt":{"rendered":"<p>Kirac\u0131;<\/p>\n<p>Ola\u011fan Kullan\u0131mlardan Olu\u015fan,<\/p>\n<p>Eskime Ve Bozulmalardan<\/p>\n<p>Sorumlu De\u011fildir.<\/p>","protected":false},"author":5,"featured_media":0,"comment_status":"open","ping_status":"open","sticky":false,"template":"","format":"standard","meta":{"footnotes":""},"categories":[871,634],"tags":[1000],"yoast_head":"<!-- This site is optimized with the Yoast SEO plugin v22.8 - https:\/\/yoast.com\/wordpress\/plugins\/seo\/ -->\n<title>Yarg\u0131tay 3.HD., E.2019\/5552, K.2020\/206; - Kur&ccedil;alo\u011flu Hukuk &amp; Partners<\/title>\n<meta name=\"robots\" content=\"index, follow, max-snippet:-1, max-image-preview:large, max-video-preview:-1\" \/>\n<link rel=\"canonical\" href=\"https:\/\/kurcaloglu.com\/fr\/yargitay-3-hd-e-2019-5552-k-2020-206\/\" \/>\n<meta property=\"og:locale\" content=\"fr_FR\" \/>\n<meta property=\"og:type\" content=\"article\" \/>\n<meta property=\"og:title\" content=\"Yarg\u0131tay 3.HD., E.2019\/5552, K.2020\/206; - Kur&ccedil;alo\u011flu Hukuk &amp; Partners\" \/>\n<meta property=\"og:description\" content=\"Kirac\u0131; Ola\u011fan Kullan\u0131mlardan Olu\u015fan, Eskime Ve Bozulmalardan Sorumlu De\u011fildir.\" \/>\n<meta property=\"og:url\" content=\"https:\/\/kurcaloglu.com\/fr\/yargitay-3-hd-e-2019-5552-k-2020-206\/\" \/>\n<meta property=\"og:site_name\" content=\"Kur&ccedil;alo\u011flu Hukuk &amp; Partners\" \/>\n<meta property=\"article:publisher\" content=\"https:\/\/www.facebook.com\/profile.php?id=100090344741598\" \/>\n<meta property=\"article:published_time\" content=\"2023-03-29T09:36:58+00:00\" \/>\n<meta property=\"article:modified_time\" content=\"2023-04-23T13:47:48+00:00\" \/>\n<meta property=\"og:image\" content=\"https:\/\/kurcaloglu.com\/wp-content\/uploads\/2022\/10\/Yargitay_logo.png\" \/>\n<meta name=\"author\" content=\"yonetici\" \/>\n<meta name=\"twitter:card\" content=\"summary_large_image\" \/>\n<meta name=\"twitter:creator\" content=\"@KurcalogluHukuk\" \/>\n<meta name=\"twitter:site\" content=\"@KurcalogluHukuk\" \/>\n<meta name=\"twitter:label1\" content=\"\u00c9crit par\" \/>\n\t<meta name=\"twitter:data1\" content=\"yonetici\" \/>\n\t<meta name=\"twitter:label2\" content=\"Dur\u00e9e de lecture estim\u00e9e\" \/>\n\t<meta name=\"twitter:data2\" content=\"8 minutes\" \/>\n<script type=\"application\/ld+json\" class=\"yoast-schema-graph\">{\"@context\":\"https:\/\/schema.org\",\"@graph\":[{\"@type\":\"Article\",\"@id\":\"https:\/\/kurcaloglu.com\/yargitay-3-hd-e-2019-5552-k-2020-206\/#article\",\"isPartOf\":{\"@id\":\"https:\/\/kurcaloglu.com\/yargitay-3-hd-e-2019-5552-k-2020-206\/\"},\"author\":{\"name\":\"yonetici\",\"@id\":\"https:\/\/kurcaloglu.com\/#\/schema\/person\/78eef26bafa474c8849ea63d8d134a73\"},\"headline\":\"Yarg\u0131tay 3.HD., E.2019\/5552, K.2020\/206;\",\"datePublished\":\"2023-03-29T09:36:58+00:00\",\"dateModified\":\"2023-04-23T13:47:48+00:00\",\"mainEntityOfPage\":{\"@id\":\"https:\/\/kurcaloglu.com\/yargitay-3-hd-e-2019-5552-k-2020-206\/\"},\"wordCount\":1654,\"commentCount\":0,\"publisher\":{\"@id\":\"https:\/\/kurcaloglu.com\/#organization\"},\"image\":{\"@id\":\"https:\/\/kurcaloglu.com\/yargitay-3-hd-e-2019-5552-k-2020-206\/#primaryimage\"},\"thumbnailUrl\":\"https:\/\/kurcaloglu.com\/wp-content\/uploads\/2022\/10\/Yargitay_logo.png\",\"keywords\":[\"Yarg\u0131tay 3.HD E.2019\/5552 K.2020\/206\"],\"articleSection\":[\"Yarg\u0131tay B\u00fct\u00fcn Kategoriler\",\"Yarg\u0131tay Kararlar\u0131\"],\"inLanguage\":\"fr-FR\",\"potentialAction\":[{\"@type\":\"CommentAction\",\"name\":\"Comment\",\"target\":[\"https:\/\/kurcaloglu.com\/yargitay-3-hd-e-2019-5552-k-2020-206\/#respond\"]}]},{\"@type\":\"WebPage\",\"@id\":\"https:\/\/kurcaloglu.com\/yargitay-3-hd-e-2019-5552-k-2020-206\/\",\"url\":\"https:\/\/kurcaloglu.com\/yargitay-3-hd-e-2019-5552-k-2020-206\/\",\"name\":\"Yarg\u0131tay 3.HD., E.2019\/5552, K.2020\/206; - Kur&ccedil;alo\u011flu Hukuk &amp; Partners\",\"isPartOf\":{\"@id\":\"https:\/\/kurcaloglu.com\/#website\"},\"primaryImageOfPage\":{\"@id\":\"https:\/\/kurcaloglu.com\/yargitay-3-hd-e-2019-5552-k-2020-206\/#primaryimage\"},\"image\":{\"@id\":\"https:\/\/kurcaloglu.com\/yargitay-3-hd-e-2019-5552-k-2020-206\/#primaryimage\"},\"thumbnailUrl\":\"https:\/\/kurcaloglu.com\/wp-content\/uploads\/2022\/10\/Yargitay_logo.png\",\"datePublished\":\"2023-03-29T09:36:58+00:00\",\"dateModified\":\"2023-04-23T13:47:48+00:00\",\"breadcrumb\":{\"@id\":\"https:\/\/kurcaloglu.com\/yargitay-3-hd-e-2019-5552-k-2020-206\/#breadcrumb\"},\"inLanguage\":\"fr-FR\",\"potentialAction\":[{\"@type\":\"ReadAction\",\"target\":[\"https:\/\/kurcaloglu.com\/yargitay-3-hd-e-2019-5552-k-2020-206\/\"]}]},{\"@type\":\"ImageObject\",\"inLanguage\":\"fr-FR\",\"@id\":\"https:\/\/kurcaloglu.com\/yargitay-3-hd-e-2019-5552-k-2020-206\/#primaryimage\",\"url\":\"https:\/\/kurcaloglu.com\/wp-content\/uploads\/2022\/10\/Yargitay_logo.png\",\"contentUrl\":\"https:\/\/kurcaloglu.com\/wp-content\/uploads\/2022\/10\/Yargitay_logo.png\"},{\"@type\":\"BreadcrumbList\",\"@id\":\"https:\/\/kurcaloglu.com\/yargitay-3-hd-e-2019-5552-k-2020-206\/#breadcrumb\",\"itemListElement\":[{\"@type\":\"ListItem\",\"position\":1,\"name\":\"Anasayfa\",\"item\":\"https:\/\/kurcaloglu.com\/\"},{\"@type\":\"ListItem\",\"position\":2,\"name\":\"Yarg\u0131tay 3.HD., E.2019\/5552, K.2020\/206;\"}]},{\"@type\":\"WebSite\",\"@id\":\"https:\/\/kurcaloglu.com\/#website\",\"url\":\"https:\/\/kurcaloglu.com\/\",\"name\":\"Kur\u00e7alo\u011flu Hukuk & Partners\",\"description\":\"Ceza hukuku- \u0130cra iflas hukuku, Miras hukuku, Bo\u015fanma hukuk, \u0130\u015f hukuku\",\"publisher\":{\"@id\":\"https:\/\/kurcaloglu.com\/#organization\"},\"alternateName\":\"Kur\u00e7alo\u011flu Hukuk & Partners\",\"potentialAction\":[{\"@type\":\"SearchAction\",\"target\":{\"@type\":\"EntryPoint\",\"urlTemplate\":\"https:\/\/kurcaloglu.com\/?s={search_term_string}\"},\"query-input\":\"required name=search_term_string\"}],\"inLanguage\":\"fr-FR\"},{\"@type\":\"Organization\",\"@id\":\"https:\/\/kurcaloglu.com\/#organization\",\"name\":\"Kur\u00e7alo\u011flu Hukuk & Partners\",\"alternateName\":\"Kur\u00e7alo\u011flu Hukuk & Partners\",\"url\":\"https:\/\/kurcaloglu.com\/\",\"logo\":{\"@type\":\"ImageObject\",\"inLanguage\":\"fr-FR\",\"@id\":\"https:\/\/kurcaloglu.com\/#\/schema\/logo\/image\/\",\"url\":\"https:\/\/kurcaloglu.com\/wp-content\/uploads\/2022\/04\/cropped-cropped-cropped-Adsiz-tasarim-1-2-1.png\",\"contentUrl\":\"https:\/\/kurcaloglu.com\/wp-content\/uploads\/2022\/04\/cropped-cropped-cropped-Adsiz-tasarim-1-2-1.png\",\"width\":245,\"height\":65,\"caption\":\"Kur\u00e7alo\u011flu Hukuk & Partners\"},\"image\":{\"@id\":\"https:\/\/kurcaloglu.com\/#\/schema\/logo\/image\/\"},\"sameAs\":[\"https:\/\/www.facebook.com\/profile.php?id=100090344741598\",\"https:\/\/x.com\/KurcalogluHukuk\",\"https:\/\/www.facebook.com\/kurcalogluhukuk&partners\",\"https:\/\/www.instagram.com\/kurcalogluhukuk&Partners\/?hl=tr\"]},{\"@type\":\"Person\",\"@id\":\"https:\/\/kurcaloglu.com\/#\/schema\/person\/78eef26bafa474c8849ea63d8d134a73\",\"name\":\"yonetici\",\"image\":{\"@type\":\"ImageObject\",\"inLanguage\":\"fr-FR\",\"@id\":\"https:\/\/kurcaloglu.com\/#\/schema\/person\/image\/\",\"url\":\"https:\/\/secure.gravatar.com\/avatar\/f68125d39bb4d188b1d3809afbe0c714?s=96&d=mm&r=g\",\"contentUrl\":\"https:\/\/secure.gravatar.com\/avatar\/f68125d39bb4d188b1d3809afbe0c714?s=96&d=mm&r=g\",\"caption\":\"yonetici\"},\"url\":\"https:\/\/kurcaloglu.com\/fr\/author\/yonetici\/\"}]}<\/script>\n<!-- \/ Yoast SEO plugin. -->","yoast_head_json":{"title":"Yarg\u0131tay 3.HD., E.2019\/5552, K.2020\/206; - Kur&ccedil;alo\u011flu Hukuk &amp; Partners","robots":{"index":"index","follow":"follow","max-snippet":"max-snippet:-1","max-image-preview":"max-image-preview:large","max-video-preview":"max-video-preview:-1"},"canonical":"https:\/\/kurcaloglu.com\/fr\/yargitay-3-hd-e-2019-5552-k-2020-206\/","og_locale":"fr_FR","og_type":"article","og_title":"Yarg\u0131tay 3.HD., E.2019\/5552, K.2020\/206; - Kur&ccedil;alo\u011flu Hukuk &amp; Partners","og_description":"Kirac\u0131; Ola\u011fan Kullan\u0131mlardan Olu\u015fan, Eskime Ve Bozulmalardan Sorumlu De\u011fildir.","og_url":"https:\/\/kurcaloglu.com\/fr\/yargitay-3-hd-e-2019-5552-k-2020-206\/","og_site_name":"Kur&ccedil;alo\u011flu Hukuk &amp; Partners","article_publisher":"https:\/\/www.facebook.com\/profile.php?id=100090344741598","article_published_time":"2023-03-29T09:36:58+00:00","article_modified_time":"2023-04-23T13:47:48+00:00","og_image":[{"url":"https:\/\/kurcaloglu.com\/wp-content\/uploads\/2022\/10\/Yargitay_logo.png"}],"author":"yonetici","twitter_card":"summary_large_image","twitter_creator":"@KurcalogluHukuk","twitter_site":"@KurcalogluHukuk","twitter_misc":{"\u00c9crit par":"yonetici","Dur\u00e9e de lecture estim\u00e9e":"8 minutes"},"schema":{"@context":"https:\/\/schema.org","@graph":[{"@type":"Article","@id":"https:\/\/kurcaloglu.com\/yargitay-3-hd-e-2019-5552-k-2020-206\/#article","isPartOf":{"@id":"https:\/\/kurcaloglu.com\/yargitay-3-hd-e-2019-5552-k-2020-206\/"},"author":{"name":"yonetici","@id":"https:\/\/kurcaloglu.com\/#\/schema\/person\/78eef26bafa474c8849ea63d8d134a73"},"headline":"Yarg\u0131tay 3.HD., E.2019\/5552, K.2020\/206;","datePublished":"2023-03-29T09:36:58+00:00","dateModified":"2023-04-23T13:47:48+00:00","mainEntityOfPage":{"@id":"https:\/\/kurcaloglu.com\/yargitay-3-hd-e-2019-5552-k-2020-206\/"},"wordCount":1654,"commentCount":0,"publisher":{"@id":"https:\/\/kurcaloglu.com\/#organization"},"image":{"@id":"https:\/\/kurcaloglu.com\/yargitay-3-hd-e-2019-5552-k-2020-206\/#primaryimage"},"thumbnailUrl":"https:\/\/kurcaloglu.com\/wp-content\/uploads\/2022\/10\/Yargitay_logo.png","keywords":["Yarg\u0131tay 3.HD E.2019\/5552 K.2020\/206"],"articleSection":["Yarg\u0131tay B\u00fct\u00fcn Kategoriler","Yarg\u0131tay Kararlar\u0131"],"inLanguage":"fr-FR","potentialAction":[{"@type":"CommentAction","name":"Comment","target":["https:\/\/kurcaloglu.com\/yargitay-3-hd-e-2019-5552-k-2020-206\/#respond"]}]},{"@type":"WebPage","@id":"https:\/\/kurcaloglu.com\/yargitay-3-hd-e-2019-5552-k-2020-206\/","url":"https:\/\/kurcaloglu.com\/yargitay-3-hd-e-2019-5552-k-2020-206\/","name":"Yarg\u0131tay 3.HD., E.2019\/5552, K.2020\/206; - Kur&ccedil;alo\u011flu Hukuk &amp; Partners","isPartOf":{"@id":"https:\/\/kurcaloglu.com\/#website"},"primaryImageOfPage":{"@id":"https:\/\/kurcaloglu.com\/yargitay-3-hd-e-2019-5552-k-2020-206\/#primaryimage"},"image":{"@id":"https:\/\/kurcaloglu.com\/yargitay-3-hd-e-2019-5552-k-2020-206\/#primaryimage"},"thumbnailUrl":"https:\/\/kurcaloglu.com\/wp-content\/uploads\/2022\/10\/Yargitay_logo.png","datePublished":"2023-03-29T09:36:58+00:00","dateModified":"2023-04-23T13:47:48+00:00","breadcrumb":{"@id":"https:\/\/kurcaloglu.com\/yargitay-3-hd-e-2019-5552-k-2020-206\/#breadcrumb"},"inLanguage":"fr-FR","potentialAction":[{"@type":"ReadAction","target":["https:\/\/kurcaloglu.com\/yargitay-3-hd-e-2019-5552-k-2020-206\/"]}]},{"@type":"ImageObject","inLanguage":"fr-FR","@id":"https:\/\/kurcaloglu.com\/yargitay-3-hd-e-2019-5552-k-2020-206\/#primaryimage","url":"https:\/\/kurcaloglu.com\/wp-content\/uploads\/2022\/10\/Yargitay_logo.png","contentUrl":"https:\/\/kurcaloglu.com\/wp-content\/uploads\/2022\/10\/Yargitay_logo.png"},{"@type":"BreadcrumbList","@id":"https:\/\/kurcaloglu.com\/yargitay-3-hd-e-2019-5552-k-2020-206\/#breadcrumb","itemListElement":[{"@type":"ListItem","position":1,"name":"Anasayfa","item":"https:\/\/kurcaloglu.com\/"},{"@type":"ListItem","position":2,"name":"Yarg\u0131tay 3.HD., E.2019\/5552, K.2020\/206;"}]},{"@type":"WebSite","@id":"https:\/\/kurcaloglu.com\/#website","url":"https:\/\/kurcaloglu.com\/","name":"Kur\u00e7alo\u011flu Hukuk & Partners","description":"Ceza hukuku- \u0130cra iflas hukuku, Miras hukuku, Bo\u015fanma hukuk, \u0130\u015f hukuku","publisher":{"@id":"https:\/\/kurcaloglu.com\/#organization"},"alternateName":"Kur\u00e7alo\u011flu Hukuk & Partners","potentialAction":[{"@type":"SearchAction","target":{"@type":"EntryPoint","urlTemplate":"https:\/\/kurcaloglu.com\/?s={search_term_string}"},"query-input":"required name=search_term_string"}],"inLanguage":"fr-FR"},{"@type":"Organization","@id":"https:\/\/kurcaloglu.com\/#organization","name":"Kur\u00e7alo\u011flu Hukuk & Partners","alternateName":"Kur\u00e7alo\u011flu Hukuk & Partners","url":"https:\/\/kurcaloglu.com\/","logo":{"@type":"ImageObject","inLanguage":"fr-FR","@id":"https:\/\/kurcaloglu.com\/#\/schema\/logo\/image\/","url":"https:\/\/kurcaloglu.com\/wp-content\/uploads\/2022\/04\/cropped-cropped-cropped-Adsiz-tasarim-1-2-1.png","contentUrl":"https:\/\/kurcaloglu.com\/wp-content\/uploads\/2022\/04\/cropped-cropped-cropped-Adsiz-tasarim-1-2-1.png","width":245,"height":65,"caption":"Kur\u00e7alo\u011flu Hukuk & Partners"},"image":{"@id":"https:\/\/kurcaloglu.com\/#\/schema\/logo\/image\/"},"sameAs":["https:\/\/www.facebook.com\/profile.php?id=100090344741598","https:\/\/x.com\/KurcalogluHukuk","https:\/\/www.facebook.com\/kurcalogluhukuk&partners","https:\/\/www.instagram.com\/kurcalogluhukuk&Partners\/?hl=tr"]},{"@type":"Person","@id":"https:\/\/kurcaloglu.com\/#\/schema\/person\/78eef26bafa474c8849ea63d8d134a73","name":"yonetici","image":{"@type":"ImageObject","inLanguage":"fr-FR","@id":"https:\/\/kurcaloglu.com\/#\/schema\/person\/image\/","url":"https:\/\/secure.gravatar.com\/avatar\/f68125d39bb4d188b1d3809afbe0c714?s=96&d=mm&r=g","contentUrl":"https:\/\/secure.gravatar.com\/avatar\/f68125d39bb4d188b1d3809afbe0c714?s=96&d=mm&r=g","caption":"yonetici"},"url":"https:\/\/kurcaloglu.com\/fr\/author\/yonetici\/"}]}},"_links":{"self":[{"href":"https:\/\/kurcaloglu.com\/fr\/wp-json\/wp\/v2\/posts\/15467"}],"collection":[{"href":"https:\/\/kurcaloglu.com\/fr\/wp-json\/wp\/v2\/posts"}],"about":[{"href":"https:\/\/kurcaloglu.com\/fr\/wp-json\/wp\/v2\/types\/post"}],"author":[{"embeddable":true,"href":"https:\/\/kurcaloglu.com\/fr\/wp-json\/wp\/v2\/users\/5"}],"replies":[{"embeddable":true,"href":"https:\/\/kurcaloglu.com\/fr\/wp-json\/wp\/v2\/comments?post=15467"}],"version-history":[{"count":17,"href":"https:\/\/kurcaloglu.com\/fr\/wp-json\/wp\/v2\/posts\/15467\/revisions"}],"predecessor-version":[{"id":16574,"href":"https:\/\/kurcaloglu.com\/fr\/wp-json\/wp\/v2\/posts\/15467\/revisions\/16574"}],"wp:attachment":[{"href":"https:\/\/kurcaloglu.com\/fr\/wp-json\/wp\/v2\/media?parent=15467"}],"wp:term":[{"taxonomy":"category","embeddable":true,"href":"https:\/\/kurcaloglu.com\/fr\/wp-json\/wp\/v2\/categories?post=15467"},{"taxonomy":"post_tag","embeddable":true,"href":"https:\/\/kurcaloglu.com\/fr\/wp-json\/wp\/v2\/tags?post=15467"}],"curies":[{"name":"wp","href":"https:\/\/api.w.org\/{rel}","templated":true}]}}